{"id":9093,"date":"2025-02-05T15:27:15","date_gmt":"2025-02-05T18:27:15","guid":{"rendered":"https:\/\/click-delphi.com.br\/noticia2025\/vitor-roque-ja-tem-data-para-acertar-com-gigante-do-brasileirao\/"},"modified":"2025-02-05T15:27:33","modified_gmt":"2025-02-05T18:27:33","slug":"vitor-roque-ja-tem-data-para-acertar-com-gigante-do-brasileirao","status":"publish","type":"post","link":"https:\/\/csimaster.com\/noticia2025\/vitor-roque-ja-tem-data-para-acertar-com-gigante-do-brasileirao\/","title":{"rendered":"Vitor Roque j\u00e1 tem data para acertar com gigante do Brasileir\u00e3o"},"content":{"rendered":"<div standalone publisher=\"Um Dois Esportes: Not\u00edcias do esporte paranaense e brasileiro\" publisher-logo-src=\"https:\/\/www.umdoisesportes.com.br\/media\/umdoisesportes\/2023\/07\/10160706\/UmDois-logo.jpg\" title=\"Vitor Roque j\u00e1 tem data para acertar com gigante do Brasileir\u00e3o\" poster-portrait-src=\"https:\/\/www.umdoisesportes.com.br\/media\/umdoisesportes\/2025\/02\/05115238\/vitor-roque-define-prazo-acertar-gigante-brasileirao.jpg\" i-amphtml-layout=\"container\"><\/amp-story-grid-layer><\/amp-story-grid-layer><\/amp-story-page><\/amp-story-grid-layer><\/p>\n<div>\n<p><span><span>A contrata\u00e7\u00e3o de um centroavante \u00e9 assunto no <\/span><span>Palmeiras<\/span><span> desde o come\u00e7o do ano, mas dois fatores permitem que a diretoria busque um novo camisa 9 apenas no meio do ano.\u00a0<\/span><\/span><\/p>\n<\/div>\n<p><\/amp-story-grid-layer><\/amp-story-page><\/amp-story-grid-layer><\/p>\n<div>\n<p><span><span>A primeira &#8220;solu\u00e7\u00e3o&#8221; veio da base. <\/span><span>Thalys<\/span><span> foi promovido ao time profissional ap\u00f3s dois jogos na Copinha. Ele j\u00e1 tem <\/span><span>seis jogos e dois gols<\/span><span> pelo time de cima.\u00a0<\/span><\/span><\/p>\n<\/div>\n<p><\/amp-story-grid-layer><\/amp-story-page><\/amp-story-grid-layer><\/amp-story-grid-layer><\/amp-story-page><\/amp-story-grid-layer><\/p>\n<div>\n<p><span><span>Mesmo assim, o sonho por um novo centroavante \u00e9 real, mas a <\/span><span>diretoria ainda n\u00e3o tem um alvo definido<\/span><span>. Um dos sondados \u00e9 Vitor Roque, do Betis.\u00a0<\/span><\/span><\/p>\n<\/div>\n<p><\/amp-story-grid-layer><\/amp-story-page><\/amp-story-grid-layer><\/p>\n<div>\n<div>\n<p id=\"el-32f746af-014b-42a8-869c-fff0959802a6\">\n<h2><span><span>Veja tamb\u00e9m<\/span><\/span><\/h2>\n<\/p>\n<\/div>\n<div id=\"anim-656e7c51-554c-418f-8fbc-ef4c852143a7\">\n<p id=\"el-2bcfa6f9-1bbf-4c76-8855-c71ffbcefc9c\">\n<h3><span><span>Vitor Roque &#8220;perde o sono&#8221; com refor\u00e7o de sele\u00e7\u00e3o no Betis<\/span><\/span><\/h3>\n<\/p>\n<\/div>\n<\/div>\n<p><\/amp-story-grid-layer><\/amp-story-page><\/amp-story-grid-layer><\/p>\n<div>\n<p><span><span>A diretoria ouviu dos representantes do atleta que um <\/span><span>neg\u00f3cio pode acontecer no final da temporada<\/span><span> europeia, justamente na janela extra para o Super Mundial, em junho.\u00a0<\/span><\/span><\/p>\n<\/div>\n<p><\/amp-story-grid-layer><\/amp-story-page><\/amp-story-grid-layer><\/p>\n<div>\n<p><span><span>&#8220;A presidente Leila ligou para os representantes do <\/span><span>Vitor Roque <\/span><span>e ouviu que pode ser no final da temporada europeia, ou seja, antes do Super Mundial&#8221;, diz o jornalista Andr\u00e9 Hernan, do UOL.\u00a0<\/span><\/span><\/p>\n<\/div>\n<p><\/amp-story-grid-layer><\/amp-story-page><\/amp-story-grid-layer><\/p>\n<div>\n<p><span><span>Rumores ligaram <\/span><span>Roberto Firmino<\/span><span>, do Al Ahli, ao Palmeiras, mas n\u00e3o h\u00e1 nada. Foram apenas rumores. Alex Arce, da LDU, <\/span><span>tamb\u00e9m segue na mira.\u00a0<\/span><\/span><\/p>\n<\/div>\n<p><\/amp-story-grid-layer><\/amp-story-page><\/amp-story-grid-layer><\/p>\n<div>\n<div>\n<p id=\"el-ba1fb7fd-cafb-4da9-bf0c-fa4ab67b2ace\">\n<h2><span><span>Veja tamb\u00e9m<\/span><\/span><\/h2>\n<\/p>\n<\/div>\n<div id=\"anim-11cf2da6-835a-4adf-947d-0fbb6044594e\">\n<p id=\"el-5a23696c-1b8d-404f-b322-6e00a69abf66\">\n<h3><span><span>Guardiola mira volante dispensado pelo Barcelona<\/span><\/span><\/h3>\n<\/p>\n<\/div>\n<\/div>\n<p><\/amp-story-grid-layer><\/amp-story-page><\/amp-story-grid-layer><\/amp-story-grid-layer><\/amp-story-page><\/amp-story-grid-layer><\/amp-story-grid-layer><\/amp-story-page><\/amp-story-grid-layer><\/p>\n<div>\n<div>\n<p id=\"el-5d1a6b8e-bcd5-4d92-855a-7532ac878655\">\n<h2><span><span>Cr\u00e9ditos<\/span>  <\/span><\/h2>\n<\/p>\n<\/div>\n<div>\n<p id=\"el-057b2976-d393-49a6-bf3a-292131e7ac19\">\n<h2><span><span>Texto<\/span> Folhapress. <span>Edi\u00e7\u00e3o<\/span> Julio Filho. <span>Fotos\u00a0<\/span> IconSport.<\/span><\/h2>\n<\/p>\n<\/div>\n<\/div>\n<p><\/amp-story-grid-layer><\/amp-story-page>\t\t<\/amp-story-auto-analytics> \t\t<\/amp-story-auto-analytics><\/amp-story-auto-analytics><\/amp-analytics><\/div>\n","protected":false},"excerpt":{"rendered":"<p>A contrata\u00e7\u00e3o de um centroavante \u00e9 assunto no Palmeiras desde o come\u00e7o do ano, mas dois fatores permitem que a diretoria busque&hellip;<\/p>\n","protected":false},"author":1,"featured_media":9094,"comment_status":"closed","ping_status":"closed","sticky":false,"template":"","format":"standard","meta":{"_lmt_disableupdate":"","_lmt_disable":"","footnotes":""},"categories":[8],"tags":[],"class_list":["post-9093","post","type-post","status-publish","format-standard","has-post-thumbnail","hentry","category-esportes"],"_links":{"self":[{"href":"https:\/\/csimaster.com\/noticia2025\/wp-json\/wp\/v2\/posts\/9093","targetHints":{"allow":["GET"]}}],"collection":[{"href":"https:\/\/csimaster.com\/noticia2025\/wp-json\/wp\/v2\/posts"}],"about":[{"href":"https:\/\/csimaster.com\/noticia2025\/wp-json\/wp\/v2\/types\/post"}],"author":[{"embeddable":true,"href":"https:\/\/csimaster.com\/noticia2025\/wp-json\/wp\/v2\/users\/1"}],"replies":[{"embeddable":true,"href":"https:\/\/csimaster.com\/noticia2025\/wp-json\/wp\/v2\/comments?post=9093"}],"version-history":[{"count":0,"href":"https:\/\/csimaster.com\/noticia2025\/wp-json\/wp\/v2\/posts\/9093\/revisions"}],"wp:featuredmedia":[{"embeddable":true,"href":"https:\/\/csimaster.com\/noticia2025\/wp-json\/wp\/v2\/media\/9094"}],"wp:attachment":[{"href":"https:\/\/csimaster.com\/noticia2025\/wp-json\/wp\/v2\/media?parent=9093"}],"wp:term":[{"taxonomy":"category","embeddable":true,"href":"https:\/\/csimaster.com\/noticia2025\/wp-json\/wp\/v2\/categories?post=9093"},{"taxonomy":"post_tag","embeddable":true,"href":"https:\/\/csimaster.com\/noticia2025\/wp-json\/wp\/v2\/tags?post=9093"}],"curies":[{"name":"wp","href":"https:\/\/api.w.org\/{rel}","templated":true}]}}