{"id":26512,"date":"2026-09-05T00:30:52","date_gmt":"2026-09-05T03:30:52","guid":{"rendered":"https:\/\/csimaster.com\/noticia2025\/moda-do-cabelo-curto-com-ia-pratica-pode-ocasionar-em-processo-e-multa\/"},"modified":"2026-09-05T00:30:55","modified_gmt":"2026-09-05T03:30:55","slug":"moda-do-cabelo-curto-com-ia-pratica-pode-ocasionar-em-processo-e-multa","status":"publish","type":"post","link":"https:\/\/csimaster.com\/noticia2025\/moda-do-cabelo-curto-com-ia-pratica-pode-ocasionar-em-processo-e-multa\/","title":{"rendered":"Moda do cabelo curto com IA: pr\u00e1tica pode ocasionar em processo e multa"},"content":{"rendered":"<div data-single-content=\"true\">\n<p>Em meio ao avan\u00e7o das tecnologias e da <strong>intelig\u00eancia artificial<\/strong>, vemos a todo instante o surgimento de <strong>novas trends<\/strong> e ondas de fotos e montagens. No entanto, algumas pol\u00edticas de privacidade podem atribuir restri\u00e7\u00f5es em rela\u00e7\u00e3o a danos morais e ao direito autoral.<\/p>\n<p>Por isso, D\u00e9bora Cunha Romanov, mestre em Administra\u00e7\u00e3o de Empresas pela Universidade Presbiteriana Mackenzie e p\u00f3s graduada em Direito Administrativo pela PUC-SP, explica quais as implica\u00e7\u00f5es e<strong> riscos da nova trend do cabelo curto feita por IA<\/strong>.<\/p>\n<h2>O que diz a lei sobre usar e alterar a imagem de outra pessoa com IA?<\/h2>\n<p>Vale lembrar que intelig\u00eancia artificial n\u00e3o afasta as leis j\u00e1 existentes. A Constitui\u00e7\u00e3o e o C\u00f3digo Civil protegem a imagem, a honra, a privacidade e a identidade das pessoas. Assim, uma edi\u00e7\u00e3o pode ser ilegal quando faz algu\u00e9m parecer ter dito, feito ou recomendado algo que nunca aconteceu, especialmente para fins comerciais, fraudulentos, eleitorais, sexuais ou ofensivos.<\/p>\n<p>No caso de pessoas p\u00fablicas, existe tamb\u00e9m o direito \u00e0 pr\u00f3pria imagem. \u201cA diferen\u00e7a \u00e9 que celebridades e pol\u00edticos est\u00e3o mais sujeitos \u00e0 divulga\u00e7\u00e3o de fatos de interesse p\u00fablico, cr\u00edticas, s\u00e1tiras e par\u00f3dias. Isso n\u00e3o autoriza, por\u00e9m, a cria\u00e7\u00e3o de um falso depoimento, de uma propaganda n\u00e3o consentida ou de um conte\u00fado enganoso\u201d, explica D\u00e9bora Cunha Romanov.<\/p>\n<p>A especialista afirma ainda que a LGPD (Lei Geral de Prote\u00e7\u00e3o de Dados) tamb\u00e9m pode ser aplicada quando houver tratamento de dados pessoais.<\/p>\n<p>\u201cSe a imagem facial for processada para identificar uma pessoa, poder\u00e1 envolver dado biom\u00e9trico sens\u00edvel. A ANPD (Ag\u00eancia Nacional de Prote\u00e7\u00e3o de Dados) ainda n\u00e3o possui uma regulamenta\u00e7\u00e3o exclusiva sobre deepfakes, mas suas regras gerais sobre transpar\u00eancia, seguran\u00e7a e preven\u00e7\u00e3o continuam aplic\u00e1veis\u201d, completa.<\/p>\n<h2>Quais as puni\u00e7\u00f5es em casos de viola\u00e7\u00f5es?<\/h2>\n<p>At\u00e9 o momento, n\u00e3o existe uma multa \u00fanica ou especificamente para casos de viola\u00e7\u00e3o nesse sentido.<\/p>\n<p>\u201cCaso uma imagem seja usada indevidamente, a v\u00edtima pode pedir a remo\u00e7\u00e3o do conte\u00fado, a proibi\u00e7\u00e3o de novas publica\u00e7\u00f5es, indeniza\u00e7\u00e3o por danos morais e materiais e multa di\u00e1ria em caso de descumprimento de ordem judicial\u201d, explica a especialista.<\/p>\n<p>Romanov afirma que o valor da indeniza\u00e7\u00e3o \u00e9 definido caso a caso. O juiz considera a gravidade, o alcance da publica\u00e7\u00e3o, sua finalidade, o dano causado, eventual lucro obtido e a capacidade econ\u00f4mica dos envolvidos. A renda pode ser considerada, mas n\u00e3o h\u00e1 uma tabela fixa.<\/p>\n<p>Por isso, o principal cuidado necess\u00e1rio \u00e9 verificar se houve consentimento, se o conte\u00fado pode enganar o p\u00fablico e se existe finalidade comercial, pol\u00edtica, sexual, fraudulenta ou ofensiva. Quanto maior o potencial de confus\u00e3o e de dano, maior o risco de responsabiliza\u00e7\u00e3o.<\/p>\n<\/p><\/div>\n","protected":false},"excerpt":{"rendered":"<p>Em meio ao avan\u00e7o das tecnologias e da intelig\u00eancia artificial, vemos a todo instante o surgimento de novas trends e ondas de&hellip;<\/p>\n","protected":false},"author":281,"featured_media":26513,"comment_status":"closed","ping_status":"closed","sticky":false,"template":"","format":"standard","meta":{"_lmt_disableupdate":"","_lmt_disable":"","footnotes":""},"categories":[18],"tags":[],"class_list":["post-26512","post","type-post","status-publish","format-standard","has-post-thumbnail","hentry","category-regiao"],"_links":{"self":[{"href":"https:\/\/csimaster.com\/noticia2025\/wp-json\/wp\/v2\/posts\/26512","targetHints":{"allow":["GET"]}}],"collection":[{"href":"https:\/\/csimaster.com\/noticia2025\/wp-json\/wp\/v2\/posts"}],"about":[{"href":"https:\/\/csimaster.com\/noticia2025\/wp-json\/wp\/v2\/types\/post"}],"author":[{"embeddable":true,"href":"https:\/\/csimaster.com\/noticia2025\/wp-json\/wp\/v2\/users\/281"}],"replies":[{"embeddable":true,"href":"https:\/\/csimaster.com\/noticia2025\/wp-json\/wp\/v2\/comments?post=26512"}],"version-history":[{"count":0,"href":"https:\/\/csimaster.com\/noticia2025\/wp-json\/wp\/v2\/posts\/26512\/revisions"}],"wp:featuredmedia":[{"embeddable":true,"href":"https:\/\/csimaster.com\/noticia2025\/wp-json\/wp\/v2\/media\/26513"}],"wp:attachment":[{"href":"https:\/\/csimaster.com\/noticia2025\/wp-json\/wp\/v2\/media?parent=26512"}],"wp:term":[{"taxonomy":"category","embeddable":true,"href":"https:\/\/csimaster.com\/noticia2025\/wp-json\/wp\/v2\/categories?post=26512"},{"taxonomy":"post_tag","embeddable":true,"href":"https:\/\/csimaster.com\/noticia2025\/wp-json\/wp\/v2\/tags?post=26512"}],"curies":[{"name":"wp","href":"https:\/\/api.w.org\/{rel}","templated":true}]}}