{"id":26450,"date":"2026-09-02T00:31:05","date_gmt":"2026-09-02T03:31:05","guid":{"rendered":"https:\/\/csimaster.com\/noticia2025\/coritiba-contesta-data-do-atletiba-e-solicita-alteracao-a-cbf\/"},"modified":"2026-09-02T00:31:06","modified_gmt":"2026-09-02T03:31:06","slug":"coritiba-contesta-data-do-atletiba-e-solicita-alteracao-a-cbf","status":"publish","type":"post","link":"https:\/\/csimaster.com\/noticia2025\/coritiba-contesta-data-do-atletiba-e-solicita-alteracao-a-cbf\/","title":{"rendered":"Coritiba contesta data do Atletiba e solicita altera\u00e7\u00e3o \u00e0 CBF"},"content":{"rendered":"<div>                           <meta itemprop=\"mainEntityOfPage\" content=\"https:\/\/www.umdoisesportes.com.br\/coritiba\/coritiba-contesta-data-atletiba-solicita-alteracao-cbf\/\"> <meta itemprop=\"datePublished\" content=\"2026-09-01T16:47:10-03:00\"> <meta itemprop=\"dateModified\" content=\"2026-09-01T16:47:10-03:00\"> <meta itemprop=\"author\" content=\"Vinicius Setta\"> <meta itemprop=\"url\" content=\"https:\/\/www.umdoisesportes.com.br\/coritiba\/coritiba-contesta-data-atletiba-solicita-alteracao-cbf\/\"> <meta itemprop=\"publisher\" content=\"UmDois Esportes: Not\u00edcias do esporte paranaense e brasileiro\"> <meta itemprop=\"headline\" content=\"Coritiba contesta data do Atletiba e solicita altera\u00e7\u00e3o \u00e0 CBF\"> <meta itemprop=\"description\" content=\"RESUMO DA NOT\u00cdCIA \u00a0 \u2022 Coritiba pediu \u00e0 CBF a mudan\u00e7a da data do Atletiba, marcado para sexta-feira (11), \u00e0s 21h\u2022 Clube quer que o cl\u00e1ssico aconte\u00e7a no fim de semana, facilitando a presen\u00e7a dos torcedores\u2022 MP-PR tamb\u00e9m questionou a realiza\u00e7\u00e3o do jogo\u2026 Read More\">     <meta itemprop=\"image\" content=\"https:\/\/www.umdoisesportes.com.br\/thumbor\/k-XJT1y7ANSxS6jIfbQz221rFzU=\/1200x800\/smart\/filters:format(webp)\/https%3A%2F%2Fmedia.umdoisesportes.com.br%2Fmain%2F2026%2F07%2Fbandeira-coritiba.jpg\">     <meta itemprop=\"width\" content=\"1200\">     <meta itemprop=\"height\" content=\"800\">                      <\/p>\n<div itemprop=\"articleBody\">\n<p>O <strong>Coritiba <\/strong>se manifestou, na noite desta ter\u00e7a-feira (1\u00ba), contra a data definida pela Confedera\u00e7\u00e3o Brasileira de Futebol (CBF) para o pr\u00f3ximo <strong>Atletiba<\/strong>, v\u00e1lido pela 27\u00aa rodada do Campeonato Brasileiro.<\/p>\n<p>A entidade marcou o cl\u00e1ssico para a sexta-feira, 11 de setembro, \u00e0s 21h, no Couto Pereira. A data foi divulgada na noite da \u00faltima segunda-feira (31), quando a CBF detalhou as partidas entre a 27\u00aa e a 30\u00aa rodadas do Brasileir\u00e3o.<\/p>\n<p><mark>Segundo o Coritiba, o clube encaminhou uma solicita\u00e7\u00e3o formal \u00e0 CBF pedindo a altera\u00e7\u00e3o da partida. O Coxa defende que o cl\u00e1ssico seja disputado durante o fim de semana, em um hor\u00e1rio que facilite a presen\u00e7a dos torcedores no est\u00e1dio.<\/mark><\/p>\n<p>Na manifesta\u00e7\u00e3o, o clube destacou a import\u00e2ncia do Atletiba para o futebol paranaense e afirmou que o confronto merece ser disputado em um hor\u00e1rio que valorize o espet\u00e1culo e permita a presen\u00e7a de fam\u00edlias no Couto Pereira. A defini\u00e7\u00e3o da tabela tamb\u00e9m provocou rea\u00e7\u00e3o de torcedores dos dois clubes, que se manifestaram por meio de notas, nas redes sociais.<\/p>\n<p>A Federa\u00e7\u00e3o Paranaense de Futebol (FPF) tamb\u00e9m se posicionou sobre o tema. Em resposta ao<strong> UmDois Esportes<\/strong>, a CBF afirmou que a defini\u00e7\u00e3o ocorreu em alinhamento com a detentora dos direitos de transmiss\u00e3o. \u201cO hor\u00e1rio do jogo foi definido pela CBF, em alinhamento com a detentora dos direitos de transmiss\u00e3o\u201d, declarou a entidade.<\/p>\n<h2>Nota do Coritiba<\/h2>\n<p><em>O Coritiba Foot Ball Club informa que encaminhou \u00e0 Confedera\u00e7\u00e3o Brasileira de Futebol (CBF) uma solicita\u00e7\u00e3o formal para a altera\u00e7\u00e3o da data do Atletiba, v\u00e1lido pela 27\u00aa rodada do Campeonato Brasileiro.<\/em><\/p>\n<p><em>O Clube solicita que o maior cl\u00e1ssico do Estado do Paran\u00e1 seja realizado durante o final de semana, em um hor\u00e1rio adequado para todos os torcedores e suas fam\u00edlias, possibilitando que crian\u00e7as, pais, m\u00e3es, idosos e torcedores de todas as idades possam estar presentes no est\u00e1dio para acompanhar, com tranquilidade e seguran\u00e7a, aquele que \u00e9 o maior cl\u00e1ssico do futebol paranaense.<\/em><\/p>\n<p><em>O Atletiba, por sua hist\u00f3ria, tradi\u00e7\u00e3o e relev\u00e2ncia, merece ser realizado em hor\u00e1rio nobre do futebol brasileiro, valorizando o espet\u00e1culo e proporcionando ao torcedor a oportunidade de vivenciar o cl\u00e1ssico da forma que sua grandeza exige.<\/em><\/p>\n<figure>\n<div>\n<blockquote data-width=\"500\" data-dnt=\"true\">\n<div lang=\"pt\" dir=\"ltr\">\n<p>O Coritiba Foot Ball Club informa que encaminhou \u00e0 Confedera\u00e7\u00e3o Brasileira de Futebol (CBF) uma solicita\u00e7\u00e3o formal para a altera\u00e7\u00e3o da data do Atletiba, v\u00e1lido pela 27\u00aa rodada do Campeonato Brasileiro.<\/p>\n<p>O Clube solicita que o maior cl\u00e1ssico do Estado do Paran\u00e1 seja realizado\u2026 pic.twitter.com\/vfGldf0eDY<\/p>\n<\/div>\n<p>\u2014 Coritiba (@Coritiba) September 1, 2026<\/p><\/blockquote><\/div>\n<\/figure>\n<h2>Cl\u00e1ssico pode ganhar nova data<\/h2>\n<p>Em meio \u00e0 pol\u00eamica provocada pela marca\u00e7\u00e3o do cl\u00e1ssico, o Minist\u00e9rio P\u00fablico do Paran\u00e1 (MP-PR) tamb\u00e9m entrou no debate. A Promotoria de Justi\u00e7a de Defesa do Consumidor de Curitiba se reuniu nesta ter\u00e7a-feira (1\u00ba) com representantes da CBF e apresentou preocupa\u00e7\u00e3o com a realiza\u00e7\u00e3o da partida em uma sexta-feira, \u00e0s 21h, principalmente por quest\u00f5es relacionadas \u00e0 seguran\u00e7a e aos direitos dos consumidores.<\/p>\n<p>Durante o encontro, representantes da CBF se comprometeram a analisar a possibilidade de mudan\u00e7a da data ou do hor\u00e1rio do Atletiba. Com isso, existe a possibilidade de o cl\u00e1ssico sofrer altera\u00e7\u00e3o.<\/p>\n<blockquote>\n<p><strong>\u201cA Promotoria de Justi\u00e7a de Defesa do Consumidor de Curitiba esteve reunida nesta ter\u00e7a-feira, 1\u00ba de setembro, com representantes da Confedera\u00e7\u00e3o Brasileira de Futebol (CBF), ocasi\u00e3o em que foi exposta a preocupa\u00e7\u00e3o com a realiza\u00e7\u00e3o da partida na data e hor\u00e1rio divulgados, considerando as quest\u00f5es de seguran\u00e7a e os direitos do consumidor. Durante a reuni\u00e3o, os representantes da CBF informaram compreender a preocupa\u00e7\u00e3o apresentada e se comprometeram a avaliar a possibilidade de altera\u00e7\u00e3o da data e\/ou do hor\u00e1rio da partida, devendo ser apresentado um retorno \u00e0 Promotoria de Justi\u00e7a nos pr\u00f3ximos dias\u201d<\/strong>, aponta o MP, em resposta ao UmDois.<\/p>\n<\/blockquote>\n<p>A Delegacia M\u00f3vel de Atendimento ao Futebol e Eventos da Pol\u00edcia Civil do Paran\u00e1 (Demafe), por meio do delegado Luiz Carlos de Oliveira,\u00a0<strong>tamb\u00e9m n\u00e3o aprovou a data definida para o Atletiba, j\u00e1 que \u00e9 um hor\u00e1rio p\u00f3s-expediente de um dia \u00fatil<\/strong>, segundo informa\u00e7\u00f5es do jornalista\u00a0<em>Gabriel Sawaf<\/em>, da\u00a0<em>r\u00e1dio Clube FM<\/em>. Al\u00e9m disso, o delegado apontou que est\u00e1 \u00e0 disposi\u00e7\u00e3o caso os clubes solicitem a mudan\u00e7a de data e hor\u00e1rio, mas que\u00a0<strong>a Demafe n\u00e3o far\u00e1 nenhum pedido de altera\u00e7\u00e3o.<\/strong><\/p>\n<h2 id=\"h-siga-o-umdois-esportes\">Siga o UmDois Esportes<\/h2>\n<ul>            <\/ul>\n<\/p><\/div>\n<div itemscope itemtype=\"https:\/\/schema.org\/Person\">\n<p>Vinicius Setta<!-- Author End -->&#8221; itemprop=&#8221;image&#8221; data-src=&#8221;https:\/\/media.umdoisesportes.com.br\/main\/2025\/06\/13163020\/setta_1.png&#8221; src=&#8221;https:\/\/media.umdoisesportes.com.br\/main\/2025\/06\/13163020\/setta_1.png&#8221;>                     <\/p>\n<div>\n<p>Formado em Jornalismo pela PUCPR e p\u00f3s-graduando em Jornalismo Esportivo, gosto de contar hist\u00f3rias que humanizam o futebol e as emo\u00e7\u00f5es que existem al\u00e9m do campo. Rep\u00f3rter e setorista do Coritiba no UmDois Esportes desde junho de 2025.<\/p>\n<ul>\n<li>                             Vinicius Setta<!-- Author End --> no LinkedIn&#8221;>                                                                                       <\/li>\n<\/ul><\/div>\n<\/p><\/div>\n<section>\n<h2>Tudo sobre<\/h2>\n<ul itemprop=\"keywords\">\n<li>                 Brasileir\u00e3o             <\/li>\n<li>                 Campeonato Brasileiro             <\/li>\n<li>                 coritiba             <\/li>\n<\/ul>\n<\/section>\n<section itemscope itemtype=\"https:\/\/schema.org\/ItemList\">     <meta itemprop=\"name\" content=\"Veja tamb\u00e9m\">     <\/p>\n<h2>Veja tamb\u00e9m:<\/h2>\n<\/section><\/div>\n","protected":false},"excerpt":{"rendered":"<p>O Coritiba se manifestou, na noite desta ter\u00e7a-feira (1\u00ba), contra a data definida pela Confedera\u00e7\u00e3o Brasileira de Futebol (CBF) para o pr\u00f3ximo&hellip;<\/p>\n","protected":false},"author":195,"featured_media":26451,"comment_status":"closed","ping_status":"closed","sticky":false,"template":"","format":"standard","meta":{"_lmt_disableupdate":"","_lmt_disable":"","footnotes":""},"categories":[8],"tags":[],"class_list":["post-26450","post","type-post","status-publish","format-standard","has-post-thumbnail","hentry","category-esportes"],"_links":{"self":[{"href":"https:\/\/csimaster.com\/noticia2025\/wp-json\/wp\/v2\/posts\/26450","targetHints":{"allow":["GET"]}}],"collection":[{"href":"https:\/\/csimaster.com\/noticia2025\/wp-json\/wp\/v2\/posts"}],"about":[{"href":"https:\/\/csimaster.com\/noticia2025\/wp-json\/wp\/v2\/types\/post"}],"author":[{"embeddable":true,"href":"https:\/\/csimaster.com\/noticia2025\/wp-json\/wp\/v2\/users\/195"}],"replies":[{"embeddable":true,"href":"https:\/\/csimaster.com\/noticia2025\/wp-json\/wp\/v2\/comments?post=26450"}],"version-history":[{"count":0,"href":"https:\/\/csimaster.com\/noticia2025\/wp-json\/wp\/v2\/posts\/26450\/revisions"}],"wp:featuredmedia":[{"embeddable":true,"href":"https:\/\/csimaster.com\/noticia2025\/wp-json\/wp\/v2\/media\/26451"}],"wp:attachment":[{"href":"https:\/\/csimaster.com\/noticia2025\/wp-json\/wp\/v2\/media?parent=26450"}],"wp:term":[{"taxonomy":"category","embeddable":true,"href":"https:\/\/csimaster.com\/noticia2025\/wp-json\/wp\/v2\/categories?post=26450"},{"taxonomy":"post_tag","embeddable":true,"href":"https:\/\/csimaster.com\/noticia2025\/wp-json\/wp\/v2\/tags?post=26450"}],"curies":[{"name":"wp","href":"https:\/\/api.w.org\/{rel}","templated":true}]}}