{"id":26256,"date":"2026-08-24T22:38:01","date_gmt":"2026-08-25T01:38:01","guid":{"rendered":"https:\/\/csimaster.com\/noticia2025\/brasileiros-presos-na-islandia-por-protestarem-contra-caca-de-baleias-retornam-ao-pais-apos-dificuldades\/"},"modified":"2026-08-24T22:38:15","modified_gmt":"2026-08-25T01:38:15","slug":"brasileiros-presos-na-islandia-por-protestarem-contra-caca-de-baleias-retornam-ao-pais-apos-dificuldades","status":"publish","type":"post","link":"https:\/\/csimaster.com\/noticia2025\/brasileiros-presos-na-islandia-por-protestarem-contra-caca-de-baleias-retornam-ao-pais-apos-dificuldades\/","title":{"rendered":"Brasileiros presos na Isl\u00e2ndia por protestarem contra ca\u00e7a de baleias retornam ao pa\u00eds ap\u00f3s dificuldades"},"content":{"rendered":"<div data-single-content=\"true\">\n<p>Os quatro presos na Isl\u00e2ndia ap\u00f3s uma abordagem da Guarda Costeira ao navio de ativistas contra a ca\u00e7a \u00e0s baleias<strong> j\u00e1 est\u00e3o no Brasil<\/strong>. Victor Calixto chegou em 18 de agosto; Lucas Barbosa e Rui Amorim, no dia 19; e Vitor Young, no dia 20.<\/p>\n<p>O grupo foi preso ap\u00f3s uma abordagem da Guarda Costeira do pa\u00eds ao navio de ativistas <strong>contra a ca\u00e7a \u00e0s baleias<\/strong>, realizada no \u00faltimo dia 30 de julho. A a\u00e7\u00e3o ocorreu durante um protesto contra a <strong>ca\u00e7a comercial do animal<\/strong>. Os manifestantes foram detidos no dia 31.<\/p>\n<p>Desde ent\u00e3o, os brasileiros <strong>tiveram dificuldades de retornar ao pa\u00eds<\/strong>. Segundo apura\u00e7\u00e3o da <strong>CNN Brasil<\/strong> com fontes envolvidas no caso, o retorno dos ativistas dependeu do governo da Isl\u00e2ndia e da disponibilidade de um voo<strong> direto para o Brasil<\/strong>.<\/p>\n<p>Isso ocorreu porque \u00e9 necess\u00e1rio que um <strong>policial island\u00eas acompanhe o preso<\/strong> at\u00e9 o destino final. Por\u00e9m, enquanto isso, os outros <strong>16 tripulantes de outras nacionalidades <\/strong>presos na Isl\u00e2ndia j\u00e1 haviam sido deportados ou tiveram a sa\u00edda do pa\u00eds encaminhada.<\/p>\n<h2>Ato heroico?<\/h2>\n<p>Segundo Lucas Barbosa, cozinheiro do barco, na volta para o pa\u00eds, ele e Rui Amorim conversaram com os policiais que os <strong>acompanharam no processo de imigra\u00e7\u00e3o<\/strong> e notaram que algumas agentes mulheres<strong> achavam o ato heroico<\/strong>.<\/p>\n<p>\u201cEu percebi que elas achavam um ato meio heroico. Ficou bem claro isso pra mim. Elas n\u00e3o achavam que o que a gente tava fazendo ali era algo ruim, ou criminoso, ou algo do tipo. Mesmo elas achando que a ca\u00e7a das baleias faz parte da cultura do pa\u00eds delas, eu consegui perceber que elas tamb\u00e9m n\u00e3o est\u00e3o de acordo com o que acontece l\u00e1\u201d, disse Lucas. <strong>Veja:<\/strong><\/p>\n<p> <video controls width=\"1276\" height=\"720\" data-mp4-video=\"true\" data-video=\"mp4\" aria-label=\"V\u00eddeo\"><source src=\"https:\/\/admin.cnnbrasil.com.br\/wp-content\/uploads\/sites\/12\/2026\/08\/202608242159-1.mp4\" type=\"video\/mp4\"><\/video> <\/p>\n<h2>Entenda o caso<\/h2>\n<p>Uma embarca\u00e7\u00e3o auxiliar do navio dos manifestantes,<strong> conhecido como Bandero<\/strong>, foi lan\u00e7ada para interceptar a atividade do navio baleeiro, que acabou deixando a \u00e1rea. A abordagem teve in\u00edcio quando o Bandero localizou uma das duas \u00faltimas embarca\u00e7\u00f5es autorizadas a realizar a <strong>ca\u00e7a comercial de baleias-fin na Isl\u00e2ndia<\/strong>.<\/p>\n<p>Ap\u00f3s essa a\u00e7\u00e3o, a Guarda Costeira islandesa iniciou uma opera\u00e7\u00e3o com helic\u00f3pteros e drones. Os agentes armados assumiram o controle do navio e conduziram a embarca\u00e7\u00e3o at\u00e9<strong> Reykjav\u00edk<\/strong>, capital da Isl\u00e2ndia.<\/p>\n<p>O Bandero participa da <strong>Opera\u00e7\u00e3o 86<\/strong>, miss\u00e3o organizada pela ONG internacional Captain Paul Watson Foundation. A expedi\u00e7\u00e3o <strong>reuniu 21 tripulantes<\/strong> de 11 pa\u00edses com o objetivo de monitorar e impedir a continuidade da ca\u00e7a comercial de baleias-fin na Isl\u00e2ndia.<\/p>\n<h2>Ca\u00e7a comercial de baleias-fin na Isl\u00e2ndia<\/h2>\n<p>Enquanto isso, a situa\u00e7\u00e3o que levou os brasileiros \u00e0 Isl\u00e2ndia permanece urgente. Ao todo, 45 baleias-fin foram mortas nesta temporada de ca\u00e7a, enquanto o Bandero, embarca\u00e7\u00e3o utilizada para tentar impedir os abates, permanece apreendido pelas autoridades islandesas e sem uma previs\u00e3o para ser liberado.<\/p>\n<p>Para a bi\u00f3loga Larissa Uema, o cen\u00e1rio \u00e9 preocupante, pois a baleia-fin est\u00e1 listada pela Uni\u00e3o Internacional para a Conserva\u00e7\u00e3o da Natureza como em perigo de extin\u00e7\u00e3o. Ela explica que o animal demora pelo menos seis anos para entrar em maturidade sexual e tem um intervalo de dois a tr\u00eas anos entre uma nova reprodu\u00e7\u00e3o.<\/p>\n<p>A gesta\u00e7\u00e3o desta esp\u00e9cie dura em torno de <strong>11 a 12 meses e resulta<\/strong>, normalmente, em um \u00fanico filhote.<\/p>\n<\/p><\/div>\n","protected":false},"excerpt":{"rendered":"<p>Os quatro presos na Isl\u00e2ndia ap\u00f3s uma abordagem da Guarda Costeira ao navio de ativistas contra a ca\u00e7a \u00e0s baleias j\u00e1 est\u00e3o&hellip;<\/p>\n","protected":false},"author":62,"featured_media":26257,"comment_status":"closed","ping_status":"closed","sticky":false,"template":"","format":"standard","meta":{"_lmt_disableupdate":"","_lmt_disable":"","footnotes":""},"categories":[18],"tags":[],"class_list":["post-26256","post","type-post","status-publish","format-standard","has-post-thumbnail","hentry","category-regiao"],"_links":{"self":[{"href":"https:\/\/csimaster.com\/noticia2025\/wp-json\/wp\/v2\/posts\/26256","targetHints":{"allow":["GET"]}}],"collection":[{"href":"https:\/\/csimaster.com\/noticia2025\/wp-json\/wp\/v2\/posts"}],"about":[{"href":"https:\/\/csimaster.com\/noticia2025\/wp-json\/wp\/v2\/types\/post"}],"author":[{"embeddable":true,"href":"https:\/\/csimaster.com\/noticia2025\/wp-json\/wp\/v2\/users\/62"}],"replies":[{"embeddable":true,"href":"https:\/\/csimaster.com\/noticia2025\/wp-json\/wp\/v2\/comments?post=26256"}],"version-history":[{"count":0,"href":"https:\/\/csimaster.com\/noticia2025\/wp-json\/wp\/v2\/posts\/26256\/revisions"}],"wp:featuredmedia":[{"embeddable":true,"href":"https:\/\/csimaster.com\/noticia2025\/wp-json\/wp\/v2\/media\/26257"}],"wp:attachment":[{"href":"https:\/\/csimaster.com\/noticia2025\/wp-json\/wp\/v2\/media?parent=26256"}],"wp:term":[{"taxonomy":"category","embeddable":true,"href":"https:\/\/csimaster.com\/noticia2025\/wp-json\/wp\/v2\/categories?post=26256"},{"taxonomy":"post_tag","embeddable":true,"href":"https:\/\/csimaster.com\/noticia2025\/wp-json\/wp\/v2\/tags?post=26256"}],"curies":[{"name":"wp","href":"https:\/\/api.w.org\/{rel}","templated":true}]}}