{"id":26073,"date":"2026-08-16T19:32:21","date_gmt":"2026-08-16T22:32:21","guid":{"rendered":"https:\/\/csimaster.com\/noticia2025\/empates-com-sentimentos-opostos-athletico-lamenta-coritiba-comemora\/"},"modified":"2026-08-16T19:32:36","modified_gmt":"2026-08-16T22:32:36","slug":"empates-com-sentimentos-opostos-athletico-lamenta-coritiba-comemora","status":"publish","type":"post","link":"https:\/\/csimaster.com\/noticia2025\/empates-com-sentimentos-opostos-athletico-lamenta-coritiba-comemora\/","title":{"rendered":"Empates com sentimentos opostos: Athletico lamenta, Coritiba comemora"},"content":{"rendered":"<div>                           <meta itemprop=\"mainEntityOfPage\" content=\"https:\/\/www.umdoisesportes.com.br\/colunas-e-blogs\/carneiro-neto\/athletico-coritiba-empates-bragantino-sao-paulo\/\"> <meta itemprop=\"datePublished\" content=\"2026-08-16T08:00:55-03:00\"> <meta itemprop=\"dateModified\" content=\"2026-08-16T08:00:55-03:00\"> <meta itemprop=\"author\" content=\"Carneiro Neto\"> <meta itemprop=\"url\" content=\"https:\/\/www.umdoisesportes.com.br\/colunas-e-blogs\/carneiro-neto\/athletico-coritiba-empates-bragantino-sao-paulo\/\"> <meta itemprop=\"publisher\" content=\"UmDois Esportes: Not\u00edcias do esporte paranaense e brasileiro\"> <meta itemprop=\"headline\" content=\"Empates com sentimentos opostos: Athletico lamenta, Coritiba comemora\"> <meta itemprop=\"description\" content=\"O Athletico manteve sua sequ\u00eancia invicta no Campeonato Brasileiro ao empatar com o Bragantino, na Arena da Baixada, mas poderia ter sa\u00eddo vencedor n\u00e3o fossem as in\u00fameras oportunidades de gol desperdi\u00e7adas por seus jogadores.O t\u00e9cnico Odair Hellmann fez sua parte, escalando bem o time e organizando\u2026 Read More\">     <meta itemprop=\"image\" content=\"https:\/\/www.umdoisesportes.com.br\/thumbor\/YKk7g1s_-riYSd7V0B9sX8cJjlk=\/1200x800\/smart\/filters:format(webp)\/https%3A%2F%2Fmedia.umdoisesportes.com.br%2Fmain%2F2026%2F08%2Fathletico-coritiba-empates-brasileirao.jpg\">     <meta itemprop=\"width\" content=\"1200\">     <meta itemprop=\"height\" content=\"800\">                      <\/p>\n<div itemprop=\"articleBody\">\n<p>O <strong>Athletico<\/strong> manteve sua sequ\u00eancia invicta no Campeonato Brasileiro ao empatar com o Bragantino, na Arena da Baixada, mas poderia ter sa\u00eddo vencedor n\u00e3o fossem as in\u00fameras oportunidades de gol desperdi\u00e7adas por seus jogadores.<\/p>\n<p>O t\u00e9cnico Odair Hellmann fez sua parte, escalando bem o time e organizando um sistema de jogo que mostrou seguran\u00e7a defensiva e a busca constante pela marca\u00e7\u00e3o do gol. O t\u00e9cnico Vagner Mancini, ao contr\u00e1rio, optou por ser cauteloso na retaguarda e procurar o gol apenas nos momentos certos.<\/p>\n<p>Mesmo tendo amplo dom\u00ednio t\u00e9cnico e territorial, os atleticanos mostraram-se dispersivos e muito mal nas finaliza\u00e7\u00f5es. Assim, o Bragantino aproveitou uma bobeira defensiva do advers\u00e1rio e abriu o placar com o zagueiro Pedro Henrique, o mesmo que foi expulso de campo na final da Copa Libertadores da Am\u00e9rica, em Guayaquil, deixando o Furac\u00e3o com um jogador a menos no confronto com o Flamengo, que ficou com o t\u00edtulo.<\/p>\n<p>Diante da inoper\u00e2ncia dos atacantes e da falta de atitude para acertar os arremates, restou ao treinador substituir o apagado Leozinho por Kerwin Vargas, que aproveitou um passe de Viveros para empatar o jogo. Como tem acontecido com Kerwin Vargas no pouco tempo em que jogou desde que foi contratado, o atacante mostrou qualidade t\u00e9cnica e presen\u00e7a e, certamente, se tornar\u00e1 titular nas pr\u00f3ximas partidas.<\/p>\n<figure><figcaption>Kerwin Vargas comemora seu primeiro gol com a camisa do Athletico no empate com o Red Bull Bragantino. Foto: Paulo De Tarso\/AGIF\/IconSport.<\/figcaption><\/figure>\n<h2>Coritiba arranca empate com sabor de vit\u00f3ria<\/h2>\n<p>Assim, o Athletico empatou em casa com sabor de derrota, enquanto o <strong>Coritiba<\/strong> empatou fora de casa com sabor de vit\u00f3ria.<\/p>\n<p>Bastante desfalcado por ter jogadores importantes lesionados, com destaque para o eficiente meia Josu\u00e9, o t\u00e9cnico Fernando Seabra foi obrigado a improvisar e, de certa forma, surpreendeu com a escolha de Fernando Sobral para o meio-campo.<\/p>\n<p>Pablo Maia abriu o placar para o S\u00e3o Paulo em chute de m\u00e9dia dist\u00e2ncia, sem chances para o goleiro Pedro Morisco. O Coxa, por\u00e9m, foi buscar o empate e conseguiu em cabe\u00e7ada bem aproveitada pelo zagueiro Tiago Coser, ap\u00f3s cobran\u00e7a de falta de Breno Lopes.<\/p>\n<p>Novamente, o Coritiba foi operoso e eficiente no plano defensivo, superou-se no meio-campo e arrancou um empate com gostinho de vit\u00f3ria na capital paulista.<\/p>\n<figure><figcaption>Jogadores de Coritiba e S\u00e3o Paulo disputam a bola durante o empate no Morumbi. Foto: Anderson Romao\/AGIF\/IconSport.<\/figcaption><\/figure>\n<div>\n<figure><\/figure>\n<\/p><\/div>\n<h2 id=\"h-siga-o-umdois-esportes\">Siga o UmDois Esportes<\/h2>\n<ul>            <\/ul>\n<\/p><\/div>\n<div itemscope itemtype=\"https:\/\/schema.org\/Person\">\n<p>Carneiro Neto<!-- Author End -->&#8221; itemprop=&#8221;image&#8221; data-src=&#8221;https:\/\/media.umdoisesportes.com.br\/main\/2024\/06\/13160800\/7.png&#8221; src=&#8221;https:\/\/media.umdoisesportes.com.br\/main\/2024\/06\/13160800\/7.png&#8221;>                     <\/p>\n<div>\n<p>Nascido em Wenceslau Braz, cresceu em Guarapuava e virou rep\u00f3rter de r\u00e1dio e jornal em Ponta Grossa, em 1964. Chegou a Curitiba no ano seguinte e, mais tarde, formou-se em Direito. Narrador e comentarista, trabalhou em jornais e televis\u00f5es, com destaque sua coluna na Gazeta do Povo. Publicou oito livros sobre futebol e faz parte da Academia Paranaense de Letras desde 2016. \u00c9 um contador de hist\u00f3rias nato.<\/p>\n<ul>                                                                                                 <\/ul>\n<\/p><\/div>\n<\/p><\/div>\n<section>\n<h2>Tudo sobre<\/h2>\n<ul itemprop=\"keywords\">\n<li>                 Athletico             <\/li>\n<li>                 Campeonato Brasileiro             <\/li>\n<li>                 coritiba             <\/li>\n<\/ul>\n<\/section>\n<section itemscope itemtype=\"https:\/\/schema.org\/ItemList\">     <meta itemprop=\"name\" content=\"Veja tamb\u00e9m\">     <\/p>\n<h2>Veja tamb\u00e9m:<\/h2>\n<\/section><\/div>\n","protected":false},"excerpt":{"rendered":"<p>O Athletico manteve sua sequ\u00eancia invicta no Campeonato Brasileiro ao empatar com o Bragantino, na Arena da Baixada, mas poderia ter sa\u00eddo&hellip;<\/p>\n","protected":false},"author":197,"featured_media":26074,"comment_status":"closed","ping_status":"closed","sticky":false,"template":"","format":"standard","meta":{"_lmt_disableupdate":"","_lmt_disable":"","footnotes":""},"categories":[8],"tags":[],"class_list":["post-26073","post","type-post","status-publish","format-standard","has-post-thumbnail","hentry","category-esportes"],"_links":{"self":[{"href":"https:\/\/csimaster.com\/noticia2025\/wp-json\/wp\/v2\/posts\/26073","targetHints":{"allow":["GET"]}}],"collection":[{"href":"https:\/\/csimaster.com\/noticia2025\/wp-json\/wp\/v2\/posts"}],"about":[{"href":"https:\/\/csimaster.com\/noticia2025\/wp-json\/wp\/v2\/types\/post"}],"author":[{"embeddable":true,"href":"https:\/\/csimaster.com\/noticia2025\/wp-json\/wp\/v2\/users\/197"}],"replies":[{"embeddable":true,"href":"https:\/\/csimaster.com\/noticia2025\/wp-json\/wp\/v2\/comments?post=26073"}],"version-history":[{"count":0,"href":"https:\/\/csimaster.com\/noticia2025\/wp-json\/wp\/v2\/posts\/26073\/revisions"}],"wp:featuredmedia":[{"embeddable":true,"href":"https:\/\/csimaster.com\/noticia2025\/wp-json\/wp\/v2\/media\/26074"}],"wp:attachment":[{"href":"https:\/\/csimaster.com\/noticia2025\/wp-json\/wp\/v2\/media?parent=26073"}],"wp:term":[{"taxonomy":"category","embeddable":true,"href":"https:\/\/csimaster.com\/noticia2025\/wp-json\/wp\/v2\/categories?post=26073"},{"taxonomy":"post_tag","embeddable":true,"href":"https:\/\/csimaster.com\/noticia2025\/wp-json\/wp\/v2\/tags?post=26073"}],"curies":[{"name":"wp","href":"https:\/\/api.w.org\/{rel}","templated":true}]}}