{"id":25951,"date":"2026-08-11T19:30:58","date_gmt":"2026-08-11T22:30:58","guid":{"rendered":"https:\/\/csimaster.com\/noticia2025\/jogador-retorna-apos-tres-meses-e-aumenta-disputa-na-defesa-do-coritiba\/"},"modified":"2026-08-11T19:31:10","modified_gmt":"2026-08-11T22:31:10","slug":"jogador-retorna-apos-tres-meses-e-aumenta-disputa-na-defesa-do-coritiba","status":"publish","type":"post","link":"https:\/\/csimaster.com\/noticia2025\/jogador-retorna-apos-tres-meses-e-aumenta-disputa-na-defesa-do-coritiba\/","title":{"rendered":"Jogador retorna ap\u00f3s tr\u00eas meses e aumenta disputa na defesa do Coritiba"},"content":{"rendered":"<div>                           <meta itemprop=\"mainEntityOfPage\" content=\"https:\/\/www.umdoisesportes.com.br\/coritiba\/maicon-retorna-tres-meses-aumenta-disputa-defesa-coritiba\/\"> <meta itemprop=\"datePublished\" content=\"2026-08-11T13:33:06-03:00\"> <meta itemprop=\"dateModified\" content=\"2026-08-11T13:33:06-03:00\"> <meta itemprop=\"author\" content=\"Vinicius Setta\"> <meta itemprop=\"url\" content=\"https:\/\/www.umdoisesportes.com.br\/coritiba\/maicon-retorna-tres-meses-aumenta-disputa-defesa-coritiba\/\"> <meta itemprop=\"publisher\" content=\"UmDois Esportes: Not\u00edcias do esporte paranaense e brasileiro\"> <meta itemprop=\"headline\" content=\"Jogador retorna ap\u00f3s tr\u00eas meses e aumenta disputa na defesa do Coritiba\"> <meta itemprop=\"description\" content=\"RESUMO DA NOT\u00cdCIA Maicon voltou ao Coritiba ap\u00f3s tr\u00eas meses lesionado e entrou no fim da vit\u00f3ria sobre a Chapecoense Recuperando de les\u00e3o na coxa esquerda, o zagueiro aumenta as op\u00e7\u00f5es de Fernando Seabra Aos 37 anos, Maicon tamb\u00e9m exerce papel de lideran\u00e7a no elenco e ser\u00e1 op\u00e7\u00e3o contra o\u2026 Read More\">     <meta itemprop=\"image\" content=\"https:\/\/www.umdoisesportes.com.br\/thumbor\/Ufv1OQcDsa8hwAeKqVwVO6VT5uc=\/1200x800\/smart\/filters:format(webp)\/https%3A%2F%2Fmedia.umdoisesportes.com.br%2Fmain%2F2026%2F08%2Fseabra-coritiba-chapecoense-br.jpg\">     <meta itemprop=\"width\" content=\"1200\">     <meta itemprop=\"height\" content=\"800\">                      <\/p>\n<div itemprop=\"articleBody\">\n<p>O zagueiro <strong>Maicon <\/strong>voltou a atuar pelo <strong>Coritiba <\/strong>na vit\u00f3ria por 2 a 1 sobre a Chapecoense, no \u00faltimo s\u00e1bado (8), no Couto Pereira, pelo Campeonato Brasileiro. Recuperado de uma les\u00e3o muscular, o experiente defensor entrou em campo pela primeira vez ap\u00f3s tr\u00eas meses e aumentou as op\u00e7\u00f5es do t\u00e9cnico Fernando Seabra para a sequ\u00eancia da temporada.<\/p>\n<p>Maicon n\u00e3o disputava uma partida desde maio, quando sofreu uma les\u00e3o na posterior da coxa esquerda. Contra a Chape, o camisa 3 foi acionado na reta final no lugar do atacante Pedro Rocha, quando o Coxa passou a atuar com seus quatro zagueiros dispon\u00edveis em campo para segurar o resultado.<\/p>\n<p>Ap\u00f3s a partida, Seabra destacou que Maicon ainda busca recuperar totalmente a melhor condi\u00e7\u00e3o f\u00edsica depois do longo per\u00edodo afastado. \u201cHoje ele t\u00e1 num processo de chegar muito perto do ponto f\u00edsico que ele precisa estar. A gente tem monitorado, acompanhado e dado feedback nesse sentido\u201d, explicou o treinador.<\/p>\n<p>Antes da les\u00e3o, Maicon era o zagueiro mais utilizado pelo Coritiba na S\u00e9rie A. O defensor participou de 13 das primeiras 14 partidas da equipe no campeonato, sendo titular em 12 delas.<\/p>\n<figure><figcaption>Zagueiro Maicon, do Coritiba (Foto: JP Pacheco\/Coritiba).<\/figcaption><\/figure>\n<h2>Jovem ganha espa\u00e7o no Coritiba<\/h2>\n<p>A aus\u00eancia dele, por\u00e9m, abriu espa\u00e7o para outros nomes do setor. <strong>Tiago C\u00f3ser<\/strong> ganhou sequ\u00eancia entre os titulares e se consolidou na equipe, enquanto Rodrigo Moledo tamb\u00e9m correspondeu quando foi acionado, inclusive, segue sem perder no Coxa.<\/p>\n<p>Com Maicon novamente dispon\u00edvel e adquirindo ritmo, Seabra passa a contar com quatro op\u00e7\u00f5es para a posi\u00e7\u00e3o com Maicon, Tiago C\u00f3ser, Rodrigo Moledo e Jacy.<\/p>\n<p>\u201cE estamos muito satisfeitos com o trabalho dos quatro zagueiros. Os quatro jogaram hoje, os quatro deram conta, isso mostra o profissionalismo e a seriedade deles para se preparar, independente de estar no onze inicial ou n\u00e3o. At\u00e9 porque, com quatro zagueiros, vai ser normal, expuls\u00e3o, suspens\u00e3o ou algum pequeno problema que fica fora do jogo. Todos eles v\u00e3o sempre jogar e a gente tem muita confian\u00e7a nos quatro\u201d, afirmou Seabra.<\/p>\n<p>Al\u00e9m da experi\u00eancia dentro de campo, Maicon tamb\u00e9m exerce um papel importante no dia a dia do elenco e na forma\u00e7\u00e3o dos jogadores mais jovens. Aos 37 anos e com passagens por clubes como Porto, Galatasaray, S\u00e3o Paulo e Santos, o defensor \u00e9 uma das principais refer\u00eancias para nomes mais novos, como Tiago C\u00f3ser, de 22 anos, autor de um dos gols do Coxa na vit\u00f3ria sobre a Chapecoense, e Ruan Matheus, zagueiro de 17 anos que treina com o profissional.<\/p>\n<h2>Maicon reencontra o S\u00e3o Paulo no Morumbi<\/h2>\n<p>O retorno de Maicon acontece justamente antes de um jogo importante. O Coritiba enfrenta o <strong>S\u00e3o Paulo<\/strong> no pr\u00f3ximo s\u00e1bado (15), \u00e0s 21h, no Morumbi, pela 23\u00aa rodada do Campeonato Brasileiro.<\/p>\n<p>O Tricolor paulista foi o primeiro clube defendido pelo zagueiro ap\u00f3s sua volta ao futebol brasileiro, depois de oito temporadas em Portugal. Maicon chegou ao S\u00e3o Paulo em 2016, inicialmente emprestado pelo Porto, e rapidamente ganhou identifica\u00e7\u00e3o com a torcida. Foram 72 partidas pelo clube entre 2016 e 2017, com cinco gols e quatro assist\u00eancias.<\/p>\n<p>Depois da passagem pelo Morumbi, o zagueiro seguiu para o Galatasaray, da Turquia, e tamb\u00e9m atuou pelo Al-Nassr, da Ar\u00e1bia Saudita. Posteriormente, retornou ao Brasil, onde defendeu Cruzeiro, Santos e Vasco antes de chegar ao Coritiba. No Coxa, Maicon foi um dos jogadores mais experientes do elenco campe\u00e3o da S\u00e9rie B de 2025 e iniciou a atual temporada como titular da equipe.<\/p>\n<h2 id=\"h-siga-o-umdois-esportes\">Siga o UmDois Esportes<\/h2>\n<ul>            <\/ul>\n<\/p><\/div>\n<div itemscope itemtype=\"https:\/\/schema.org\/Person\">\n<p>Vinicius Setta<!-- Author End -->&#8221; itemprop=&#8221;image&#8221; data-src=&#8221;https:\/\/media.umdoisesportes.com.br\/main\/2025\/06\/13163020\/setta_1.png&#8221; src=&#8221;https:\/\/media.umdoisesportes.com.br\/main\/2025\/06\/13163020\/setta_1.png&#8221;>                     <\/p>\n<div>\n<p>Formado em Jornalismo pela PUCPR e p\u00f3s-graduando em Jornalismo Esportivo, gosto de contar hist\u00f3rias que humanizam o futebol e as emo\u00e7\u00f5es que existem al\u00e9m do campo. Rep\u00f3rter e setorista do Coritiba no UmDois Esportes desde junho de 2025.<\/p>\n<ul>\n<li>                             Vinicius Setta<!-- Author End --> no LinkedIn&#8221;>                                                                                       <\/li>\n<\/ul><\/div>\n<\/p><\/div>\n<section>\n<h2>Tudo sobre<\/h2>\n<ul itemprop=\"keywords\">\n<li>                 Brasileir\u00e3o             <\/li>\n<li>                 Campeonato Brasileiro             <\/li>\n<li>                 coritiba             <\/li>\n<\/ul>\n<\/section>\n<section itemscope itemtype=\"https:\/\/schema.org\/ItemList\">     <meta itemprop=\"name\" content=\"Veja tamb\u00e9m\">     <\/p>\n<h2>Veja tamb\u00e9m:<\/h2>\n<\/section><\/div>\n","protected":false},"excerpt":{"rendered":"<p>O zagueiro Maicon voltou a atuar pelo Coritiba na vit\u00f3ria por 2 a 1 sobre a Chapecoense, no \u00faltimo s\u00e1bado (8), no&hellip;<\/p>\n","protected":false},"author":195,"featured_media":25952,"comment_status":"closed","ping_status":"closed","sticky":false,"template":"","format":"standard","meta":{"_lmt_disableupdate":"","_lmt_disable":"","footnotes":""},"categories":[8],"tags":[],"class_list":["post-25951","post","type-post","status-publish","format-standard","has-post-thumbnail","hentry","category-esportes"],"_links":{"self":[{"href":"https:\/\/csimaster.com\/noticia2025\/wp-json\/wp\/v2\/posts\/25951","targetHints":{"allow":["GET"]}}],"collection":[{"href":"https:\/\/csimaster.com\/noticia2025\/wp-json\/wp\/v2\/posts"}],"about":[{"href":"https:\/\/csimaster.com\/noticia2025\/wp-json\/wp\/v2\/types\/post"}],"author":[{"embeddable":true,"href":"https:\/\/csimaster.com\/noticia2025\/wp-json\/wp\/v2\/users\/195"}],"replies":[{"embeddable":true,"href":"https:\/\/csimaster.com\/noticia2025\/wp-json\/wp\/v2\/comments?post=25951"}],"version-history":[{"count":0,"href":"https:\/\/csimaster.com\/noticia2025\/wp-json\/wp\/v2\/posts\/25951\/revisions"}],"wp:featuredmedia":[{"embeddable":true,"href":"https:\/\/csimaster.com\/noticia2025\/wp-json\/wp\/v2\/media\/25952"}],"wp:attachment":[{"href":"https:\/\/csimaster.com\/noticia2025\/wp-json\/wp\/v2\/media?parent=25951"}],"wp:term":[{"taxonomy":"category","embeddable":true,"href":"https:\/\/csimaster.com\/noticia2025\/wp-json\/wp\/v2\/categories?post=25951"},{"taxonomy":"post_tag","embeddable":true,"href":"https:\/\/csimaster.com\/noticia2025\/wp-json\/wp\/v2\/tags?post=25951"}],"curies":[{"name":"wp","href":"https:\/\/api.w.org\/{rel}","templated":true}]}}