{"id":25665,"date":"2026-07-30T14:38:41","date_gmt":"2026-07-30T17:38:41","guid":{"rendered":"https:\/\/csimaster.com\/noticia2025\/errata-ramon-menezes-nao-acerta-com-o-athletico\/"},"modified":"2026-07-30T14:38:58","modified_gmt":"2026-07-30T17:38:58","slug":"errata-ramon-menezes-nao-acerta-com-o-athletico","status":"publish","type":"post","link":"https:\/\/csimaster.com\/noticia2025\/errata-ramon-menezes-nao-acerta-com-o-athletico\/","title":{"rendered":"Errata: Ramon Menezes n\u00e3o acerta com o Athletico"},"content":{"rendered":"<div>                           <meta itemprop=\"mainEntityOfPage\" content=\"https:\/\/www.umdoisesportes.com.br\/athletico\/errata-ramon-menezes-nao-acerta-athletico\/\"> <meta itemprop=\"datePublished\" content=\"2026-07-29T16:23:11-03:00\"> <meta itemprop=\"dateModified\" content=\"2026-07-29T16:23:11-03:00\"> <meta itemprop=\"author\" content=\"UmDois Esportes\"> <meta itemprop=\"url\" content=\"https:\/\/www.umdoisesportes.com.br\/athletico\/errata-ramon-menezes-nao-acerta-athletico\/\"> <meta itemprop=\"publisher\" content=\"UmDois Esportes: Not\u00edcias do esporte paranaense e brasileiro\"> <meta itemprop=\"headline\" content=\"Errata: Ramon Menezes n\u00e3o acerta com o Athletico\"> <meta itemprop=\"description\" content=\"Ramon Menezes n\u00e3o ser\u00e1 mais o t\u00e9cnico da equipe aspirantes do Athletico. Ao contr\u00e1rio do que o UmDois Esportes publicou inicialmente, na noite desta quarta-feira (29), o treinador n\u00e3o chegou a um acordo com o clube, com quem negociava nos \u00faltimos dias.  O profissional de 54 anos\u2026 Read More\">     <meta itemprop=\"image\" content=\"https:\/\/www.umdoisesportes.com.br\/thumbor\/P8JPvqbcrHcv18BOCwiYy_03skU=\/1200x800\/smart\/filters:format(webp)\/https%3A%2F%2Fmedia.umdoisesportes.com.br%2Fmain%2F2026%2F07%2Framon-menezes-tecnico-athletico-base.jpg\">     <meta itemprop=\"width\" content=\"1200\">     <meta itemprop=\"height\" content=\"800\">                      <\/p>\n<div itemprop=\"articleBody\">\n<p>Ramon Menezes n\u00e3o ser\u00e1 mais o t\u00e9cnico da equipe aspirantes do <strong>Athletico<\/strong>. Ao contr\u00e1rio do que o <strong>UmDois Esportes <\/strong>publicou inicialmente, na noite desta quarta-feira (29), o treinador n\u00e3o chegou a um acordo com o clube, com quem negociava nos \u00faltimos dias. <\/p>\n<p>O profissional de 54 anos agradava ao Furac\u00e3o, mas o acordo n\u00e3o foi fechado. O Athletico divulgou nota, confirmando que a situa\u00e7\u00e3o n\u00e3o procede.<\/p>\n<figure>\n<div>\n<blockquote data-width=\"500\" data-dnt=\"true\">\n<p lang=\"pt\" dir=\"ltr\">O Athletico Paranaense esclarece que n\u00e3o procede a informa\u00e7\u00e3o divulgada nesta quarta-feira (29) sobre um suposto acerto com o t\u00e9cnico Ramon Menezes para o comando da equipe Sub-20. A not\u00edcia \u00e9 inver\u00eddica.#Athletico<\/p>\n<p>\u2014 Athletico Paranaense (@AthleticoPR) July 29, 2026<\/p><\/blockquote><\/div>\n<\/figure>\n<p>Ramon Meneses, vale lembrar, trabalhou nas categorias de base da sele\u00e7\u00e3o brasileira entre mar\u00e7o de 2022 e outubro de 2025. Neste per\u00edodo, Ramon Menezes comandou a sele\u00e7\u00e3o sub-20 e a sele\u00e7\u00e3o pr\u00e9-ol\u00edmpica. O Brasil n\u00e3o conseguiu conquistar a vaga para a Olimp\u00edada de 2024. Ramon tamb\u00e9m comandou a sele\u00e7\u00e3o principal em tr\u00eas amistosos em 2023, com derrotas para Marrocos e Senegal e vit\u00f3ria sobre a Guin\u00e9.<\/p>\n<p>Ramon Menezes foi demitido pela Confedera\u00e7\u00e3o Brasileira de Futebol (CBF) em outubro do ano passado, ap\u00f3s o Brasil ser eliminado ainda na primeira fase do Mundial sub-20. <\/p>\n<p><mark>Curiosamente, Ramon j\u00e1 teve uma curta passagem pelo Athletico nos tempos de jogador. Em 2007, o profissional assinou contrato, mas nem chegou a estrear depois de n\u00e3o aceitar as moradias oferecidas pelo clube.<\/mark><\/p>\n<p>O Athletico segue a busca por um profissional para a base ap\u00f3s a\u00a0demiss\u00e3o do t\u00e9cnico Alexandre Lemos e do auxiliar Guilherme Tocchetto\u00a0na \u00faltima ter\u00e7a-feira (28). Outro nome que est\u00e1 na mesa do clube \u00e9 o de\u00a0\u00c1lvaro Santos, 46 anos, atualmente auxiliar-t\u00e9cnico do Rosengard, da Su\u00e9cia. Al\u00e9m do presidente Mario Celso Petraglia, o processo de escolha do novo t\u00e9cnico passar\u00e1 diretamente pelo diretor da base, Jorge Raffo.<\/p>\n<h2>Athletico aspirantes estreia na Copa Paran\u00e1 diante do Paran\u00e1 Clube<\/h2>\n<p>A\u00a0<strong>Copa Paran\u00e1<\/strong>\u00a0ter\u00e1 o cl\u00e1ssico entre\u00a0<strong>Athletico\u00a0<\/strong>e\u00a0<strong>Paran\u00e1 Clube<\/strong>\u00a0logo na primeira rodada, no dia 29 de agosto, na Arena da Baixada. O hor\u00e1rio ainda n\u00e3o foi definido pela Federa\u00e7\u00e3o Paranaense de Futebol (FPF).<\/p>\n<p>Al\u00e9m de Furac\u00e3o e Tricolor, os demais participantes do torneio s\u00e3o: Azuriz, Cascavel, Cianorte, Foz do Igua\u00e7u, Londrina, Paranava\u00ed e S\u00e3o Joseense. Todos jogam a elite do Campeonato Paranaense em 2027.<\/p>\n<p>Em compara\u00e7\u00e3o com o ano passado, a Copa Paran\u00e1, antes Ta\u00e7a FPF, teve uma redu\u00e7\u00e3o de dez para nove times. At\u00e9 por isso, os clubes decidiram por um novo formato. Todos se enfrentam na primeira fase em turno \u00fanico. Cada um ter\u00e1 quatro partidas em casa e outras quatro fora.<\/p>\n<p>Os dois primeiros colocados avan\u00e7am diretamente para as semifinais, enquanto os clubes que terminarem entre o terceiro e o sexto lugares jogar\u00e3o as quartas de final em jogo \u00fanico (3\u00ba x 6\u00ba e 4\u00ba x 5\u00ba). As semifinais e a decis\u00e3o ser\u00e3o em partidas de ida e volta.<\/p>\n<h2>Confira a tabela da primeira rodada da Copa Paran\u00e1<\/h2>\n<p><strong>1\u00aa rodada (29\/08)<\/strong><\/p>\n<ul>\n<li>Cianorte x Londrina<\/li>\n<li>Athletico x Paran\u00e1 Clube<\/li>\n<li>Azuriz x S\u00e3o Joseense<\/li>\n<li>Cascavel x Foz do Igua\u00e7u<\/li>\n<\/ul>\n<p>Folga: Paranava\u00ed<\/p>\n<p><strong><mark>LEIA TAMB\u00c9M:<\/mark><\/strong><\/p>\n<ul>\n<li>Athletico consegue disputar com Flamengo e Palmeiras?<\/li>\n<li>Athletico tem ex-sele\u00e7\u00e3o no radar para assumir o time sub-20<\/li>\n<li>Augusto Mafuz: Sem Petraglia,\u00a0Odair Hellmann deve ser o \u201cpresidente\u201d do Athletico<\/li>\n<\/ul>\n<h2 id=\"h-siga-o-umdois-esportes\">Siga o UmDois Esportes<\/h2>\n<ul>            <\/ul>\n<\/p><\/div>\n<div itemscope itemtype=\"https:\/\/schema.org\/Person\">\n<p>UmDois Esportes<!-- Author End -->&#8221; itemprop=&#8221;image&#8221; data-src=&#8221;https:\/\/media.umdoisesportes.com.br\/main\/2025\/11\/21154850\/LOGOS-UMDOIS.jpg&#8221; src=&#8221;https:\/\/media.umdoisesportes.com.br\/main\/2025\/11\/21154850\/LOGOS-UMDOIS.jpg&#8221;>                     <\/p>\n<div>\n<p>Nascido da integra\u00e7\u00e3o completa das equipes dos jornais Gazeta do Povo e da Tribuna do Paran\u00e1, em novembro de 2020, o UmDois Esportes tem o jornalismo esportivo em seu DNA. Nossa miss\u00e3o \u00e9 entregar ao leitor informa\u00e7\u00e3o com qualidade, apura\u00e7\u00e3o, an\u00e1lise, independ\u00eancia e originalidade.<\/p>\n<ul>\n<li>                             UmDois Esportes<!-- Author End --> no Instagram&#8221;>                                                                                       <\/li>\n<li>                             UmDois Esportes<!-- Author End --> no Facebook&#8221;>                                                                                       <\/li>\n<\/ul><\/div>\n<\/p><\/div>\n<section>\n<h2>Tudo sobre<\/h2>\n<ul itemprop=\"keywords\">\n<li>                 Athletico             <\/li>\n<li>                 Campeonato Brasileiro             <\/li>\n<li>                 Sele\u00e7\u00e3o Brasileira             <\/li>\n<\/ul>\n<\/section>\n<section itemscope itemtype=\"https:\/\/schema.org\/ItemList\">     <meta itemprop=\"name\" content=\"Veja tamb\u00e9m\">     <\/p>\n<h2>Veja tamb\u00e9m:<\/h2>\n<\/section><\/div>\n","protected":false},"excerpt":{"rendered":"<p>Ramon Menezes n\u00e3o ser\u00e1 mais o t\u00e9cnico da equipe aspirantes do Athletico. Ao contr\u00e1rio do que o UmDois Esportes publicou inicialmente, na&hellip;<\/p>\n","protected":false},"author":294,"featured_media":25666,"comment_status":"closed","ping_status":"closed","sticky":false,"template":"","format":"standard","meta":{"_lmt_disableupdate":"","_lmt_disable":"","footnotes":""},"categories":[8],"tags":[],"class_list":["post-25665","post","type-post","status-publish","format-standard","has-post-thumbnail","hentry","category-esportes"],"_links":{"self":[{"href":"https:\/\/csimaster.com\/noticia2025\/wp-json\/wp\/v2\/posts\/25665","targetHints":{"allow":["GET"]}}],"collection":[{"href":"https:\/\/csimaster.com\/noticia2025\/wp-json\/wp\/v2\/posts"}],"about":[{"href":"https:\/\/csimaster.com\/noticia2025\/wp-json\/wp\/v2\/types\/post"}],"author":[{"embeddable":true,"href":"https:\/\/csimaster.com\/noticia2025\/wp-json\/wp\/v2\/users\/294"}],"replies":[{"embeddable":true,"href":"https:\/\/csimaster.com\/noticia2025\/wp-json\/wp\/v2\/comments?post=25665"}],"version-history":[{"count":0,"href":"https:\/\/csimaster.com\/noticia2025\/wp-json\/wp\/v2\/posts\/25665\/revisions"}],"wp:featuredmedia":[{"embeddable":true,"href":"https:\/\/csimaster.com\/noticia2025\/wp-json\/wp\/v2\/media\/25666"}],"wp:attachment":[{"href":"https:\/\/csimaster.com\/noticia2025\/wp-json\/wp\/v2\/media?parent=25665"}],"wp:term":[{"taxonomy":"category","embeddable":true,"href":"https:\/\/csimaster.com\/noticia2025\/wp-json\/wp\/v2\/categories?post=25665"},{"taxonomy":"post_tag","embeddable":true,"href":"https:\/\/csimaster.com\/noticia2025\/wp-json\/wp\/v2\/tags?post=25665"}],"curies":[{"name":"wp","href":"https:\/\/api.w.org\/{rel}","templated":true}]}}