{"id":25653,"date":"2026-07-30T14:38:27","date_gmt":"2026-07-30T17:38:27","guid":{"rendered":"https:\/\/csimaster.com\/noticia2025\/uniao-pp-aciona-justica-contra-apoio-da-federacao-a-ciro-no-ce\/"},"modified":"2026-07-30T14:38:38","modified_gmt":"2026-07-30T17:38:38","slug":"uniao-pp-aciona-justica-contra-apoio-da-federacao-a-ciro-no-ce","status":"publish","type":"post","link":"https:\/\/csimaster.com\/noticia2025\/uniao-pp-aciona-justica-contra-apoio-da-federacao-a-ciro-no-ce\/","title":{"rendered":"Uni\u00e3o-PP aciona Justi\u00e7a contra apoio da federa\u00e7\u00e3o a Ciro no CE"},"content":{"rendered":"<div data-single-content=\"true\">\n<p>A <strong>Federa\u00e7\u00e3o Uni\u00e3o Progressista<\/strong>\u00a0acionou o <strong>TRE-CE<\/strong> (<strong>Tribunal Regional Eleitoral do Cear\u00e1<\/strong>) contra o apoio da federa\u00e7\u00e3o \u00e0 candidatura de <strong>Ciro Gomes<\/strong> (<strong>PSDB<\/strong>) ao governo estadual, definida em conven\u00e7\u00e3o. Eles pedem a anula\u00e7\u00e3o da decis\u00e3o ap\u00f3s conven\u00e7\u00f5es individuais de cada partido terem apoiado a reelei\u00e7\u00e3o de <strong>Elmano de Freitas<\/strong> (PT).<\/p>\n<p><strong>A escolha de qual candidato a federa\u00e7\u00e3o apoiar\u00e1 nas elei\u00e7\u00f5es para governador do Cear\u00e1 definir\u00e1 o destino dos recursos da organiza\u00e7\u00e3o, como qual ser\u00e1 o uso do FEFC (Fundo Especial de Financiamento de Campanha).\u00a0<\/strong><\/p>\n<p>O impasse come\u00e7ou ap\u00f3s as conven\u00e7\u00f5es das siglas e da federa\u00e7\u00e3o apoiarem candidatos diferentes ao governo do Cear\u00e1. O presidente da Federa\u00e7\u00e3o Uni\u00e3o-PP, <strong>Capit\u00e3o Wagner<\/strong> (Uni\u00e3o), \u00e9 candidato ao Senado na chapa de Ciro e faz oposi\u00e7\u00e3o ao petista. J\u00e1 os presidentes de cada sigla, <strong>Moses Rodrigues<\/strong> (Uni\u00e3o Brasil) e <strong>Aj Albuquerque<\/strong> (PP), s\u00e3o aliados de Elmano.<\/p>\n<p>Em nota, a dire\u00e7\u00e3o nacional da federa\u00e7\u00e3o confirmou a validade da conven\u00e7\u00e3o estadual do Cear\u00e1, que apoiou Ciro Gomes ao governo. O presidente<strong> Ant\u00f4nio Rueda<\/strong> (Uni\u00e3o Brasil) e o vice, <strong>Ciro Nogueira<\/strong> (PP), reafirmam que a decis\u00e3o federativa do Cear\u00e1 prevalece sobre as decis\u00f5es de cada partido.<\/p>\n<p>&#8220;A Conven\u00e7\u00e3o Estadual da Federa\u00e7\u00e3o Uni\u00e3o Progressista\u2013CE constitui a inst\u00e2ncia competente para formar a vontade eleitoral comum da Federa\u00e7\u00e3o no Estado, de modo que suas delibera\u00e7\u00f5es sobre coliga\u00e7\u00e3o majorit\u00e1ria e escolha de candidatos aos cargos de Governador, Vice-Governador e Senador permanecem v\u00e1lidas e obrigat\u00f3rias, ressalvada eventual diverg\u00eancia entre as conven\u00e7\u00f5es partid\u00e1rias e diretriz nacional diversa, que n\u00e3o se encontram configuradas na esp\u00e9cie&#8221;, diz o comunicado.<\/p>\n<p>A \u00faltima decis\u00e3o do juiz <strong>Wilker Macedo Lima<\/strong>, na ter\u00e7a-feira (28), definia que os requeridos deviam ser citados para se manifestarem em um dia. Ele tamb\u00e9m intimou a Procuradoria Regional Eleitoral para um posicionamento. O julgamento do caso est\u00e1 marcado para ocorrer nesta quinta-feira (30).<\/p>\n<p>\u00c0 <strong>CNN Brasil<\/strong>, a equipe de Ciro Gomes disse que ele<strong> &#8220;aguarda as defini\u00e7\u00f5es&#8221;<\/strong> do processo jur\u00eddico.<\/p>\n<p>A reportagem tentou contato com Ant\u00f4nio Rueda, Elmano de Freitas, Moses Rodrigues e Aj Albuquerque, mas ainda n\u00e3o teve retorno. O espa\u00e7o est\u00e1 aberto.<\/p>\n<\/p><\/div>\n","protected":false},"excerpt":{"rendered":"<p>A Federa\u00e7\u00e3o Uni\u00e3o Progressista\u00a0acionou o TRE-CE (Tribunal Regional Eleitoral do Cear\u00e1) contra o apoio da federa\u00e7\u00e3o \u00e0 candidatura de Ciro Gomes (PSDB)&hellip;<\/p>\n","protected":false},"author":67,"featured_media":25654,"comment_status":"closed","ping_status":"closed","sticky":false,"template":"","format":"standard","meta":{"_lmt_disableupdate":"","_lmt_disable":"","footnotes":""},"categories":[18],"tags":[],"class_list":["post-25653","post","type-post","status-publish","format-standard","has-post-thumbnail","hentry","category-regiao"],"_links":{"self":[{"href":"https:\/\/csimaster.com\/noticia2025\/wp-json\/wp\/v2\/posts\/25653","targetHints":{"allow":["GET"]}}],"collection":[{"href":"https:\/\/csimaster.com\/noticia2025\/wp-json\/wp\/v2\/posts"}],"about":[{"href":"https:\/\/csimaster.com\/noticia2025\/wp-json\/wp\/v2\/types\/post"}],"author":[{"embeddable":true,"href":"https:\/\/csimaster.com\/noticia2025\/wp-json\/wp\/v2\/users\/67"}],"replies":[{"embeddable":true,"href":"https:\/\/csimaster.com\/noticia2025\/wp-json\/wp\/v2\/comments?post=25653"}],"version-history":[{"count":0,"href":"https:\/\/csimaster.com\/noticia2025\/wp-json\/wp\/v2\/posts\/25653\/revisions"}],"wp:featuredmedia":[{"embeddable":true,"href":"https:\/\/csimaster.com\/noticia2025\/wp-json\/wp\/v2\/media\/25654"}],"wp:attachment":[{"href":"https:\/\/csimaster.com\/noticia2025\/wp-json\/wp\/v2\/media?parent=25653"}],"wp:term":[{"taxonomy":"category","embeddable":true,"href":"https:\/\/csimaster.com\/noticia2025\/wp-json\/wp\/v2\/categories?post=25653"},{"taxonomy":"post_tag","embeddable":true,"href":"https:\/\/csimaster.com\/noticia2025\/wp-json\/wp\/v2\/tags?post=25653"}],"curies":[{"name":"wp","href":"https:\/\/api.w.org\/{rel}","templated":true}]}}