{"id":25635,"date":"2026-07-29T14:34:34","date_gmt":"2026-07-29T17:34:34","guid":{"rendered":"https:\/\/csimaster.com\/noticia2025\/sem-petraglia-odair-hellmann-deve-ser-o-presidente-do-athletico\/"},"modified":"2026-07-29T14:34:37","modified_gmt":"2026-07-29T17:34:37","slug":"sem-petraglia-odair-hellmann-deve-ser-o-presidente-do-athletico","status":"publish","type":"post","link":"https:\/\/csimaster.com\/noticia2025\/sem-petraglia-odair-hellmann-deve-ser-o-presidente-do-athletico\/","title":{"rendered":"Sem Petraglia,\u00a0Odair Hellmann deve ser o \u201cpresidente\u201d do Athletico"},"content":{"rendered":"<div>                           <meta itemprop=\"mainEntityOfPage\" content=\"https:\/\/www.umdoisesportes.com.br\/colunas-e-blogs\/augusto-mafuz\/sem-petraglia-odair-hellmann-presidente-athletico\/\"> <meta itemprop=\"datePublished\" content=\"2026-07-29T10:12:35-03:00\"> <meta itemprop=\"dateModified\" content=\"2026-07-29T10:12:35-03:00\"> <meta itemprop=\"author\" content=\"Augusto Mafuz\"> <meta itemprop=\"url\" content=\"https:\/\/www.umdoisesportes.com.br\/colunas-e-blogs\/augusto-mafuz\/sem-petraglia-odair-hellmann-presidente-athletico\/\"> <meta itemprop=\"publisher\" content=\"UmDois Esportes: Not\u00edcias do esporte paranaense e brasileiro\"> <meta itemprop=\"headline\" content=\"Sem Petraglia,\u00a0Odair Hellmann deve ser o \u201cpresidente\u201d do Athletico\"> <meta itemprop=\"description\" content=\"H\u00e1 dias, o presidente do Athletico, Mario Celso Petraglia, est\u00e1 internado no Hospital Santa Cruz. J\u00e1 escrevi certa vez que o seu estado de sa\u00fade n\u00e3o interessa apenas aos seus familiares e aos setores restritos do clube.Senhor do clube h\u00e1 duas d\u00e9cadas, tudo que se refere\u2026 Read More\">     <meta itemprop=\"image\" content=\"https:\/\/www.umdoisesportes.com.br\/thumbor\/txfBf7ZqgY3m4tVZHmaAWdAhmog=\/1200x800\/smart\/filters:format(webp)\/https%3A%2F%2Fmedia.umdoisesportes.com.br%2Fmain%2F2026%2F07%2Fpetraglia-odair-presidente-athletico.jpg\">     <meta itemprop=\"width\" content=\"1200\">     <meta itemprop=\"height\" content=\"800\">                      <\/p>\n<div itemprop=\"articleBody\">\n<p>H\u00e1 dias, o presidente do Athletico, Mario Celso Petraglia, est\u00e1 internado no Hospital Santa Cruz. J\u00e1 escrevi certa vez que o seu estado de sa\u00fade n\u00e3o interessa apenas aos seus familiares e aos setores restritos do clube.<\/p>\n<p>Senhor do clube h\u00e1 duas d\u00e9cadas, tudo que se refere a Petraglia interessa \u00e0 torcida do Athletico. Agora, outra vez, n\u00e3o h\u00e1 not\u00edcia da raz\u00e3o central da sua interna\u00e7\u00e3o, n\u00e3o h\u00e1 not\u00edcia do seu estado cl\u00ednico e n\u00e3o h\u00e1 not\u00edcia de quando receber\u00e1 a alta m\u00e9dica. Se deve ser assim, ent\u00e3o que seja como ensina um prov\u00e9rbio ingl\u00eas: <em>\u201cn\u00e3o ter not\u00edcia \u00e9 boa a not\u00edcia\u201d.<\/em><\/p>\n<p><mark>Mas e o Athletico, como fica?<\/mark><\/p>\n<p>Em 2024, Petraglia, pelo mesmo motivo de sa\u00fade, foi impedido de exercer a presid\u00eancia. Sem vice-presidentes qualificados para exercer o cargo, o comando est\u00e1 com Marcio Lara, que \u00e9 como um soldado romano que amava mais C\u00e9sar do que Roma: ama mais Petraglia do que ao Athletico, fato que o impede-o emocionalmente de tomar decis\u00f5es. <\/p>\n<p>Volte-se a 2024, quando se procurava um treinador. Lara e Paulo Autuori tinham acertado a volta do t\u00e9cnico Tiago Nunes, mas Petraglia vetou, preferindo Lucho Gonz\u00e1lez. Nessa situa\u00e7\u00e3o o Furac\u00e3o virou um caos, resultando no seu rebaixamento para a Segunda Divis\u00e3o<\/p>\n<p>S\u00f3 que desta vez h\u00e1 um novo personagem: Odair Hellmann, o melhor t\u00e9cnico do futebol brasileiro, que transformou-se no dono do CT por sua qualifica\u00e7\u00e3o profissional e pessoal. \u00a0<\/p>\n<p>Como os jogadores s\u00f3 acreditam em Petraglia e em Odair, esse deve tranquiliz\u00e1-los de que o presidente logo voltar\u00e1. O que n\u00e3o pode \u00e9 que seu impedimento tempor\u00e1rio exer\u00e7a influ\u00eancia dentro de campo, como ocorreu em 2024.\u00a0\u00a0<\/p>\n<div>\n<figure><\/figure>\n<\/p><\/div>\n<h2 id=\"h-siga-o-umdois-esportes\">Siga o UmDois Esportes<\/h2>\n<ul>            <\/ul>\n<\/p><\/div>\n<div itemscope itemtype=\"https:\/\/schema.org\/Person\">\n<p>Augusto Mafuz<!-- Author End -->&#8221; itemprop=&#8221;image&#8221; data-src=&#8221;https:\/\/media.umdoisesportes.com.br\/main\/2024\/06\/13161417\/8.png&#8221; src=&#8221;https:\/\/media.umdoisesportes.com.br\/main\/2024\/06\/13161417\/8.png&#8221;>                     <\/p>\n<div>\n<p>Um dos comentaristas esportivos mais tradicionais de Curitiba, conhecido por sua cobertura do Athletico, Coritiba e outros times da capital. Nascido em Guarapuava em 11 de maio de 1949, Mafuz \u00e9 figura central no jornalismo esportivo local por d\u00e9cadas por causa de seu texto apurado e opin\u00f5es contundentes.<\/p>\n<ul>                                                                                                 <\/ul>\n<\/p><\/div>\n<\/p><\/div>\n<section>\n<h2>Tudo sobre<\/h2>\n<ul itemprop=\"keywords\">\n<li>                 Athletico             <\/li>\n<\/ul>\n<\/section>\n<section itemscope itemtype=\"https:\/\/schema.org\/ItemList\">     <meta itemprop=\"name\" content=\"Veja tamb\u00e9m\">     <\/p>\n<h2>Veja tamb\u00e9m:<\/h2>\n<\/section><\/div>\n","protected":false},"excerpt":{"rendered":"<p>H\u00e1 dias, o presidente do Athletico, Mario Celso Petraglia, est\u00e1 internado no Hospital Santa Cruz. J\u00e1 escrevi certa vez que o seu&hellip;<\/p>\n","protected":false},"author":192,"featured_media":25636,"comment_status":"closed","ping_status":"closed","sticky":false,"template":"","format":"standard","meta":{"_lmt_disableupdate":"","_lmt_disable":"","footnotes":""},"categories":[8],"tags":[],"class_list":["post-25635","post","type-post","status-publish","format-standard","has-post-thumbnail","hentry","category-esportes"],"_links":{"self":[{"href":"https:\/\/csimaster.com\/noticia2025\/wp-json\/wp\/v2\/posts\/25635","targetHints":{"allow":["GET"]}}],"collection":[{"href":"https:\/\/csimaster.com\/noticia2025\/wp-json\/wp\/v2\/posts"}],"about":[{"href":"https:\/\/csimaster.com\/noticia2025\/wp-json\/wp\/v2\/types\/post"}],"author":[{"embeddable":true,"href":"https:\/\/csimaster.com\/noticia2025\/wp-json\/wp\/v2\/users\/192"}],"replies":[{"embeddable":true,"href":"https:\/\/csimaster.com\/noticia2025\/wp-json\/wp\/v2\/comments?post=25635"}],"version-history":[{"count":0,"href":"https:\/\/csimaster.com\/noticia2025\/wp-json\/wp\/v2\/posts\/25635\/revisions"}],"wp:featuredmedia":[{"embeddable":true,"href":"https:\/\/csimaster.com\/noticia2025\/wp-json\/wp\/v2\/media\/25636"}],"wp:attachment":[{"href":"https:\/\/csimaster.com\/noticia2025\/wp-json\/wp\/v2\/media?parent=25635"}],"wp:term":[{"taxonomy":"category","embeddable":true,"href":"https:\/\/csimaster.com\/noticia2025\/wp-json\/wp\/v2\/categories?post=25635"},{"taxonomy":"post_tag","embeddable":true,"href":"https:\/\/csimaster.com\/noticia2025\/wp-json\/wp\/v2\/tags?post=25635"}],"curies":[{"name":"wp","href":"https:\/\/api.w.org\/{rel}","templated":true}]}}