{"id":25543,"date":"2026-07-25T13:33:34","date_gmt":"2026-07-25T16:33:34","guid":{"rendered":"https:\/\/csimaster.com\/noticia2025\/seabra-muda-o-coritiba-e-ganha-reforco-para-enfrentar-o-bragantino\/"},"modified":"2026-07-25T13:33:43","modified_gmt":"2026-07-25T16:33:43","slug":"seabra-muda-o-coritiba-e-ganha-reforco-para-enfrentar-o-bragantino","status":"publish","type":"post","link":"https:\/\/csimaster.com\/noticia2025\/seabra-muda-o-coritiba-e-ganha-reforco-para-enfrentar-o-bragantino\/","title":{"rendered":"Seabra muda o Coritiba e ganha refor\u00e7o para enfrentar o Bragantino"},"content":{"rendered":"<div>                           <meta itemprop=\"mainEntityOfPage\" content=\"https:\/\/www.umdoisesportes.com.br\/coritiba\/seabra-muda-coritiba-reforco-bragantino-brasileirao\/\"> <meta itemprop=\"datePublished\" content=\"2026-07-25T05:48:20-03:00\"> <meta itemprop=\"dateModified\" content=\"2026-07-25T05:48:20-03:00\"> <meta itemprop=\"author\" content=\"Vinicius Setta\"> <meta itemprop=\"url\" content=\"https:\/\/www.umdoisesportes.com.br\/coritiba\/seabra-muda-coritiba-reforco-bragantino-brasileirao\/\"> <meta itemprop=\"publisher\" content=\"UmDois Esportes: Not\u00edcias do esporte paranaense e brasileiro\"> <meta itemprop=\"headline\" content=\"Seabra muda o Coritiba e ganha refor\u00e7o para enfrentar o Bragantino\"> <meta itemprop=\"description\" content=\"O Coritiba ter\u00e1 mudan\u00e7as na escala\u00e7\u00e3o para enfrentar o Red Bull Bragantino neste domingo (26), \u00e0s 18h30, no Est\u00e1dio C\u00edcero de Souza Marques, em Bragan\u00e7a Paulista, pela 20\u00aa rodada do Brasileir\u00e3o.Vindo da derrota por 3 a 1 para o Palmeiras na \u00faltima quarta-feira (22), no Couto Pereira, o\u2026 Read More\">     <meta itemprop=\"image\" content=\"https:\/\/www.umdoisesportes.com.br\/thumbor\/KwgmBJKXe1eUuNpYj08tRRVD6cM=\/1200x800\/smart\/filters:format(webp)\/https%3A%2F%2Fmedia.umdoisesportes.com.br%2Fmain%2F2026%2F07%2Fseabra-muda-coritiba-bragantino.jpg\">     <meta itemprop=\"width\" content=\"1200\">     <meta itemprop=\"height\" content=\"800\">                      <\/p>\n<div itemprop=\"articleBody\">\n<p>O <strong>Coritiba<\/strong> ter\u00e1 mudan\u00e7as na escala\u00e7\u00e3o para enfrentar o Red Bull Bragantino neste domingo (26), \u00e0s 18h30, no Est\u00e1dio C\u00edcero de Souza Marques, em Bragan\u00e7a Paulista, pela 20\u00aa rodada do Brasileir\u00e3o.<\/p>\n<p>Vindo da derrota por 3 a 1 para o Palmeiras na \u00faltima quarta-feira (22), no Couto Pereira, o t\u00e9cnico Fernando Seabra n\u00e3o poder\u00e1 contar com o volante Sebasti\u00e1n G\u00f3mez. O capit\u00e3o deixou a partida no intervalo ap\u00f3s sofrer um choque e precisar\u00e1 cumprir o protocolo de concuss\u00e3o, que prev\u00ea cinco dias de repouso. Com isso, o colombiano n\u00e3o viajar\u00e1 com a delega\u00e7\u00e3o.<\/p>\n<p>Vini Paulista \u00e9 o favorito para ocupar a vaga. O volante foi o escolhido por Seabra para substituir Sebas durante a partida contra o Palmeiras e deve formar o meio-campo ao lado de Thiago Santos e Josu\u00e9. O jogador, que tamb\u00e9m pode atuar como atacante pelos lados, soma 28 partidas na temporada e, apesar de ser reserva, divide com Josu\u00e9 o posto de atleta com mais jogos pelo Coritiba em 2026.<\/p>\n<p>Vitor Tissi, Wallisson e Fernando Sobral tamb\u00e9m s\u00e3o alternativas para o setor. O jovem Tissi, de 19 anos, formado nas categorias de base do clube, ficou no banco de reservas na \u00faltima rodada, enquanto Wallisson e Sobral n\u00e3o foram relacionados para o primeiro compromisso ap\u00f3s a pausa para a Copa do Mundo. Ambos despertaram interesse de outras equipes com a abertura da janela de transfer\u00eancias, na segunda-feira (20).<\/p>\n<p>No gol, Pedro Rangel segue como favorito para come\u00e7ar a partida. Recuperado de uma cirurgia no ombro direito, Pedro Morisco voltou a ser relacionado contra o Palmeiras, mas permaneceu no banco de reservas. Seabra afirmou que a defini\u00e7\u00e3o depender\u00e1 do desempenho dos dois jogadores nos treinamentos e destacou a regularidade apresentada por Rangel durante o per\u00edodo em que assumiu a posi\u00e7\u00e3o.<\/p>\n<p>No ataque, Pedro Rocha est\u00e1 novamente \u00e0 disposi\u00e7\u00e3o ap\u00f3s cumprir suspens\u00e3o contra o Palmeiras. Vice-artilheiro do Coritiba na temporada, com sete gols, o atacante deve retornar ao time titular no lugar de Renato Marques.<\/p>\n<figure><figcaption>Pedro Rocha. (Foto: JP Pacheco\/Coritiba).<\/figcaption><\/figure>\n<p>Al\u00e9m disso, outra poss\u00edvel novidade entre os relacionados \u00e9 o atacante Rodrigo Rodrigues. Recuperado de uma les\u00e3o no ligamento cruzado anterior, sofrida em novembro de 2025, o centroavante avan\u00e7ou no processo de recondicionamento f\u00edsico e pode voltar a aparecer no banco de reservas ap\u00f3s aproximadamente nove meses afastado.<\/p>\n<p>Um prov\u00e1vel Coritiba para o jogo tem: Pedro Rangel; Tinga, Tiago C\u00f3ser, Jacy e Bruno Melo; Thiago Santos, Vini Paulista e Josu\u00e9; Lavega (Lucas Ronier), Breno Lopes e Pedro Rocha.<\/p>\n<h2>Coritiba aposta na for\u00e7a como visitante<\/h2>\n<p>Depois das derrotas consecutivas para Flamengo e Palmeiras, o Coritiba busca voltar a vencer no Campeonato Brasileiro. O desempenho longe do Couto Pereira \u00e9 uma das principais armas da equipe para buscar a recupera\u00e7\u00e3o. O Coxa tem a quarta melhor campanha como visitante da S\u00e9rie A, com 14 pontos conquistados em dez partidas.<\/p>\n<p>Foram quatro vit\u00f3rias, dois empates e quatro derrotas fora de casa. A campanha como visitante representa mais da metade dos 26 pontos conquistados pelo time no campeonato.<\/p>\n<h2>Base ganha espa\u00e7o entre as op\u00e7\u00f5es de Seabra<\/h2>\n<figure><figcaption>Paulo Roberto comemora gol pelo Coritiba. (Foto: Rodolfo Buhrer\/AGIF\/Sipa USA\/Icon Sport).<\/figcaption><\/figure>\n<p>Autor do gol do Coritiba contra o Palmeiras, o atacante Paulo Roberto puxa a fila de novos nomes das categorias de base que v\u00eam ganhando espa\u00e7o no elenco principal. O jogador recebeu minutos na \u00faltima partida e tamb\u00e9m durante o per\u00edodo de prepara\u00e7\u00e3o na pausa para a Copa do Mundo.<\/p>\n<p>Al\u00e9m dele, outros jovens ganharam espa\u00e7o no grupo de treinos do profissional no CT da Graciosa, como o zagueiro Ruan Matheus e os volantes Khensane e Arthur Daniel, que v\u00eam treinando com o elenco e ficam \u00e0 disposi\u00e7\u00e3o de Seabra como poss\u00edveis alternativas ao longo da competi\u00e7\u00e3o.<\/p>\n<p>O Coritiba tamb\u00e9m conta com outros pratas da casa inscritos no Campeonato Brasileiro. A lista inclui o goleiro Pedro Morisco, os laterais Jo\u00e3o Almeida e Lucas Taverna, os meias Matheus Dias e Alejandro Ararat, al\u00e9m dos atacantes Lucas Ronier, Enzo Vagner e David Alves.<\/p>\n<h2 id=\"h-siga-o-umdois-esportes\">Siga o UmDois Esportes<\/h2>\n<ul>            <\/ul>\n<\/p><\/div>\n<div itemscope itemtype=\"https:\/\/schema.org\/Person\">\n<p>Vinicius Setta<!-- Author End -->&#8221; itemprop=&#8221;image&#8221; data-src=&#8221;https:\/\/media.umdoisesportes.com.br\/main\/2025\/06\/13163020\/setta_1.png&#8221; src=&#8221;https:\/\/media.umdoisesportes.com.br\/main\/2025\/06\/13163020\/setta_1.png&#8221;>                     <\/p>\n<div>\n<p>Formado em Jornalismo pela PUCPR e p\u00f3s-graduando em Jornalismo Esportivo, gosto de contar hist\u00f3rias que humanizam o futebol e as emo\u00e7\u00f5es que existem al\u00e9m do campo. Rep\u00f3rter e setorista do Coritiba no UmDois Esportes desde junho de 2025.<\/p>\n<ul>\n<li>                             Vinicius Setta<!-- Author End --> no LinkedIn&#8221;>                                                                                       <\/li>\n<\/ul><\/div>\n<\/p><\/div>\n<section>\n<h2>Tudo sobre<\/h2>\n<ul itemprop=\"keywords\">\n<li>                 Brasileir\u00e3o             <\/li>\n<li>                 Campeonato Brasileiro             <\/li>\n<li>                 coritiba             <\/li>\n<li>                 Red Bull Bragantino             <\/li>\n<\/ul>\n<\/section>\n<section itemscope itemtype=\"https:\/\/schema.org\/ItemList\">     <meta itemprop=\"name\" content=\"Veja tamb\u00e9m\">     <\/p>\n<h2>Veja tamb\u00e9m:<\/h2>\n<\/section><\/div>\n","protected":false},"excerpt":{"rendered":"<p>O Coritiba ter\u00e1 mudan\u00e7as na escala\u00e7\u00e3o para enfrentar o Red Bull Bragantino neste domingo (26), \u00e0s 18h30, no Est\u00e1dio C\u00edcero de Souza&hellip;<\/p>\n","protected":false},"author":195,"featured_media":25544,"comment_status":"closed","ping_status":"closed","sticky":false,"template":"","format":"standard","meta":{"_lmt_disableupdate":"","_lmt_disable":"","footnotes":""},"categories":[8],"tags":[],"class_list":["post-25543","post","type-post","status-publish","format-standard","has-post-thumbnail","hentry","category-esportes"],"_links":{"self":[{"href":"https:\/\/csimaster.com\/noticia2025\/wp-json\/wp\/v2\/posts\/25543","targetHints":{"allow":["GET"]}}],"collection":[{"href":"https:\/\/csimaster.com\/noticia2025\/wp-json\/wp\/v2\/posts"}],"about":[{"href":"https:\/\/csimaster.com\/noticia2025\/wp-json\/wp\/v2\/types\/post"}],"author":[{"embeddable":true,"href":"https:\/\/csimaster.com\/noticia2025\/wp-json\/wp\/v2\/users\/195"}],"replies":[{"embeddable":true,"href":"https:\/\/csimaster.com\/noticia2025\/wp-json\/wp\/v2\/comments?post=25543"}],"version-history":[{"count":0,"href":"https:\/\/csimaster.com\/noticia2025\/wp-json\/wp\/v2\/posts\/25543\/revisions"}],"wp:featuredmedia":[{"embeddable":true,"href":"https:\/\/csimaster.com\/noticia2025\/wp-json\/wp\/v2\/media\/25544"}],"wp:attachment":[{"href":"https:\/\/csimaster.com\/noticia2025\/wp-json\/wp\/v2\/media?parent=25543"}],"wp:term":[{"taxonomy":"category","embeddable":true,"href":"https:\/\/csimaster.com\/noticia2025\/wp-json\/wp\/v2\/categories?post=25543"},{"taxonomy":"post_tag","embeddable":true,"href":"https:\/\/csimaster.com\/noticia2025\/wp-json\/wp\/v2\/tags?post=25543"}],"curies":[{"name":"wp","href":"https:\/\/api.w.org\/{rel}","templated":true}]}}