{"id":25539,"date":"2026-07-25T13:33:36","date_gmt":"2026-07-25T16:33:36","guid":{"rendered":"https:\/\/csimaster.com\/noticia2025\/ex-athletico-e-coritiba-paulo-autuori-assume-clube-brasileiro-da-serie-b\/"},"modified":"2026-07-25T13:33:39","modified_gmt":"2026-07-25T16:33:39","slug":"ex-athletico-e-coritiba-paulo-autuori-assume-clube-brasileiro-da-serie-b","status":"publish","type":"post","link":"https:\/\/csimaster.com\/noticia2025\/ex-athletico-e-coritiba-paulo-autuori-assume-clube-brasileiro-da-serie-b\/","title":{"rendered":"Ex-Athletico e Coritiba, Paulo Autuori assume clube brasileiro da S\u00e9rie B"},"content":{"rendered":"<div>                           <meta itemprop=\"mainEntityOfPage\" content=\"https:\/\/www.umdoisesportes.com.br\/campeonatos\/serie-b\/paulo-autuori-fortaleza-retorno-futebol-brasileiro\/\"> <meta itemprop=\"datePublished\" content=\"2026-07-25T06:25:05-03:00\"> <meta itemprop=\"dateModified\" content=\"2026-07-25T06:25:05-03:00\"> <meta itemprop=\"author\" content=\"Diogo Souza\"> <meta itemprop=\"url\" content=\"https:\/\/www.umdoisesportes.com.br\/campeonatos\/serie-b\/paulo-autuori-fortaleza-retorno-futebol-brasileiro\/\"> <meta itemprop=\"publisher\" content=\"UmDois Esportes: Not\u00edcias do esporte paranaense e brasileiro\"> <meta itemprop=\"headline\" content=\"Ex-Athletico e Coritiba, Paulo Autuori assume clube brasileiro da S\u00e9rie B\"> <meta itemprop=\"description\" content=\"Paulo Autuori est\u00e1 de volta ao futebol brasileiro. Ex-t\u00e9cnico do Athletico e ex-dirigente de Athletico e Coritiba, o profissional foi anunciado na \u00faltima sexta-feira (25) como novo treinador do Fortaleza para a sequ\u00eancia da S\u00e9rie B do Campeonato Brasileiro. Paulo Autuori \u00e9 o\u2026 Read More\">     <meta itemprop=\"image\" content=\"https:\/\/www.umdoisesportes.com.br\/thumbor\/WSynEYzPDOzIwTuu52DYoq_cfIQ=\/1200x800\/smart\/filters:format(webp)\/https%3A%2F%2Fmedia.umdoisesportes.com.br%2Fmain%2F2026%2F07%2Fautuori-tecnico-fortaleza.jpg\">     <meta itemprop=\"width\" content=\"1200\">     <meta itemprop=\"height\" content=\"800\">                      <\/p>\n<div itemprop=\"articleBody\">\n<p>Paulo Autuori est\u00e1 de volta ao futebol brasileiro. Ex-t\u00e9cnico do <strong>Athletico<\/strong> e ex-dirigente de Athletico e <strong>Coritiba<\/strong>, o profissional foi anunciado na \u00faltima sexta-feira (25) como novo treinador do Fortaleza para a sequ\u00eancia da S\u00e9rie B do Campeonato Brasileiro.<\/p>\n<figure>\n<div>\n<blockquote data-width=\"500\" data-dnt=\"true\">\n<div lang=\"pt\" dir=\"ltr\">\n<p>Paulo Autuori \u00e9 o novo comandante do Fortaleza Esporte Clube para a sequ\u00eancia da temporada de 2026. \ud83e\udd81<\/p>\n<p>Multicampe\u00e3o e dono de uma trajet\u00f3ria vitoriosa, o treinador chega ao Le\u00e3o com ampla experi\u00eancia no futebol brasileiro e internacional. Junto com ele, tamb\u00e9m desembarcam no\u2026 pic.twitter.com\/KVic7eh4bP<\/p>\n<\/div>\n<p>\u2014 Fortaleza Esporte Clube \ud83e\udd81 (@FortalezaEC) July 25, 2026<\/p><\/blockquote><\/div>\n<\/figure>\n<p>Autuori chega para substituir Thiago Carpini, demitido ap\u00f3s a derrota para o Vila Nova. A contrata\u00e7\u00e3o teve a indica\u00e7\u00e3o do CEO do clube, Pedro Martins, com quem trabalhou no Cruzeiro entre 2023 e 2024.<\/p>\n<p>O pr\u00f3ximo compromisso do Fortaleza ser\u00e1 nesta ter\u00e7a-feira (28), contra o Botafogo-SP, na Arena Castel\u00e3o. No entanto, a tend\u00eancia \u00e9 que Paulo Autuori fa\u00e7a sua estreia apenas no dia 9 de agosto, diante do Cuiab\u00e1.<\/p>\n<h2>Passagem conturbada pelo futebol paranaense<\/h2>\n<figure><figcaption>Paulo Autuori em dois momentos: no Athletico e no Coritiba<\/figcaption><\/figure>\n<p>A \u00faltima experi\u00eancia de Paulo Autuori no futebol brasileiro aconteceu justamente nos principais clubes de Curitiba. Em 2024, o dirigente acumulou passagens por Coritiba e Athletico, em um ano turbulento para os dois clubes.<\/p>\n<p>No Coritiba, Autuori participou da gest\u00e3o do departamento de futebol, mas sempre teve o seu nome contestado pela liga\u00e7\u00e3o com o rival, j\u00e1 que havia passado pelo Furac\u00e3o em outras oportunidades. Demitido em julho, o experiente cartola e treinador fechou justamente com o Rubro-Negro para a sequ\u00eancia do ano. No Furac\u00e3o, assumiu como coordenador t\u00e9cnico, mas foi demitido do clube ap\u00f3s o rebaixamento para a S\u00e9rie B.<\/p>\n<p>Depois da sa\u00edda do Rubro-Negro, o profissional seguiu para o Sporting Cristal, do Peru, onde trabalhou antes de aceitar o convite para retornar ao Brasil e assumir o Fortaleza.<\/p>\n<p>Agora, Autuori ter\u00e1 a miss\u00e3o de comandar o Le\u00e3o na reta decisiva da S\u00e9rie B. O Fortaleza est\u00e1 na quinta coloca\u00e7\u00e3o da competi\u00e7\u00e3o. <\/p>\n<h2 id=\"h-siga-o-umdois-esportes\">Siga o UmDois Esportes<\/h2>\n<ul>            <\/ul>\n<\/p><\/div>\n<div itemscope itemtype=\"https:\/\/schema.org\/Person\">\n<p>Diogo Souza<!-- Author End -->&#8221; itemprop=&#8221;image&#8221; data-src=&#8221;https:\/\/media.umdoisesportes.com.br\/main\/2024\/06\/06042341\/Diogo.png&#8221; src=&#8221;https:\/\/media.umdoisesportes.com.br\/main\/2024\/06\/06042341\/Diogo.png&#8221;>                     <\/p>\n<div>\n<p>Jornalista com 16 anos de experi\u00eancia, sendo 14 deles na Editora O Estado do Paran\u00e1, onde passou de estagi\u00e1rio a rep\u00f3rter, colunista e editor. Desde 2020, \u00e9 editor no UmDois Esportes. Tamb\u00e9m \u00e9 o titular do blog Direto do Oct\u00f3gono, especializado na cobertura de UFC e outros eventos de MMA e boxe.<\/p>\n<ul>\n<li>                             Diogo Souza<!-- Author End --> no LinkedIn&#8221;>                                                                                       <\/li>\n<\/ul><\/div>\n<\/p><\/div>\n<section>\n<h2>Tudo sobre<\/h2>\n<ul itemprop=\"keywords\">\n<li>                 Athletico             <\/li>\n<li>                 coritiba             <\/li>\n<li>                 S\u00e9rie B             <\/li>\n<\/ul>\n<\/section>\n<section itemscope itemtype=\"https:\/\/schema.org\/ItemList\">     <meta itemprop=\"name\" content=\"Veja tamb\u00e9m\">     <\/p>\n<h2>Veja tamb\u00e9m:<\/h2>\n<\/section><\/div>\n","protected":false},"excerpt":{"rendered":"<p>Paulo Autuori est\u00e1 de volta ao futebol brasileiro. Ex-t\u00e9cnico do Athletico e ex-dirigente de Athletico e Coritiba, o profissional foi anunciado na&hellip;<\/p>\n","protected":false},"author":176,"featured_media":25540,"comment_status":"closed","ping_status":"closed","sticky":false,"template":"","format":"standard","meta":{"_lmt_disableupdate":"","_lmt_disable":"","footnotes":""},"categories":[8],"tags":[],"class_list":["post-25539","post","type-post","status-publish","format-standard","has-post-thumbnail","hentry","category-esportes"],"_links":{"self":[{"href":"https:\/\/csimaster.com\/noticia2025\/wp-json\/wp\/v2\/posts\/25539","targetHints":{"allow":["GET"]}}],"collection":[{"href":"https:\/\/csimaster.com\/noticia2025\/wp-json\/wp\/v2\/posts"}],"about":[{"href":"https:\/\/csimaster.com\/noticia2025\/wp-json\/wp\/v2\/types\/post"}],"author":[{"embeddable":true,"href":"https:\/\/csimaster.com\/noticia2025\/wp-json\/wp\/v2\/users\/176"}],"replies":[{"embeddable":true,"href":"https:\/\/csimaster.com\/noticia2025\/wp-json\/wp\/v2\/comments?post=25539"}],"version-history":[{"count":0,"href":"https:\/\/csimaster.com\/noticia2025\/wp-json\/wp\/v2\/posts\/25539\/revisions"}],"wp:featuredmedia":[{"embeddable":true,"href":"https:\/\/csimaster.com\/noticia2025\/wp-json\/wp\/v2\/media\/25540"}],"wp:attachment":[{"href":"https:\/\/csimaster.com\/noticia2025\/wp-json\/wp\/v2\/media?parent=25539"}],"wp:term":[{"taxonomy":"category","embeddable":true,"href":"https:\/\/csimaster.com\/noticia2025\/wp-json\/wp\/v2\/categories?post=25539"},{"taxonomy":"post_tag","embeddable":true,"href":"https:\/\/csimaster.com\/noticia2025\/wp-json\/wp\/v2\/tags?post=25539"}],"curies":[{"name":"wp","href":"https:\/\/api.w.org\/{rel}","templated":true}]}}