{"id":25469,"date":"2026-07-22T13:31:03","date_gmt":"2026-07-22T16:31:03","guid":{"rendered":"https:\/\/csimaster.com\/noticia2025\/coritiba-faz-investimento-inedito-e-contrata-tecnica-eleita-a-melhor-no-mundial-de-clubes\/"},"modified":"2026-07-22T13:31:09","modified_gmt":"2026-07-22T16:31:09","slug":"coritiba-faz-investimento-inedito-e-contrata-tecnica-eleita-a-melhor-no-mundial-de-clubes","status":"publish","type":"post","link":"https:\/\/csimaster.com\/noticia2025\/coritiba-faz-investimento-inedito-e-contrata-tecnica-eleita-a-melhor-no-mundial-de-clubes\/","title":{"rendered":"Coritiba faz investimento in\u00e9dito e contrata t\u00e9cnica eleita a melhor no Mundial de Clubes"},"content":{"rendered":"<div>                           <meta itemprop=\"mainEntityOfPage\" content=\"https:\/\/www.umdoisesportes.com.br\/coritiba\/coritiba-investimento-inedito-melhor-tecnica-mundial\/\"> <meta itemprop=\"datePublished\" content=\"2026-07-22T08:41:15-03:00\"> <meta itemprop=\"dateModified\" content=\"2026-07-22T08:41:15-03:00\"> <meta itemprop=\"author\" content=\"Pedro Melo\"> <meta itemprop=\"url\" content=\"https:\/\/www.umdoisesportes.com.br\/coritiba\/coritiba-investimento-inedito-melhor-tecnica-mundial\/\"> <meta itemprop=\"publisher\" content=\"UmDois Esportes: Not\u00edcias do esporte paranaense e brasileiro\"> <meta itemprop=\"headline\" content=\"Coritiba faz investimento in\u00e9dito e contrata t\u00e9cnica eleita a melhor no Mundial de Clubes\"> <meta itemprop=\"description\" content=\"O Coritiba criou um projeto de categorias de base no futebol feminino e anunciou a contrata\u00e7\u00e3o de Vict\u00f3ria Gomes, que ser\u00e1 a primeira t\u00e9cnica da estrutura desenvolvida para revelar jogadoras. Desde o in\u00edcio do ano, o Coxa tem a gest\u00e3o total da modalidade e encerrou uma\u2026 Read More\">     <meta itemprop=\"image\" content=\"https:\/\/www.umdoisesportes.com.br\/thumbor\/jcB9pUMpZHd_riWEBag4_upkv4s=\/1200x800\/smart\/filters:format(webp)\/https%3A%2F%2Fmedia.umdoisesportes.com.br%2Fmain%2F2026%2F07%2Fvictoria-gomes-coritiba.jpg\">     <meta itemprop=\"width\" content=\"1200\">     <meta itemprop=\"height\" content=\"800\">                      <\/p>\n<div itemprop=\"articleBody\">\n<p>O <strong>Coritiba<\/strong> criou um projeto de categorias de base no futebol feminino e anunciou a contrata\u00e7\u00e3o de <strong>Vict\u00f3ria Gomes<\/strong>, que ser\u00e1 a primeira t\u00e9cnica da estrutura desenvolvida para revelar jogadoras. Desde o in\u00edcio do ano, o Coxa tem a gest\u00e3o total da modalidade e encerrou uma sequ\u00eancia de parcerias com Foz Cataratas, Toledo e, mais recentemente, Imperial, que hoje est\u00e1 com o Athletico.<\/p>\n<p><mark>Vict\u00f3ria Gomes \u00e9 graduada em Educa\u00e7\u00e3o F\u00edsica, p\u00f3s-graduada em Metodologia do Treinamento Aplicado ao Futsal e atualmente p\u00f3s-graduanda em Gest\u00e3o, Comunica\u00e7\u00e3o e Marketing no Esporte. Ela tem experi\u00eancia como coordenadora e t\u00e9cnica em projetos de base e equipes e rendimento, e j\u00e1 ganhou t\u00edtulos nacional e estaduais, al\u00e9m de ser eleita a melhor treinadora no Mundial de Clubes de Futebol 7, <mark>em 2021<\/mark>.<\/mark><\/p>\n<p>No Coritiba, a t\u00e9cnica vai trabalhar de maneira integrada com o futebol profissional e alinhada com o que est\u00e1 sendo desenvolvido pelo treinador Rafael Lopes. O clube ainda ressaltou que \u201ca chegada da profissional marca o in\u00edcio de um trabalho que tem como objetivo desenvolver jovens talentos, fortalecer a modalidade dentro do clube e criar um caminho s\u00f3lido para que meninas possam vestir a camisa alviverde desde as categorias de base at\u00e9 o futebol profissional\u201d.<\/p>\n<hr>\n<blockquote>\n<p><strong>\u201c\u00c9 uma honra fazer parte deste momento hist\u00f3rico do Coritiba. Iniciar um projeto como esse representa uma grande responsabilidade e, ao mesmo tempo, uma enorme motiva\u00e7\u00e3o. Queremos construir uma base s\u00f3lida, formando atletas e pessoas, para que o clube colha os frutos desse trabalho nos pr\u00f3ximos anos\u201d,<\/strong> afirmou Vict\u00f3ria Gomes.<\/p>\n<\/blockquote>\n<hr>\n<h2>Time profissional do Coritiba mira acesso no Campeonato Brasileiro<\/h2>\n<p>Enquanto inicia o trabalho nas categorias de base, o time do Coritiba vive semanas decisivas na S\u00e9rie A3 do Campeonato Brasileiro. O Coxa est\u00e1 nas quartas de final contra o Realidade Jovem, de S\u00e3o Paulo, e disputa o acesso in\u00e9dito para a Segunda Divis\u00e3o. O jogo de ida est\u00e1 marcado para o pr\u00f3ximo s\u00e1bado (1\u00ba), \u00e0s 15h, no CT da Graciosa. J\u00e1 o duelo decisivo ocorre no dia 08, no mesmo hor\u00e1rio, no Teixeir\u00e3o, em Rio Preto.<\/p>\n<p>Na \u00faltima segunda-feira (20), o Coritiba encerrou sua melhor campanha na Copa do Brasil com a derrota nas oitavas de final para o Internacional por 1 a 0. No ano passado, a equipe alviverde chegou at\u00e9 a terceira fase, mas perdeu da tradicional Ferrovi\u00e1ria. Ou seja, o Coxa s\u00f3 caiu na competi\u00e7\u00e3o de mata-mata para os times que disputam a elite do Campeonato Brasileiro.<\/p>\n<figure><figcaption>Coritiba se despediu nas oitavas da Copa do Brasil. (Foto: Coritiba)<\/figcaption><\/figure>\n<p>\u201cSaio satisfeito com o desempenho da equipe. Tivemos muita entrega e muita responsabilidade t\u00e1tica. Conseguimos nivelar o jogo. Sofremos o gol, mas criamos chances para empatar e, em alguns momentos, tivemos at\u00e9 mais volume de jogo que o Internacional\u2019, disse Rafael Lopes. \u201cIsso mostra que estamos no caminho certo. Agora teremos duas batalhas contra o Realidade Jovem na disputa pelo acesso \u00e0 S\u00e9rie A2\u201d, acrescentou o t\u00e9cnico.<\/p>\n<h2 id=\"h-siga-o-umdois-esportes\">Siga o UmDois Esportes<\/h2>\n<ul>            <\/ul>\n<\/p><\/div>\n<div itemscope itemtype=\"https:\/\/schema.org\/Person\">\n<p>Pedro Melo<!-- Author End -->&#8221; itemprop=&#8221;image&#8221; data-src=&#8221;https:\/\/media.umdoisesportes.com.br\/main\/2025\/03\/20110927\/pedro_melo.png&#8221; src=&#8221;https:\/\/media.umdoisesportes.com.br\/main\/2025\/03\/20110927\/pedro_melo.png&#8221;>                     <\/p>\n<div>\n<p>Jornalista formado na PUC-PR e especialista em Gest\u00e3o e Marketing no Esporte pela Uninter. Experi\u00eancia em cobertura esportiva pela R\u00e1dio Banda B, Globo Esporte Paran\u00e1, Rede CNT e Paran\u00e1 Portal. Colabora com o UmDois Esportes desde 2024, como rep\u00f3rter. <\/p>\n<ul>\n<li>                             Pedro Melo<!-- Author End --> no LinkedIn&#8221;>                                                                                       <\/li>\n<\/ul><\/div>\n<\/p><\/div>\n<section>\n<h2>Tudo sobre<\/h2>\n<ul itemprop=\"keywords\">\n<li>                 coritiba             <\/li>\n<\/ul>\n<\/section>\n<section itemscope itemtype=\"https:\/\/schema.org\/ItemList\">     <meta itemprop=\"name\" content=\"Veja tamb\u00e9m\">     <\/p>\n<h2>Veja tamb\u00e9m:<\/h2>\n<\/section><\/div>\n","protected":false},"excerpt":{"rendered":"<p>O Coritiba criou um projeto de categorias de base no futebol feminino e anunciou a contrata\u00e7\u00e3o de Vict\u00f3ria Gomes, que ser\u00e1 a&hellip;<\/p>\n","protected":false},"author":174,"featured_media":25470,"comment_status":"closed","ping_status":"closed","sticky":false,"template":"","format":"standard","meta":{"_lmt_disableupdate":"","_lmt_disable":"","footnotes":""},"categories":[8],"tags":[],"class_list":["post-25469","post","type-post","status-publish","format-standard","has-post-thumbnail","hentry","category-esportes"],"_links":{"self":[{"href":"https:\/\/csimaster.com\/noticia2025\/wp-json\/wp\/v2\/posts\/25469","targetHints":{"allow":["GET"]}}],"collection":[{"href":"https:\/\/csimaster.com\/noticia2025\/wp-json\/wp\/v2\/posts"}],"about":[{"href":"https:\/\/csimaster.com\/noticia2025\/wp-json\/wp\/v2\/types\/post"}],"author":[{"embeddable":true,"href":"https:\/\/csimaster.com\/noticia2025\/wp-json\/wp\/v2\/users\/174"}],"replies":[{"embeddable":true,"href":"https:\/\/csimaster.com\/noticia2025\/wp-json\/wp\/v2\/comments?post=25469"}],"version-history":[{"count":0,"href":"https:\/\/csimaster.com\/noticia2025\/wp-json\/wp\/v2\/posts\/25469\/revisions"}],"wp:featuredmedia":[{"embeddable":true,"href":"https:\/\/csimaster.com\/noticia2025\/wp-json\/wp\/v2\/media\/25470"}],"wp:attachment":[{"href":"https:\/\/csimaster.com\/noticia2025\/wp-json\/wp\/v2\/media?parent=25469"}],"wp:term":[{"taxonomy":"category","embeddable":true,"href":"https:\/\/csimaster.com\/noticia2025\/wp-json\/wp\/v2\/categories?post=25469"},{"taxonomy":"post_tag","embeddable":true,"href":"https:\/\/csimaster.com\/noticia2025\/wp-json\/wp\/v2\/tags?post=25469"}],"curies":[{"name":"wp","href":"https:\/\/api.w.org\/{rel}","templated":true}]}}