{"id":25465,"date":"2026-07-22T13:31:05","date_gmt":"2026-07-22T16:31:05","guid":{"rendered":"https:\/\/csimaster.com\/noticia2025\/apos-polemica-gramado-da-arena-da-baixada-e-inspecionado-pela-fifa\/"},"modified":"2026-07-22T13:31:05","modified_gmt":"2026-07-22T16:31:05","slug":"apos-polemica-gramado-da-arena-da-baixada-e-inspecionado-pela-fifa","status":"publish","type":"post","link":"https:\/\/csimaster.com\/noticia2025\/apos-polemica-gramado-da-arena-da-baixada-e-inspecionado-pela-fifa\/","title":{"rendered":"Ap\u00f3s pol\u00eamica, gramado da Arena da Baixada \u00e9 inspecionado pela Fifa"},"content":{"rendered":"<div>                           <meta itemprop=\"mainEntityOfPage\" content=\"https:\/\/www.umdoisesportes.com.br\/athletico\/polemica-gramado-arena-baixada-inspecionado-fifa\/\"> <meta itemprop=\"datePublished\" content=\"2026-07-22T10:08:35-03:00\"> <meta itemprop=\"dateModified\" content=\"2026-07-22T10:08:35-03:00\"> <meta itemprop=\"author\" content=\"Pedro Melo\"> <meta itemprop=\"url\" content=\"https:\/\/www.umdoisesportes.com.br\/athletico\/polemica-gramado-arena-baixada-inspecionado-fifa\/\"> <meta itemprop=\"publisher\" content=\"UmDois Esportes: Not\u00edcias do esporte paranaense e brasileiro\"> <meta itemprop=\"headline\" content=\"Ap\u00f3s pol\u00eamica, gramado da Arena da Baixada \u00e9 inspecionado pela Fifa\"> <meta itemprop=\"description\" content=\"O Athletico recebeu, na noite de ter\u00e7a-feira (21), funcion\u00e1rios de laborat\u00f3rio especializado e homologado pela Fifa para testar a nova grama sint\u00e9tica da Arena da Baixada. O Rubro-Negro estreou o gramado na vit\u00f3ria por 3 a 0 sobre o Fortaleza, pelo Campeonato\u2026 Read More\">     <meta itemprop=\"image\" content=\"https:\/\/www.umdoisesportes.com.br\/thumbor\/Rs2Yhvn9_f4gMaH_VkoYv0tkv3w=\/1200x800\/smart\/filters:format(webp)\/https%3A%2F%2Fmedia.umdoisesportes.com.br%2Fmain%2F2026%2F07%2Fteste-gramado-arena-da-baixada-athletico.jpg\">     <meta itemprop=\"width\" content=\"1200\">     <meta itemprop=\"height\" content=\"800\">                      <\/p>\n<div itemprop=\"articleBody\">\n<p>O <strong>Athletico <\/strong>recebeu, na noite de ter\u00e7a-feira (21), funcion\u00e1rios de laborat\u00f3rio especializado e homologado pela Fifa para testar a nova grama sint\u00e9tica da Arena da Baixada. O Rubro-Negro estreou o gramado na vit\u00f3ria por 3 a 0 sobre o Fortaleza, pelo Campeonato Brasileiro sub-17.<\/p>\n<p><mark>Durante os testes, os funcio\u00e1rios garantem que o gramado tem os requisitos necess\u00e1rios para desempenho em jogo, seguran\u00e7a, durabilidade e garantia de qualidade. Ainda avaliam par\u00e2metros da rela\u00e7\u00e3o da bola e da intera\u00e7\u00e3o do atleta com o gramado, al\u00e9m do quique e rolagem da bola, absor\u00e7\u00e3o de impacto e tra\u00e7\u00e3o.<\/mark><\/p>\n<p>A certifica\u00e7\u00e3o da Fifa para o novo gramado da Arena da Baixada ser\u00e1 emitida nos pr\u00f3ximos dias. O Athletico utilizar\u00e1 a grama sint\u00e9tica para o primeiro jogo em casa na volta do Campeonato Brasileiro contra o Internacional, no s\u00e1bado (25), \u00e0s 18h30.<\/p>\n<figure><figcaption>(Fotos: Yan Guimar\u00e3es\/Athletico)<\/figcaption><\/figure>\n<h2>Torcedores criticam cor do novo gramado do Athletico<\/h2>\n<p>A grama artificial est\u00e1 com o\u00a0<strong>tom amarelado<\/strong>, principalmente em uma faixa do campo, e rendeu cr\u00edticas de parte dos torcedores que acompanharam a transmiss\u00e3o da partida ao vivo na Rede Furac\u00e3o, canal oficial do clube no <em>Youtube<\/em>.<\/p>\n<p>Essa predomin\u00e2ncia amarelada no novo gramado acontece pela presen\u00e7a da corti\u00e7a, utilizada no preenchimento do gramado ao inv\u00e9s da fibra de coco, utilizada no antigo sint\u00e9tico. Segundo o Athletico, a corti\u00e7a ainda est\u00e1 muito superficial e a colora\u00e7\u00e3o deve mudar com o passar dos dias.<\/p>\n<p>O Athletico decidiu utilizar a corti\u00e7a ao inv\u00e9s da fibra de coco, seguindo o exemplo de Botafogo e o Palmeiras. O material tamb\u00e9m \u00e9 utilizado nos gramados do Engenh\u00e3o e Nubank Parque, respectivamente.<\/p>\n<figure><figcaption>Athletico trocou gramado sint\u00e9tico. (Foto:  Duda Matoso\/Athletico).<\/figcaption><\/figure>\n<p>De\u00a0origem vegetal e org\u00e2nico, a corti\u00e7a passou a ser avaliada como melhor op\u00e7\u00e3o do mercado. Isso porque tem uma capacidade maior de isolamento t\u00e9rmico, o que evita o aumento da temperatura do gramado, e ainda cont\u00e9m um \u00f3timo amortecimento, o que ajuda na pr\u00e1tica do futebol. <\/p>\n<p>Ou seja, a corti\u00e7a tamb\u00e9m serve de complemento ao\u00a0<em>shock pad<\/em>, estrutura de amortecimento que fica embaixo do novo gramado. O sistema \u00e9 respons\u00e1vel por absorver impactos e proporcionar maior seguran\u00e7a e conforto aos atletas, o que assegura melhores condi\u00e7\u00f5es de jogo, conforto aos jogadores e tamb\u00e9m maior durabilidade do campo.<\/p>\n<p>Para quem jogou, a percep\u00e7\u00e3o \u00e9 diferente. Autor do primeiro gol da nova grama sint\u00e9tica da Arena da Baixada, o atacante Willian Bispo s\u00f3 foi elogios. <\/p>\n<hr>\n<blockquote>\n<p><strong>\u201cFiquei feliz em fazer o primeiro gol nesse gramado espetacular. A diferen\u00e7a \u00e9 que deu para fazer melhor o nosso jogo, nosso jogo r\u00e1pido, o jogo do Athletico. Nada a reclamar desse gramado, que est\u00e1 impec\u00e1vel\u201d<\/strong>, destacou Willian Bispo.<\/p>\n<\/blockquote>\n<hr>\n<figure><\/figure>\n<h2 id=\"h-siga-o-umdois-esportes\">Siga o UmDois Esportes<\/h2>\n<ul>            <\/ul>\n<\/p><\/div>\n<div itemscope itemtype=\"https:\/\/schema.org\/Person\">\n<p>Pedro Melo<!-- Author End -->&#8221; itemprop=&#8221;image&#8221; data-src=&#8221;https:\/\/media.umdoisesportes.com.br\/main\/2025\/03\/20110927\/pedro_melo.png&#8221; src=&#8221;https:\/\/media.umdoisesportes.com.br\/main\/2025\/03\/20110927\/pedro_melo.png&#8221;>                     <\/p>\n<div>\n<p>Jornalista formado na PUC-PR e especialista em Gest\u00e3o e Marketing no Esporte pela Uninter. Experi\u00eancia em cobertura esportiva pela R\u00e1dio Banda B, Globo Esporte Paran\u00e1, Rede CNT e Paran\u00e1 Portal. Colabora com o UmDois Esportes desde 2024, como rep\u00f3rter. <\/p>\n<ul>\n<li>                             Pedro Melo<!-- Author End --> no LinkedIn&#8221;>                                                                                       <\/li>\n<\/ul><\/div>\n<\/p><\/div>\n<section>\n<h2>Tudo sobre<\/h2>\n<ul itemprop=\"keywords\">\n<li>                 Athletico             <\/li>\n<\/ul>\n<\/section>\n<section itemscope itemtype=\"https:\/\/schema.org\/ItemList\">     <meta itemprop=\"name\" content=\"Veja tamb\u00e9m\">     <\/p>\n<h2>Veja tamb\u00e9m:<\/h2>\n<\/section><\/div>\n","protected":false},"excerpt":{"rendered":"<p>O Athletico recebeu, na noite de ter\u00e7a-feira (21), funcion\u00e1rios de laborat\u00f3rio especializado e homologado pela Fifa para testar a nova grama sint\u00e9tica&hellip;<\/p>\n","protected":false},"author":174,"featured_media":25466,"comment_status":"closed","ping_status":"closed","sticky":false,"template":"","format":"standard","meta":{"_lmt_disableupdate":"","_lmt_disable":"","footnotes":""},"categories":[8],"tags":[],"class_list":["post-25465","post","type-post","status-publish","format-standard","has-post-thumbnail","hentry","category-esportes"],"_links":{"self":[{"href":"https:\/\/csimaster.com\/noticia2025\/wp-json\/wp\/v2\/posts\/25465","targetHints":{"allow":["GET"]}}],"collection":[{"href":"https:\/\/csimaster.com\/noticia2025\/wp-json\/wp\/v2\/posts"}],"about":[{"href":"https:\/\/csimaster.com\/noticia2025\/wp-json\/wp\/v2\/types\/post"}],"author":[{"embeddable":true,"href":"https:\/\/csimaster.com\/noticia2025\/wp-json\/wp\/v2\/users\/174"}],"replies":[{"embeddable":true,"href":"https:\/\/csimaster.com\/noticia2025\/wp-json\/wp\/v2\/comments?post=25465"}],"version-history":[{"count":0,"href":"https:\/\/csimaster.com\/noticia2025\/wp-json\/wp\/v2\/posts\/25465\/revisions"}],"wp:featuredmedia":[{"embeddable":true,"href":"https:\/\/csimaster.com\/noticia2025\/wp-json\/wp\/v2\/media\/25466"}],"wp:attachment":[{"href":"https:\/\/csimaster.com\/noticia2025\/wp-json\/wp\/v2\/media?parent=25465"}],"wp:term":[{"taxonomy":"category","embeddable":true,"href":"https:\/\/csimaster.com\/noticia2025\/wp-json\/wp\/v2\/categories?post=25465"},{"taxonomy":"post_tag","embeddable":true,"href":"https:\/\/csimaster.com\/noticia2025\/wp-json\/wp\/v2\/tags?post=25465"}],"curies":[{"name":"wp","href":"https:\/\/api.w.org\/{rel}","templated":true}]}}