{"id":25407,"date":"2026-07-20T13:31:08","date_gmt":"2026-07-20T16:31:08","guid":{"rendered":"https:\/\/csimaster.com\/noticia2025\/carolina-dieckmmann-reflete-sobre-saudade-um-ano-apos-morte-de-preta-gil\/"},"modified":"2026-07-20T13:31:12","modified_gmt":"2026-07-20T16:31:12","slug":"carolina-dieckmmann-reflete-sobre-saudade-um-ano-apos-morte-de-preta-gil","status":"publish","type":"post","link":"https:\/\/csimaster.com\/noticia2025\/carolina-dieckmmann-reflete-sobre-saudade-um-ano-apos-morte-de-preta-gil\/","title":{"rendered":"Carolina Dieckmmann reflete sobre saudade um ano ap\u00f3s morte de Preta Gil"},"content":{"rendered":"<div data-single-content=\"true\">\n<p>A atriz Carolina Dieckmmann, 47, compartilhou um v\u00eddeo sobre saudade nesta segunda-feira (20), e afirmou que &#8220;o Dia da Amizade virou o dia da saudade&#8221;. A data coincide com o dia da morte de Preta Gil (1974-2025), h\u00e1 um ano atr\u00e1s.<\/p>\n<p>&#8220;E pra mim, o dia da amizade virou o dia da saudade&#8230; Esse texto n\u00e3o \u00e9 meu; uns dizem Clarice Lispector, outros, que tem algo de Antonio Carlos Affonso dos Santos. A verdade \u00e9 que eu n\u00e3o sei, mas \u00e9 t\u00e3o bonito quando a gente sente que algu\u00e9m que a gente nem conhece diz exatamente o que a gente queria dizer, e n\u00e3o soube como. Hoje t\u00e1 mais dif\u00edcil dizer qualquer coisa&#8221;, iniciou ela.<\/p>\n<p>No v\u00eddeo, Carolina Dieckmmann diz que sente saudades em momentos simples da rotina, quando v\u00ea retratos ou sente cheiros.<\/p>\n<p>&#8220;Saudade. Eu sinto saudade de tudo que marcou minha vida. Quando eu vejo retratos, quando eu sinto cheiros, quando eu escuto uma voz, quando eu me lembro do passado. Eu sinto saudade. Sinto saudade de amigos que nunca mais eu vi, de pessoas que nunca mais falei ou cruzei&#8221;, acrescentou.<\/p>\n<p>A atriz tamb\u00e9m citou despedidas que n\u00e3o aconteceram e momentos passados nos quais ela pode n\u00e3o ter vivido &#8220;na totalidade&#8221;.<\/p>\n<p>&#8220;Eu sinto saudade dos que foram e de quem eu n\u00e3o me despedi direito, daqueles que n\u00e3o tiveram como me dizer adeus. Eu sinto saudade das coisas que eu vivi e das que eu deixei passar sem curtir na totalidade. Quantas vezes eu tenho vontade de encontrar n\u00e3o sei o qu\u00ea, n\u00e3o sei onde, para resgatar alguma coisa que eu nem sei o que \u00e9, e nem onde eu perdi&#8221;.<\/p>\n<p>Carolina Dieckmmann era uma das melhores amigas da cantora Preta Gil, que morreu no dia 20 de julho de 2025, aos 50 anos. Na \u00e9poca, ela realizada um tratamento experimental contra o c\u00e2ncer colorretal, nos Estados Unidos. Nesta segunda (20), a atriz compareceu \u00e0 missa de um ano da morte da artista.<\/p>\n<blockquote data-instgrm-captioned data-instgrm-permalink=\"https:\/\/www.instagram.com\/reel\/DbBAkvtOf3u\/?utm_source=ig_embed&#038;utm_campaign=loading\" data-instgrm-version=\"14\"><\/blockquote><\/div>\n","protected":false},"excerpt":{"rendered":"<p>A atriz Carolina Dieckmmann, 47, compartilhou um v\u00eddeo sobre saudade nesta segunda-feira (20), e afirmou que &#8220;o Dia da Amizade virou o&hellip;<\/p>\n","protected":false},"author":50,"featured_media":25408,"comment_status":"closed","ping_status":"closed","sticky":false,"template":"","format":"standard","meta":{"_lmt_disableupdate":"","_lmt_disable":"","footnotes":""},"categories":[18],"tags":[],"class_list":["post-25407","post","type-post","status-publish","format-standard","has-post-thumbnail","hentry","category-regiao"],"_links":{"self":[{"href":"https:\/\/csimaster.com\/noticia2025\/wp-json\/wp\/v2\/posts\/25407","targetHints":{"allow":["GET"]}}],"collection":[{"href":"https:\/\/csimaster.com\/noticia2025\/wp-json\/wp\/v2\/posts"}],"about":[{"href":"https:\/\/csimaster.com\/noticia2025\/wp-json\/wp\/v2\/types\/post"}],"author":[{"embeddable":true,"href":"https:\/\/csimaster.com\/noticia2025\/wp-json\/wp\/v2\/users\/50"}],"replies":[{"embeddable":true,"href":"https:\/\/csimaster.com\/noticia2025\/wp-json\/wp\/v2\/comments?post=25407"}],"version-history":[{"count":0,"href":"https:\/\/csimaster.com\/noticia2025\/wp-json\/wp\/v2\/posts\/25407\/revisions"}],"wp:featuredmedia":[{"embeddable":true,"href":"https:\/\/csimaster.com\/noticia2025\/wp-json\/wp\/v2\/media\/25408"}],"wp:attachment":[{"href":"https:\/\/csimaster.com\/noticia2025\/wp-json\/wp\/v2\/media?parent=25407"}],"wp:term":[{"taxonomy":"category","embeddable":true,"href":"https:\/\/csimaster.com\/noticia2025\/wp-json\/wp\/v2\/categories?post=25407"},{"taxonomy":"post_tag","embeddable":true,"href":"https:\/\/csimaster.com\/noticia2025\/wp-json\/wp\/v2\/tags?post=25407"}],"curies":[{"name":"wp","href":"https:\/\/api.w.org\/{rel}","templated":true}]}}