{"id":25259,"date":"2026-07-13T10:35:08","date_gmt":"2026-07-13T13:35:08","guid":{"rendered":"https:\/\/csimaster.com\/noticia2025\/janela-do-athletico-preocupa-e-expoe-problema-cronico\/"},"modified":"2026-07-13T10:35:24","modified_gmt":"2026-07-13T13:35:24","slug":"janela-do-athletico-preocupa-e-expoe-problema-cronico","status":"publish","type":"post","link":"https:\/\/csimaster.com\/noticia2025\/janela-do-athletico-preocupa-e-expoe-problema-cronico\/","title":{"rendered":"Janela do Athletico preocupa e exp\u00f5e problema cr\u00f4nico"},"content":{"rendered":"<div>                           <meta itemprop=\"mainEntityOfPage\" content=\"https:\/\/www.umdoisesportes.com.br\/colunas-e-blogs\/augusto-mafuz\/janela-athletico-preocupa-expoe-problema-cronico\/\"> <meta itemprop=\"datePublished\" content=\"2026-07-12T11:35:16-03:00\"> <meta itemprop=\"dateModified\" content=\"2026-07-12T11:35:16-03:00\"> <meta itemprop=\"author\" content=\"Augusto Mafuz\"> <meta itemprop=\"url\" content=\"https:\/\/www.umdoisesportes.com.br\/colunas-e-blogs\/augusto-mafuz\/janela-athletico-preocupa-expoe-problema-cronico\/\"> <meta itemprop=\"publisher\" content=\"UmDois Esportes: Not\u00edcias do esporte paranaense e brasileiro\"> <meta itemprop=\"headline\" content=\"Janela do Athletico preocupa e exp\u00f5e problema cr\u00f4nico\"> <meta itemprop=\"description\" content=\"Entrou no avi\u00e3o da Leila e viajou at\u00e9 Salta, na Argentina.\u00a0Em um ambiente agr\u00edcola e montanhoso, foi jogar com o Boca Juniors. Perdeu: 1\u00d70.\u00a0Sem Viveros, seu artilheiro, daria a camisa 9 para Marco Ruben, seu \u00eddolo que devia estar por perto.Para entregar o avi\u00e3o \u00e0 Leila,\u2026 Read More\">     <meta itemprop=\"image\" content=\"https:\/\/www.umdoisesportes.com.br\/thumbor\/zO5xaEhqyq-ghQzU8BwhzZ1doi4=\/1200x800\/smart\/filters:format(webp)\/https%3A%2F%2Fmedia.umdoisesportes.com.br%2Fmain%2F2025%2F09%2F08121053%2FMontagens-GERAIS-2025-09-08T121051.116.jpg\">     <meta itemprop=\"width\" content=\"1200\">     <meta itemprop=\"height\" content=\"800\">                      <\/p>\n<div itemprop=\"articleBody\">\n<p>Entrou no avi\u00e3o da Leila e viajou at\u00e9 Salta, na Argentina.\u00a0Em um ambiente agr\u00edcola e montanhoso, foi jogar com o Boca Juniors. Perdeu: 1\u00d70.\u00a0Sem Viveros, seu artilheiro, daria a camisa 9 para Marco Ruben, seu \u00eddolo que devia estar por perto.<\/p>\n<p>Para entregar o avi\u00e3o \u00e0 Leila, retornou por Campinas e foi a Bragan\u00e7a Paulista. L\u00e1 jogou contra o Bragantino. Perdeu: 2\u00d71.<\/p>\n<p>E, assim, o <strong>Athletico<\/strong> terminou a sua aventura enquanto s\u00e3o disputadas as finais da Copa do Mundo, nos Estados Unidos.\u00a0Na bagagem trouxe duas derrotas, talvez, vinhos das vin\u00edcolas de altitude de Cafayeate, em Salta, e uma certeza:\u00a0o velho problema no meio campo continua.<\/p>\n<p>O Furac\u00e3o est\u00e1 indo mal nessa janela de contrata\u00e7\u00e3o. Com o dinheiro na conta do ch\u00e1, voltou ao mercado paralelo que oferece jogador barato, mas n\u00e3o necessariamente bom.\u00a0<\/p>\n<p>Dele, vieram o veterano Gilberto, dispensado pelo Bahia, o zagueiro Dantas, que est\u00e1 suspenso por uso de cannabis como medicamento, e o atacante colombiano Jorge Rivaldo, tratado como \u201cjogador do futuro\u201d.<\/p>\n<figure><figcaption>Dantas: novo zagueiro do Athletico chega suspenso por uso de cannabis como medicamento. (Foto: Luis Miguel Ferreira\/Athletico)<\/figcaption><\/figure>\n<p>Quer dizer: o Athletico contratou um lateral passado, um atacante do futuro e um zagueiro suspenso por doping.\u00a0Para o meio campo, ningu\u00e9m, esperando que algum dia Bruno Zapelli jogue como um \u201cmago\u201d como os argentinos o venderam.\u00a0<\/p>\n<p>No entanto, Odair Helmann, o treinador, voltou e disse:<\/p>\n<blockquote>\n<p><strong>\u00a0\u00a0\u00a0\u00a0\u00a0\u00a0\u00a0 \u2013 Est\u00e1 tudo bem, tudo \u00f3timo!<\/strong><\/p>\n<\/blockquote>\n<p>Acabando a Copa, vai acabar o sossego dos apaixonados.<\/p>\n<div>\n<figure><\/figure>\n<\/p><\/div>\n<h2 id=\"h-siga-o-umdois-esportes\">Siga o UmDois Esportes<\/h2>\n<ul>            <\/ul>\n<\/p><\/div>\n<div itemscope itemtype=\"https:\/\/schema.org\/Person\">\n<p>Augusto Mafuz<!-- Author End -->&#8221; itemprop=&#8221;image&#8221; data-src=&#8221;https:\/\/media.umdoisesportes.com.br\/main\/2024\/06\/13161417\/8.png&#8221; src=&#8221;https:\/\/media.umdoisesportes.com.br\/main\/2024\/06\/13161417\/8.png&#8221;>                     <\/p>\n<div>\n<p>Um dos comentaristas esportivos mais tradicionais de Curitiba, conhecido por sua cobertura do Athletico, Coritiba e outros times da capital. Nascido em Guarapuava em 11 de maio de 1949, Mafuz \u00e9 figura central no jornalismo esportivo local por d\u00e9cadas por causa de seu texto apurado e opin\u00f5es contundentes.<\/p>\n<ul>                                                                                                 <\/ul>\n<\/p><\/div>\n<\/p><\/div>\n<section>\n<h2>Tudo sobre<\/h2>\n<ul itemprop=\"keywords\">\n<li>                 Athletico             <\/li>\n<\/ul>\n<\/section>\n<section itemscope itemtype=\"https:\/\/schema.org\/ItemList\">     <meta itemprop=\"name\" content=\"Veja tamb\u00e9m\">     <\/p>\n<h2>Veja tamb\u00e9m:<\/h2>\n<\/section><\/div>\n","protected":false},"excerpt":{"rendered":"<p>Entrou no avi\u00e3o da Leila e viajou at\u00e9 Salta, na Argentina.\u00a0Em um ambiente agr\u00edcola e montanhoso, foi jogar com o Boca Juniors.&hellip;<\/p>\n","protected":false},"author":192,"featured_media":25260,"comment_status":"closed","ping_status":"closed","sticky":false,"template":"","format":"standard","meta":{"_lmt_disableupdate":"","_lmt_disable":"","footnotes":""},"categories":[8],"tags":[],"class_list":["post-25259","post","type-post","status-publish","format-standard","has-post-thumbnail","hentry","category-esportes"],"_links":{"self":[{"href":"https:\/\/csimaster.com\/noticia2025\/wp-json\/wp\/v2\/posts\/25259","targetHints":{"allow":["GET"]}}],"collection":[{"href":"https:\/\/csimaster.com\/noticia2025\/wp-json\/wp\/v2\/posts"}],"about":[{"href":"https:\/\/csimaster.com\/noticia2025\/wp-json\/wp\/v2\/types\/post"}],"author":[{"embeddable":true,"href":"https:\/\/csimaster.com\/noticia2025\/wp-json\/wp\/v2\/users\/192"}],"replies":[{"embeddable":true,"href":"https:\/\/csimaster.com\/noticia2025\/wp-json\/wp\/v2\/comments?post=25259"}],"version-history":[{"count":0,"href":"https:\/\/csimaster.com\/noticia2025\/wp-json\/wp\/v2\/posts\/25259\/revisions"}],"wp:featuredmedia":[{"embeddable":true,"href":"https:\/\/csimaster.com\/noticia2025\/wp-json\/wp\/v2\/media\/25260"}],"wp:attachment":[{"href":"https:\/\/csimaster.com\/noticia2025\/wp-json\/wp\/v2\/media?parent=25259"}],"wp:term":[{"taxonomy":"category","embeddable":true,"href":"https:\/\/csimaster.com\/noticia2025\/wp-json\/wp\/v2\/categories?post=25259"},{"taxonomy":"post_tag","embeddable":true,"href":"https:\/\/csimaster.com\/noticia2025\/wp-json\/wp\/v2\/tags?post=25259"}],"curies":[{"name":"wp","href":"https:\/\/api.w.org\/{rel}","templated":true}]}}