{"id":25213,"date":"2026-07-12T09:34:56","date_gmt":"2026-07-12T12:34:56","guid":{"rendered":"https:\/\/csimaster.com\/noticia2025\/virginia-posa-na-italia-e-vini-jr-se-derrete-perfeita\/"},"modified":"2026-07-12T09:34:57","modified_gmt":"2026-07-12T12:34:57","slug":"virginia-posa-na-italia-e-vini-jr-se-derrete-perfeita","status":"publish","type":"post","link":"https:\/\/csimaster.com\/noticia2025\/virginia-posa-na-italia-e-vini-jr-se-derrete-perfeita\/","title":{"rendered":"Virginia posa na It\u00e1lia e Vini Jr. se derrete: \u201cPerfeita\u201d"},"content":{"rendered":"<div data-single-content=\"true\">\n<p><strong>Virginia Fonseca<\/strong>, 26, compartilhou as primeiras fotos de sua viagem para a It\u00e1lia e ganhou um elogio de Vini Jr.. A influenciadora est\u00e1 no pa\u00eds junto dos filhos Maria Alice, 5, Maria Flor, 3 e Jos\u00e9 Leonardo, 1.<\/p>\n<p>A empres\u00e1ria posou para tr\u00eas cliques usando um vestido que deixa o biqu\u00edni \u00e0 mostra, uma bolsa pequena amarela da grife Herm\u00e8s e v\u00e1rios acess\u00f3rios. Em uma das fotos, ela aparece curtindo um passeio de barco.<\/p>\n<p>Nos coment\u00e1rios, os f\u00e3s se derreteram pela influenciadora, incluindo Vini Jr., que escreveu: &#8220;Perfeita&#8221;. At\u00e9 o momento de publica\u00e7\u00e3o desta nota, o elogio do jogador de futebol tinha mais de 94 mil curtidas.<\/p>\n<p>&#8220;Que linda!&#8221;, escreveu um seguidor. Outro disse: &#8220;Dessa vez voc\u00ea se superou&#8221;.<\/p>\n<p>No s\u00e1bado (11), a influenciadora mostrou que est\u00e1 em Sardenha, uma ilha italiana no Mediterr\u00e2neo. Ela est\u00e1 acompanhada de amigos e dos filhos.<\/p>\n<p>Vale destacar que alguns f\u00e3s apontaram que teriam visto o reflexo de Vini Jr. em um story de Virginia. Confira print abaixo.<\/p>\n<div data-image=\"true\" tabindex=\"0\" role=\"button\" aria-controls=\"modal-content\" aria-expanded=\"false\" aria-haspopup=\"true\">\n<figure><figcaption><span>F\u00e3s disseram ter visto Vini Jr. em reflexo de story de Virginia \u2022 Instagram\/Virginia<\/span><\/figcaption><\/figure>\n<\/div>\n<div data-image=\"true\" tabindex=\"0\" role=\"button\" aria-controls=\"modal-content\" aria-expanded=\"false\" aria-haspopup=\"true\">\n<figure><figcaption><span>Virginia ganha coment\u00e1rio de Vini Jr. \u2022 Instagram\/Virginia<\/span><\/figcaption><\/figure>\n<\/div>\n<blockquote data-instgrm-captioned data-instgrm-permalink=\"https:\/\/www.instagram.com\/p\/DarAjLyjN97\/?utm_source=ig_embed&#038;utm_campaign=loading\" data-instgrm-version=\"14\"><\/blockquote>\n<h2>Alvo de investiga\u00e7\u00e3o<\/h2>\n<p>Apesar do clima de f\u00e9rias, Virginia est\u00e1 sendo acusada pelo Minist\u00e9rio P\u00fablico do Distrito Federal e Territ\u00f3rios de fazer parte de uma engenharia comportamental predat\u00f3ria, com ilus\u00f5es e oculta\u00e7\u00f5es, para captar apostadores na divulga\u00e7\u00e3o de bets ao longo da Copa do Mundo.<\/p>\n<p>O Minist\u00e9rio P\u00fablico pediu a condena\u00e7\u00e3o solid\u00e1ria da Blaze e da influenciadora ao pagamento de indeniza\u00e7\u00e3o por danos morais coletivos de R$ 120 milh\u00f5es.<\/p>\n<p>A defesa da influenciadora &#8220;refuta as alega\u00e7\u00f5es manifestadas na a\u00e7\u00e3o, especialmente qualquer afirma\u00e7\u00e3o de conluio, atua\u00e7\u00e3o predat\u00f3ria ou inten\u00e7\u00e3o de causar preju\u00edzo aos consumidores&#8221;.<\/p>\n<p><em>*Publicado por Mirella Cordeiro, da CNN Brasil<\/em><\/p>\n<\/p><\/div>\n","protected":false},"excerpt":{"rendered":"<p>Virginia Fonseca, 26, compartilhou as primeiras fotos de sua viagem para a It\u00e1lia e ganhou um elogio de Vini Jr.. A influenciadora&hellip;<\/p>\n","protected":false},"author":222,"featured_media":25214,"comment_status":"closed","ping_status":"closed","sticky":false,"template":"","format":"standard","meta":{"_lmt_disableupdate":"","_lmt_disable":"","footnotes":""},"categories":[18],"tags":[],"class_list":["post-25213","post","type-post","status-publish","format-standard","has-post-thumbnail","hentry","category-regiao"],"_links":{"self":[{"href":"https:\/\/csimaster.com\/noticia2025\/wp-json\/wp\/v2\/posts\/25213","targetHints":{"allow":["GET"]}}],"collection":[{"href":"https:\/\/csimaster.com\/noticia2025\/wp-json\/wp\/v2\/posts"}],"about":[{"href":"https:\/\/csimaster.com\/noticia2025\/wp-json\/wp\/v2\/types\/post"}],"author":[{"embeddable":true,"href":"https:\/\/csimaster.com\/noticia2025\/wp-json\/wp\/v2\/users\/222"}],"replies":[{"embeddable":true,"href":"https:\/\/csimaster.com\/noticia2025\/wp-json\/wp\/v2\/comments?post=25213"}],"version-history":[{"count":0,"href":"https:\/\/csimaster.com\/noticia2025\/wp-json\/wp\/v2\/posts\/25213\/revisions"}],"wp:featuredmedia":[{"embeddable":true,"href":"https:\/\/csimaster.com\/noticia2025\/wp-json\/wp\/v2\/media\/25214"}],"wp:attachment":[{"href":"https:\/\/csimaster.com\/noticia2025\/wp-json\/wp\/v2\/media?parent=25213"}],"wp:term":[{"taxonomy":"category","embeddable":true,"href":"https:\/\/csimaster.com\/noticia2025\/wp-json\/wp\/v2\/categories?post=25213"},{"taxonomy":"post_tag","embeddable":true,"href":"https:\/\/csimaster.com\/noticia2025\/wp-json\/wp\/v2\/tags?post=25213"}],"curies":[{"name":"wp","href":"https:\/\/api.w.org\/{rel}","templated":true}]}}