{"id":25201,"date":"2026-07-11T09:35:21","date_gmt":"2026-07-11T12:35:21","guid":{"rendered":"https:\/\/csimaster.com\/noticia2025\/athletico-faz-ultimo-teste-na-intertemporada-contra-o-red-bull-bragantino-assista-ao-vivo\/"},"modified":"2026-07-11T09:35:22","modified_gmt":"2026-07-11T12:35:22","slug":"athletico-faz-ultimo-teste-na-intertemporada-contra-o-red-bull-bragantino-assista-ao-vivo","status":"publish","type":"post","link":"https:\/\/csimaster.com\/noticia2025\/athletico-faz-ultimo-teste-na-intertemporada-contra-o-red-bull-bragantino-assista-ao-vivo\/","title":{"rendered":"Athletico faz \u00faltimo teste na intertemporada contra o Red Bull Bragantino; assista ao vivo"},"content":{"rendered":"<div>                           <meta itemprop=\"mainEntityOfPage\" content=\"https:\/\/www.umdoisesportes.com.br\/athletico\/red-bull-bragantino-athletico-amistoso-assista-ao-vivo\/\"> <meta itemprop=\"datePublished\" content=\"2026-07-11T05:00:00-03:00\"> <meta itemprop=\"dateModified\" content=\"2026-07-10T11:58:25-03:00\"> <meta itemprop=\"author\" content=\"Pedro Melo\"> <meta itemprop=\"url\" content=\"https:\/\/www.umdoisesportes.com.br\/athletico\/red-bull-bragantino-athletico-amistoso-assista-ao-vivo\/\"> <meta itemprop=\"publisher\" content=\"UmDois Esportes: Not\u00edcias do esporte paranaense e brasileiro\"> <meta itemprop=\"headline\" content=\"Athletico faz \u00faltimo teste na intertemporada contra o Red Bull Bragantino; assista ao vivo\"> <meta itemprop=\"description\" content=\"De olho no calend\u00e1rio intenso do segundo semestre com jogos de Campeonato Brasileiro e Copa do Brasil, o Athletico faz o terceiro e \u00faltimo teste durante a intertemporada. O Rubro-Negro entra em campo para amistoso de S\u00e9rie A com o Red Bull Bragantino, neste s\u00e1bado (11), \u00e0s 10h, no\u2026 Read More\">     <meta itemprop=\"image\" content=\"https:\/\/www.umdoisesportes.com.br\/thumbor\/ChmW5OwHaCHYJ93skVmNlDICXc0=\/1200x800\/smart\/filters:format(webp)\/https%3A%2F%2Fmedia.umdoisesportes.com.br%2Fmain%2F2026%2F04%2Fodair-hellmann-tabu-athletico.jpg\">     <meta itemprop=\"width\" content=\"1200\">     <meta itemprop=\"height\" content=\"800\">                      <\/p>\n<div itemprop=\"articleBody\">\n<p>De olho no calend\u00e1rio intenso do segundo semestre com jogos de Campeonato Brasileiro e Copa do Brasil, o <strong>Athletico <\/strong>faz o terceiro e \u00faltimo teste durante a intertemporada. O Rubro-Negro entra em campo para amistoso de S\u00e9rie A com o <strong>Red Bull Bragantino<\/strong>, neste s\u00e1bado (11), \u00e0s 10h, no est\u00e1dio C\u00edcero de Souza Marques, em Bragan\u00e7a Paulista. A partida vai ter transmiss\u00e3o ao vivo do Massa Bruta TV, canal oficial do clube paulista no\u00a0<strong>YouTube<\/strong>.<\/p>\n<p>Desde o retorno aos treinamentos, o t\u00e9cnico Odair Hellmann observou o elenco em dois testes. O Furac\u00e3o goleou o sub-20 do Andraus por 10 a 0 e perdeu para o Boca Juniors por 1 a 0. No primeiro teste, o treinador mudou os 11 jogadores de um tempo para o outro. E na partida na Argentina, mexeu em metade do time. A avalia\u00e7\u00e3o foi prejudicada pela expuls\u00e3o do goleiro Santos no segundo tempo.<\/p>\n<p>As duas atividades anteriores indicam qual ser\u00e1 a base do time titular do Athletico na volta do Campeonato Brasileiro contra o S\u00e3o Paulo. O goleiro Santos, os zagueiros Arthur Dias, Aguirre e Lucas Esquivel, os laterais Gilberto Moraes e Claudinho, os volantes Luiz Gustavo e Jadson, e o atacante Menedoza come\u00e7aram os dois jogos entre os titulares.<\/p>\n<h2>Athletico tem aus\u00eancias importantes no amistoso<\/h2>\n<figure><figcaption>Viveros pelo Furac\u00e3o. (Foto: Geraldo Bubniak\/ZUMA Press Wire\/Alamy Live News).<\/figcaption><\/figure>\n<p>As principais d\u00favidas s\u00e3o o lateral-direito Benav\u00eddez e o atacante Kevin Viveros. Os dois est\u00e3o com dores no joelho e ficaram em Curitiba para seguirem com o tratamento. O entendimento da comiss\u00e3o t\u00e9cnica de Odair Hellmann \u00e9 que a prioridade \u00e9 ter a dupla \u00e0 disposi\u00e7\u00e3o justamente na volta do Brasileir\u00e3o.<\/p>\n<p>Benav\u00eddez \u00e9 o principal gar\u00e7om do Furac\u00e3o neste ano, com cinco assist\u00eancias no Brasileir\u00e3o. Ele est\u00e1 junto com o meia Jo\u00e3o Cruz, que tamb\u00e9m tem cinco passes para gol na temporada (dois no Estadual e tr\u00eas na S\u00e9rie A). J\u00e1 Viveros, cobi\u00e7ado pelo mundo saudita, \u00e9 o artilheiro do time com 12 gols na temporada. O colombiano, que\u00a0completou um ano no clube\u00a0no fim de junho, est\u00e1 entre os cinco maiores artilheiros gringos da hist\u00f3ria.<\/p>\n<p>\u201cEssa dor aconteceu durante essa semana, nos treinamentos. Eu tirei ele, por exemplo, no primeiro tempo do jogo contra o Andraus para preservar essa situa\u00e7\u00e3o de carga com ele. Essa dor que ele tem n\u00e3o \u00e9 de agora, \u00e9 de um bom tempo. O Viveros j\u00e1 jogou com dor. \u00c9 uma situa\u00e7\u00e3o m\u00e9dica administr\u00e1vel, mas que a gente tem que controlar para que n\u00e3o progrida, n\u00e3o tire performance dele e tamb\u00e9m n\u00e3o o tire de campo\u201d, tranquilizou o t\u00e9cnico, em entrevista \u00e0 r\u00e1dio\u00a0<em>TMC<\/em>.<\/p>\n<h2 id=\"h-siga-o-umdois-esportes\">Siga o UmDois Esportes<\/h2>\n<ul>            <\/ul>\n<\/p><\/div>\n<div itemscope itemtype=\"https:\/\/schema.org\/Person\">\n<p>Pedro Melo<!-- Author End -->&#8221; itemprop=&#8221;image&#8221; data-src=&#8221;https:\/\/media.umdoisesportes.com.br\/main\/2025\/03\/20110927\/pedro_melo.png&#8221; src=&#8221;https:\/\/media.umdoisesportes.com.br\/main\/2025\/03\/20110927\/pedro_melo.png&#8221;>                     <\/p>\n<div>\n<p>Jornalista formado na PUC-PR e especialista em Gest\u00e3o e Marketing no Esporte pela Uninter. Experi\u00eancia em cobertura esportiva pela R\u00e1dio Banda B, Globo Esporte Paran\u00e1, Rede CNT e Paran\u00e1 Portal. Colabora com o UmDois Esportes desde 2024, como rep\u00f3rter. <\/p>\n<ul>\n<li>                             Pedro Melo<!-- Author End --> no LinkedIn&#8221;>                                                                                       <\/li>\n<\/ul><\/div>\n<\/p><\/div>\n<section>\n<h2>Tudo sobre<\/h2>\n<ul itemprop=\"keywords\">\n<li>                 amistoso             <\/li>\n<li>                 Athletico             <\/li>\n<li>                 Campeonato Brasileiro             <\/li>\n<li>                 Red Bull Bragantino             <\/li>\n<\/ul>\n<\/section>\n<section itemscope itemtype=\"https:\/\/schema.org\/ItemList\">     <meta itemprop=\"name\" content=\"Veja tamb\u00e9m\">     <\/p>\n<h2>Veja tamb\u00e9m:<\/h2>\n<\/section><\/div>\n","protected":false},"excerpt":{"rendered":"<p>De olho no calend\u00e1rio intenso do segundo semestre com jogos de Campeonato Brasileiro e Copa do Brasil, o Athletico faz o terceiro&hellip;<\/p>\n","protected":false},"author":174,"featured_media":25202,"comment_status":"closed","ping_status":"closed","sticky":false,"template":"","format":"standard","meta":{"_lmt_disableupdate":"","_lmt_disable":"","footnotes":""},"categories":[8],"tags":[],"class_list":["post-25201","post","type-post","status-publish","format-standard","has-post-thumbnail","hentry","category-esportes"],"_links":{"self":[{"href":"https:\/\/csimaster.com\/noticia2025\/wp-json\/wp\/v2\/posts\/25201","targetHints":{"allow":["GET"]}}],"collection":[{"href":"https:\/\/csimaster.com\/noticia2025\/wp-json\/wp\/v2\/posts"}],"about":[{"href":"https:\/\/csimaster.com\/noticia2025\/wp-json\/wp\/v2\/types\/post"}],"author":[{"embeddable":true,"href":"https:\/\/csimaster.com\/noticia2025\/wp-json\/wp\/v2\/users\/174"}],"replies":[{"embeddable":true,"href":"https:\/\/csimaster.com\/noticia2025\/wp-json\/wp\/v2\/comments?post=25201"}],"version-history":[{"count":0,"href":"https:\/\/csimaster.com\/noticia2025\/wp-json\/wp\/v2\/posts\/25201\/revisions"}],"wp:featuredmedia":[{"embeddable":true,"href":"https:\/\/csimaster.com\/noticia2025\/wp-json\/wp\/v2\/media\/25202"}],"wp:attachment":[{"href":"https:\/\/csimaster.com\/noticia2025\/wp-json\/wp\/v2\/media?parent=25201"}],"wp:term":[{"taxonomy":"category","embeddable":true,"href":"https:\/\/csimaster.com\/noticia2025\/wp-json\/wp\/v2\/categories?post=25201"},{"taxonomy":"post_tag","embeddable":true,"href":"https:\/\/csimaster.com\/noticia2025\/wp-json\/wp\/v2\/tags?post=25201"}],"curies":[{"name":"wp","href":"https:\/\/api.w.org\/{rel}","templated":true}]}}