{"id":24867,"date":"2026-06-27T02:31:21","date_gmt":"2026-06-27T05:31:21","guid":{"rendered":"https:\/\/csimaster.com\/noticia2025\/veja-os-classificados-e-os-confrontos-da-fase-16-avos-de-final-da-copa-do-mundo\/"},"modified":"2026-06-27T02:31:25","modified_gmt":"2026-06-27T05:31:25","slug":"veja-os-classificados-e-os-confrontos-da-fase-16-avos-de-final-da-copa-do-mundo","status":"publish","type":"post","link":"https:\/\/csimaster.com\/noticia2025\/veja-os-classificados-e-os-confrontos-da-fase-16-avos-de-final-da-copa-do-mundo\/","title":{"rendered":"Veja os classificados e os confrontos da fase 16 avos de final da Copa do Mundo"},"content":{"rendered":"<div>                           <meta itemprop=\"mainEntityOfPage\" content=\"https:\/\/www.umdoisesportes.com.br\/copa-do-mundo\/2026\/classificados-confrontos-fase-16-avos-final-copa-do-mundo\/\"> <meta itemprop=\"datePublished\" content=\"2026-06-26T20:06:00-03:00\"> <meta itemprop=\"dateModified\" content=\"2026-06-24T21:06:22-03:00\"> <meta itemprop=\"author\" content=\"Luana Kaseker\"> <meta itemprop=\"url\" content=\"https:\/\/www.umdoisesportes.com.br\/copa-do-mundo\/2026\/classificados-confrontos-fase-16-avos-final-copa-do-mundo\/\"> <meta itemprop=\"publisher\" content=\"UmDois Esportes: Not\u00edcias do esporte paranaense e brasileiro\"> <meta itemprop=\"headline\" content=\"Veja os classificados e os confrontos da fase 16 avos de final da Copa do Mundo\"> <meta itemprop=\"description\" content=\"A Copa do Mundo de 2026 chega \u00e0 fase 16 avos de final. Com 48 participantes pela primeira vez, o Mundial disputado em Estados Unidos, M\u00e9xico e Canad\u00e1 mudou o formato tradicional e passou a contar com esta etapa a mais no mata-mata.Nesta edi\u00e7\u00e3o, 32 sele\u00e7\u00f5es avan\u00e7am depois da\u2026 Read More\">     <meta itemprop=\"image\" content=\"https:\/\/www.umdoisesportes.com.br\/thumbor\/Cc1xVfJIsbW-lpmiKm7aXgdksl8=\/1200x800\/smart\/filters:format(avif)\/https%3A%2F%2Fmedia.umdoisesportes.com.br%2Fmain%2F2026%2F06%2Fselecoes-confrontos-16-avos-copa.jpg\">     <meta itemprop=\"width\" content=\"1200\">     <meta itemprop=\"height\" content=\"800\">                      <\/p>\n<div itemprop=\"articleBody\">\n<p>A <strong>Copa do Mundo de 2026<\/strong> chega \u00e0 fase 16 avos de final. Com 48 participantes pela primeira vez, o Mundial disputado em Estados Unidos, M\u00e9xico e Canad\u00e1 mudou o formato tradicional e passou a contar com esta etapa a mais no mata-mata.<\/p>\n<p>Nesta edi\u00e7\u00e3o, 32 sele\u00e7\u00f5es avan\u00e7am depois da fase de grupos. Al\u00e9m dos dois primeiros colocados de cada uma das 12 chaves, os oito melhores terceiros colocados tamb\u00e9m garantem vaga na segunda fase.<\/p>\n<p>A fase de grupos se encerra neste s\u00e1bado (27), com os jogos do Grupo J com Jord\u00e2nia x Argentina e Arg\u00e9lia x \u00c1ustria. As partidas ser\u00e3o disputadas em hor\u00e1rio simult\u00e2neo, \u00e0s 23h, de Bras\u00edlia. A partir da\u00ed, a Copa entra no mata-mata. <mark>J\u00e1 no domingo (28) come\u00e7am os jogos da segunda fase, com o segundo colocado do Grupo A x segundo colocado do Grupo B.<\/mark><\/p>\n<p>Na segunda fase, 32 equipes disputam jogos \u00fanicos em busca de vaga nas oitavas de final. Depois, o torneio segue com quartas, semifinais e final, marcada para o dia 19 de julho, no MetLife Stadium, em Nova Jersey. <strong>Veja quem s\u00e3o\u00a0os favoritos\u00a0ao t\u00edtulo da Copa do Mundo!<\/strong><\/p>\n<h2>Sele\u00e7\u00f5es classificadas para a fase 16 avos de final da Copa do Mundo:<\/h2>\n<ul>\n<li>Grupo A: M\u00e9xico (1\u00ba lugar), \u00c1frica do Sul (2\u00ba lugar);<\/li>\n<li>Grupo B: Su\u00ed\u00e7a (1\u00ba lugar), Canad\u00e1 (2\u00ba lugar) e B\u00f3snia-Herzegovina (3\u00ba lugar);<\/li>\n<li>Grupo C: Brasil (1\u00ba lugar), Marrocos (2\u00ba lugar);<\/li>\n<li>Grupo D: Estados Unidos (1\u00ba lugar), Austr\u00e1lia (2\u00b0 lugar) e Paraguai (3\u00ba lugar);<\/li>\n<li>Grupo E: Alemanha (1\u00ba lugar), Costa do Marfim (2\u00ba lugar);<\/li>\n<li>Grupo F: Holanda (1\u00ba lugar), Jap\u00e3o (2\u00ba lugar) e Su\u00e9cia (3\u00ba lugar);<\/li>\n<li>Grupo G:<\/li>\n<li>Grupo H: Espanha (1\u00ba lugar), Cabo Verde (2\u00ba lugar);<\/li>\n<li>Grupo I: Fran\u00e7a (1\u00ba lugar), Noruega (2\u00ba lugar);<\/li>\n<li>Grupo J: Argentina (1\u00ba lugar);<\/li>\n<li>Grupo K:<\/li>\n<li>Grupo L: <\/li>\n<\/ul>\n<p><strong>Domingo, 28 de junho de 2026<\/strong><br \/>16h \u2013 <strong>\u00c1frica do Sul<\/strong> x <strong>Canad\u00e1 <\/strong>\u2013 Los Angeles, nos EUA<\/p>\n<p><strong>Segunda-feira, 29 de junho de 2026<\/strong><br \/>14h \u2013 <strong>Brasil <\/strong>x <strong>Jap\u00e3o <\/strong>\u2013 Houston, nos EUA<br \/>17h30 \u2013 <strong>Alemanha <\/strong>x <strong>Paraguai <\/strong>\u2013 Boston, nos EUA<br \/>22h \u2013 <strong>Holanda <\/strong>x <strong>Marrocos <\/strong>\u2013 Monterrey, no M\u00e9xico<\/p>\n<p><strong>Ter\u00e7a-feira, 30 de junho de 2026<\/strong><br \/>14h \u2013 <strong>Costa do Marfim<\/strong> x <strong>Noruega <\/strong>\u2013 Dallas, nos EUA<br \/>18h \u2013 <strong>Fran\u00e7a <\/strong>x <strong>Su\u00e9cia <\/strong>\u2013 Nova York\/Nova Jersey, nos EUA<br \/>22h \u2013 <strong>M\u00e9xico <\/strong>x 3\u00ba colocado dos Grupos C\/E\/F\/H\/I \u2013 Cidade do M\u00e9xico, no M\u00e9xico<\/p>\n<p><strong>Quarta-feira, 1\u00ba de julho de 2026<\/strong><br \/>13h \u2013 1\u00ba colocado do Grupo L x 3\u00ba colocado dos Grupos E\/H\/I\/J\/K \u2013 Atlanta, nos EUA<br \/>17h \u2013 1\u00ba colocado do Grupo G x 3\u00ba colocado dos Grupos A\/E\/H\/I\/J \u2013 Seattle, nos EUA<br \/>21h \u2013<strong>Estados Unidos <\/strong>x <strong>B\u00f3snia-Herzegovina<\/strong> \u2013 Santa Clara, nos EUA<\/p>\n<p><strong>Quinta-feira, 2 de julho de 2026<\/strong><br \/>16h \u2013 <strong>Espanha <\/strong>x 2\u00ba colocado do Grupo J \u2013 Los Angeles, nos EUA<br \/>20h \u2013 2\u00ba colocado do Grupo K x 2\u00ba colocado do Grupo L \u2013 Toronto, no Canad\u00e1<\/p>\n<p><strong>Sexta-feira, 3 de julho de 2026<\/strong><br \/>00h \u2013 <strong>Su\u00ed\u00e7a <\/strong>x 3\u00ba colocado dos Grupos E\/F\/G\/I\/J \u2013 Vancouver, no Canad\u00e1<br \/>15h \u2013 <strong>Austr\u00e1lia<\/strong> x 2\u00ba colocado do Grupo G \u2013 Dallas, nos EUA<br \/>19h \u2013 <strong>Argentina <\/strong>x <strong>Cabo Verde<\/strong> \u2013 Miami, nos EUA<br \/>22h30 \u2013 1\u00ba colocado do Grupo K x 3\u00ba colocado dos Grupos D\/E\/I\/J\/L \u2013 Kansas City, nos EUA<\/p>\n<h2 id=\"h-siga-o-umdois-esportes\">Siga o UmDois Esportes<\/h2>\n<ul>            <\/ul>\n<\/p><\/div>\n<div itemscope itemtype=\"https:\/\/schema.org\/Person\">\n<p>Luana Kaseker<!-- Author End -->&#8221; itemprop=&#8221;image&#8221; data-src=&#8221;https:\/\/media.umdoisesportes.com.br\/main\/2024\/06\/06042331\/Luana.png&#8221; src=&#8221;https:\/\/media.umdoisesportes.com.br\/main\/2024\/06\/06042331\/Luana.png&#8221;>                     <\/p>\n<div>\n<p>Formada em Jornalismo pela PUC-PR e p\u00f3s-graduada em Gest\u00e3o e Marketing no Esporte pela Uninter. Em 2017, passou a trabalhar na editoria de Esportes da Gazeta do Povo. Posteriormente, ingressou no UmDois Esportes, participando das coberturas de Athletico, Coritiba e Paran\u00e1 Clube como rep\u00f3rter. Desde 2024, \u00e9 editora do site.<\/p>\n<ul>\n<li>                             Luana Kaseker<!-- Author End --> no LinkedIn&#8221;>                                                                                       <\/li>\n<\/ul><\/div>\n<\/p><\/div>\n<section>\n<h2>Tudo sobre<\/h2>\n<ul itemprop=\"keywords\">\n<li>                 Copa do Mundo             <\/li>\n<li>                 Copa do Mundo 2026             <\/li>\n<\/ul>\n<\/section>\n<section itemscope itemtype=\"https:\/\/schema.org\/ItemList\">     <meta itemprop=\"name\" content=\"Veja tamb\u00e9m\">     <\/p>\n<h2>Veja tamb\u00e9m:<\/h2>\n<\/section><\/div>\n","protected":false},"excerpt":{"rendered":"<p>A Copa do Mundo de 2026 chega \u00e0 fase 16 avos de final. Com 48 participantes pela primeira vez, o Mundial disputado&hellip;<\/p>\n","protected":false},"author":175,"featured_media":24868,"comment_status":"closed","ping_status":"closed","sticky":false,"template":"","format":"standard","meta":{"_lmt_disableupdate":"","_lmt_disable":"","footnotes":""},"categories":[8],"tags":[],"class_list":["post-24867","post","type-post","status-publish","format-standard","has-post-thumbnail","hentry","category-esportes"],"_links":{"self":[{"href":"https:\/\/csimaster.com\/noticia2025\/wp-json\/wp\/v2\/posts\/24867","targetHints":{"allow":["GET"]}}],"collection":[{"href":"https:\/\/csimaster.com\/noticia2025\/wp-json\/wp\/v2\/posts"}],"about":[{"href":"https:\/\/csimaster.com\/noticia2025\/wp-json\/wp\/v2\/types\/post"}],"author":[{"embeddable":true,"href":"https:\/\/csimaster.com\/noticia2025\/wp-json\/wp\/v2\/users\/175"}],"replies":[{"embeddable":true,"href":"https:\/\/csimaster.com\/noticia2025\/wp-json\/wp\/v2\/comments?post=24867"}],"version-history":[{"count":0,"href":"https:\/\/csimaster.com\/noticia2025\/wp-json\/wp\/v2\/posts\/24867\/revisions"}],"wp:featuredmedia":[{"embeddable":true,"href":"https:\/\/csimaster.com\/noticia2025\/wp-json\/wp\/v2\/media\/24868"}],"wp:attachment":[{"href":"https:\/\/csimaster.com\/noticia2025\/wp-json\/wp\/v2\/media?parent=24867"}],"wp:term":[{"taxonomy":"category","embeddable":true,"href":"https:\/\/csimaster.com\/noticia2025\/wp-json\/wp\/v2\/categories?post=24867"},{"taxonomy":"post_tag","embeddable":true,"href":"https:\/\/csimaster.com\/noticia2025\/wp-json\/wp\/v2\/tags?post=24867"}],"curies":[{"name":"wp","href":"https:\/\/api.w.org\/{rel}","templated":true}]}}