{"id":24769,"date":"2026-06-20T19:30:59","date_gmt":"2026-06-20T22:30:59","guid":{"rendered":"https:\/\/csimaster.com\/noticia2025\/diretor-ex-athletico-e-demitido-de-concorrente-do-brasileirao\/"},"modified":"2026-06-20T19:30:59","modified_gmt":"2026-06-20T22:30:59","slug":"diretor-ex-athletico-e-demitido-de-concorrente-do-brasileirao","status":"publish","type":"post","link":"https:\/\/csimaster.com\/noticia2025\/diretor-ex-athletico-e-demitido-de-concorrente-do-brasileirao\/","title":{"rendered":"Diretor ex-Athletico \u00e9 demitido de concorrente do Brasileir\u00e3o"},"content":{"rendered":"<div>\n<section>     <progress max=\"100\" value=\"0\"><\/progress> <\/section>\n<p>                   <meta itemprop=\"mainEntityOfPage\" content=\"https:\/\/www.umdoisesportes.com.br\/athletico\/diretor-ex-athletico-demitido-gigante-brasileirao\/\"> <meta itemprop=\"datePublished\" content=\"2026-06-20T13:59:23-03:00\"> <meta itemprop=\"dateModified\" content=\"2026-06-20T13:59:23-03:00\"> <meta itemprop=\"author\" content=\"Vinicius Cordeiro\"> <meta itemprop=\"url\" content=\"https:\/\/www.umdoisesportes.com.br\/athletico\/diretor-ex-athletico-demitido-gigante-brasileirao\/\"> <meta itemprop=\"publisher\" content=\"UmDois Esportes: Not\u00edcias do esporte paranaense e brasileiro\"> <meta itemprop=\"headline\" content=\"Diretor ex-Athletico \u00e9 demitido de concorrente do Brasileir\u00e3o\"> <meta itemprop=\"description\" content=\"Ex-dirigente do Athletico, Rui Costa foi demitido do cargo de executivo de futebol\u00a0do S\u00e3o Paulo neste s\u00e1bado (20). Ele estava no Tricolor paulista desde janeiro de 2021, ou seja, estava no comando do departamento de futebol h\u00e1 cinco anos e meio.  A informa\u00e7\u00e3o\u2026 Read More\">     <meta itemprop=\"image\" content=\"https:\/\/www.umdoisesportes.com.br\/thumbor\/7guJZuaH2DQ76LFnVc043-KBaOc=\/1200x800\/smart\/filters:format(webp)\/https%3A%2F%2Fmedia.umdoisesportes.com.br%2Fmain%2F2026%2F06%2Fsao-paulo-demite-rui-costa.jpg\">     <meta itemprop=\"width\" content=\"1200\">     <meta itemprop=\"height\" content=\"800\">                               <\/p>\n<div itemprop=\"articleBody\">\n<p>Ex-dirigente do <strong>Athletico<\/strong>, Rui Costa foi demitido do cargo de executivo de futebol\u00a0do S\u00e3o Paulo neste s\u00e1bado (20). Ele estava no Tricolor paulista desde janeiro de 2021, ou seja, estava no comando do departamento de futebol h\u00e1 cinco anos e meio. <\/p>\n<p>A informa\u00e7\u00e3o foi divulgada pelo portal <em>UOL <\/em>e confirmada pelo clube em nota divulgada no site oficial e nas redes sociais. \u201cO S\u00e3o Paulo Futebol Clube comunica o desligamento do executivo de futebol Rui Costa, que estava no cargo desde 2021. O clube agradece ao profissional pelos anos de dedica\u00e7\u00e3o e deseja \u00eaxitos na sequ\u00eancia de sua carreira\u201d, anunciou.<\/p>\n<p>A decis\u00e3o da demiss\u00e3o de Rui Costa foi tomada pelo presidente Harry Massis, que viu a press\u00e3o aumentar de todos os lados nos \u00faltimos meses. O executivo de futebol era alvo constante, por exemplo, da Torcida Independente, principal organizada do S\u00e3o Paulo. Al\u00e9m disso, conselheiros e aliados pol\u00edticos de Massis tamb\u00e9m apoiavam a mudan\u00e7a e cobravam diariamente a sa\u00edda de Rui Costa.<\/p>\n<p>O principal problema para a perman\u00eancia de Rui Costa foi a demiss\u00e3o do t\u00e9cnico argentino Hern\u00e1n Crespo, que tinha deixado a equipe na vice-lideran\u00e7a do Brasileir\u00e3o. Por op\u00e7\u00e3o do dirigente, Roger Machado foi escolhido para assumir como treinador, o que gerou imensa revolta torcida s\u00e3o-paulina.<\/p>\n<p><mark><strong>A passagem turbulenta de Roger, que sofreu com vaias e xingamentos das arquibancadas, durou dois meses e tr\u00eas dias. Ele foi anunciado no dia 10 de mar\u00e7o e demitido no dia 13 de maio, ap\u00f3s a elimina\u00e7\u00e3o precoce do S\u00e3o Paulo, para o Juventude, na quinta fase da Copa do Brasil. O treinador deixou o time com sete vit\u00f3rias, quatro empates e seis derrotas em 17 jogos, mantendo o clube no G4 do Brasileir\u00e3o e na lideran\u00e7a do Grupo C da Copa Sul-Americana.<\/strong><\/mark><\/p>\n<p>Defensor de Roger, Rui Costa balan\u00e7ou na \u00e9poca da demiss\u00e3o do treinador, mas a press\u00e3o se manteve pela sa\u00edda e influenciou na decis\u00e3o tomada durante a pausa da Copa do Mundo.<\/p>\n<h2>S\u00e3o Paulo vai arcar com multa por demiss\u00e3o do dirigente<\/h2>\n<p>O S\u00e3o Paulo n\u00e3o vive um bom momento financeiro e vai arcar com a multa da demiss\u00e3o de Rui Costa. O clube vai desembolsar um valor na casa dos R$ 500 mil, segundo informa\u00e7\u00e3o do jornalista <em>Gabriel de S\u00e1<\/em>, do portal <em>UOL<\/em>.<\/p>\n<p>Apesar da sa\u00edda de Rui Costa, Rafinha est\u00e1 mantido no cargo de coordenador de futebol do S\u00e3o Paulo. Revelado pelo Coritiba, o ex-jogador est\u00e1 trabalhando como comentarista na Rede Globo durante a Copa do Mundo, com um acerto feito quando foi contratado pelo clube paulista. <\/p>\n<h2>Rui Costa teve passagem curta no Athletico<\/h2>\n<p>Contratado em agosto de 2018, Rui Costa conquistou o t\u00edtulo da Copa Sul-Americana, o primeiro t\u00edtulo continental do clube, em 2018. Ele tinha sido contratado para atuar como um elo entre o elenco e a diretoria, al\u00e9m de ser respons\u00e1vel pela contrata\u00e7\u00e3o de atletas. <\/p>\n<p>Sem muitas explica\u00e7\u00f5es, ele foi demitido no dia 31 de janeiro de 2019. O detalhe \u00e9 que o desligamento aconteceu somente um dia ap\u00f3s a derrota por 2 a 1 no cl\u00e1ssico Atletiba, v\u00e1lido pelo Campeonato Paranaense daquele ano. Apesar do t\u00edtulo, o time de aspirantes era comandado por Rafael Guanaes, atualmente no Mirassol, e oscilou no in\u00edcio do torneio.<\/p>\n<h2>S\u00e3o Paulo x Athletico: Jogo marca a retomada no Brasileir\u00e3o e ainda n\u00e3o tem <\/h2>\n<p>O jogo entre\u00a0S\u00e3o Paulo\u00a0e\u00a0Athletico, que marca a retomada do\u00a0Brasileir\u00e3o\u00a02026\u00a0ap\u00f3s a parada da\u00a0Copa do Mundo, n\u00e3o vai acontecer no Morumbis. O est\u00e1dio da capital paulista ser\u00e1 palco de quatro shows do cantor brit\u00e2nico Harry Styles, entre os dias 17 e 24 de julho, o que vai impedir a realiza\u00e7\u00e3o da partida.<\/p>\n<p>O confronto v\u00e1lido pela 19\u00aa rodada da S\u00e9rie A ainda vai ter a data confirmada pela Confedera\u00e7\u00e3o Brasileira de Futebol (CBF), mas est\u00e1 previsto para os dias 22 (quarta-feira) ou 23 (quinta) do pr\u00f3ximo m\u00eas. Ou seja, o torneio nacional acontece ap\u00f3s a final da Copa, que ser\u00e1 realizada no dia 19 de julho no MetLife Stadium, em New Jersey, nos Estados Unidos.<\/p>\n<p>Com os shows de Harry Styles, a diretoria do S\u00e3o Paulo ainda estuda onde vai mandar o jogo diante do Athletico. S\u00e3o duas op\u00e7\u00f5es: o Brinco de Ouro da Princesa, que pertence ao Guarani e fica localizado em Campinas, ou o est\u00e1dio C\u00edcero de Souza Marques, em Bragan\u00e7a Paulista, que vem sendo utilizado pelo Red Bull Bragantino. A informa\u00e7\u00e3o foi divulgada pelo jornalista Eduardo Affonso, da ESPN, o que d\u00e1 a certeza que o duelo ser\u00e1 realizado no interior do Estado de S\u00e3o Paulo.<\/p>\n<h2 id=\"h-siga-o-umdois-esportes\">Siga o UmDois Esportes<\/h2>\n<ul>            <\/ul>\n<\/p><\/div>\n<div itemscope itemtype=\"https:\/\/schema.org\/Person\">\n<p>Vinicius Cordeiro<!-- Author End -->&#8221; itemprop=&#8221;image&#8221; data-src=&#8221;https:\/\/media.umdoisesportes.com.br\/main\/2024\/06\/12104221\/vinicius-cordeiro.png&#8221; src=&#8221;https:\/\/media.umdoisesportes.com.br\/main\/2024\/06\/12104221\/vinicius-cordeiro.png&#8221;>                     <\/p>\n<div>\n<p>Formado pela PUCPR, trabalhou por dois anos nas editorias de Esportes e Cidades da Gazeta do Povo. Entre 2019 e 2024, atuou como rep\u00f3rter em diversas coberturas de Pol\u00edtica pelo Paran\u00e1 Portal. Desde 2021, passou a atuar como editor da \u00e1rea de Esportes do site, com destaque para coberturas de Copa Am\u00e9rica, Olimp\u00edadas e Copa do Mundo. Desde 2024, \u00e9 rep\u00f3rter do UmDois Esportes, setorista do Athletico.<\/p>\n<ul>\n<li>                                                              <span><\/span>                                                      <\/li>\n<\/ul><\/div>\n<\/p><\/div>\n<section>\n<h2>Tudo sobre<\/h2>\n<ul itemprop=\"keywords\">\n<li>                 Athletico             <\/li>\n<\/ul>\n<\/section>\n<section itemscope itemtype=\"https:\/\/schema.org\/ItemList\">     <meta itemprop=\"name\" content=\"Veja tamb\u00e9m\">     <\/p>\n<h2>Veja tamb\u00e9m:<\/h2>\n<\/section><\/div>\n","protected":false},"excerpt":{"rendered":"<p>Ex-dirigente do Athletico, Rui Costa foi demitido do cargo de executivo de futebol\u00a0do S\u00e3o Paulo neste s\u00e1bado (20). Ele estava no Tricolor&hellip;<\/p>\n","protected":false},"author":179,"featured_media":24770,"comment_status":"closed","ping_status":"closed","sticky":false,"template":"","format":"standard","meta":{"_lmt_disableupdate":"","_lmt_disable":"","footnotes":""},"categories":[8],"tags":[],"class_list":["post-24769","post","type-post","status-publish","format-standard","has-post-thumbnail","hentry","category-esportes"],"_links":{"self":[{"href":"https:\/\/csimaster.com\/noticia2025\/wp-json\/wp\/v2\/posts\/24769","targetHints":{"allow":["GET"]}}],"collection":[{"href":"https:\/\/csimaster.com\/noticia2025\/wp-json\/wp\/v2\/posts"}],"about":[{"href":"https:\/\/csimaster.com\/noticia2025\/wp-json\/wp\/v2\/types\/post"}],"author":[{"embeddable":true,"href":"https:\/\/csimaster.com\/noticia2025\/wp-json\/wp\/v2\/users\/179"}],"replies":[{"embeddable":true,"href":"https:\/\/csimaster.com\/noticia2025\/wp-json\/wp\/v2\/comments?post=24769"}],"version-history":[{"count":0,"href":"https:\/\/csimaster.com\/noticia2025\/wp-json\/wp\/v2\/posts\/24769\/revisions"}],"wp:featuredmedia":[{"embeddable":true,"href":"https:\/\/csimaster.com\/noticia2025\/wp-json\/wp\/v2\/media\/24770"}],"wp:attachment":[{"href":"https:\/\/csimaster.com\/noticia2025\/wp-json\/wp\/v2\/media?parent=24769"}],"wp:term":[{"taxonomy":"category","embeddable":true,"href":"https:\/\/csimaster.com\/noticia2025\/wp-json\/wp\/v2\/categories?post=24769"},{"taxonomy":"post_tag","embeddable":true,"href":"https:\/\/csimaster.com\/noticia2025\/wp-json\/wp\/v2\/tags?post=24769"}],"curies":[{"name":"wp","href":"https:\/\/api.w.org\/{rel}","templated":true}]}}