{"id":24137,"date":"2026-05-25T09:30:53","date_gmt":"2026-05-25T12:30:53","guid":{"rendered":"https:\/\/csimaster.com\/noticia2025\/brasil-tem-5-pretendentes-para-cada-crianca-disponivel-para-adocao-entenda\/"},"modified":"2026-05-25T09:30:59","modified_gmt":"2026-05-25T12:30:59","slug":"brasil-tem-5-pretendentes-para-cada-crianca-disponivel-para-adocao-entenda","status":"publish","type":"post","link":"https:\/\/csimaster.com\/noticia2025\/brasil-tem-5-pretendentes-para-cada-crianca-disponivel-para-adocao-entenda\/","title":{"rendered":"Brasil tem 5 pretendentes para cada crian\u00e7a dispon\u00edvel para ado\u00e7\u00e3o; entenda"},"content":{"rendered":"<div data-single-content=\"true\">\n<p>Comemorado nesta segunda-feira (25), o <strong>Dia Nacional da Ado\u00e7\u00e3o<\/strong> joga luz sobre um paradigma do tema: o Brasil possui atualmente <strong>32.065 pretendentes ativos<\/strong> habilitados para adotar, enquanto o n\u00famero de <strong>crian\u00e7as e adolescentes prontos para ado\u00e7\u00e3o<\/strong> \u00e9 de <strong>6.247<\/strong>.<\/p>\n<p>Os n\u00fameros, extra\u00eddos do <strong>SNA (<\/strong><strong>Sistema Nacional de Ado\u00e7\u00e3o e Acolhimento)<\/strong>, revelam uma propor\u00e7\u00e3o de cinco candidatos para cada menor dispon\u00edvel.<\/p>\n<p><span data-start-index=\"1061\">A situa\u00e7\u00e3o \u00e9 vista como um <\/span><b data-start-index=\"1105\">&#8220;cen\u00e1rio desafiador&#8221;<\/b><span data-start-index=\"1125\"> que exige da sociedade uma <\/span><b data-start-index=\"1153\">&#8220;revis\u00e3o de paradigmas&#8221;<\/b>, afirmam especialistas. A conta n\u00e3o fecha, na pr\u00e1tica, devido a um descompasso entre as exig\u00eancias de perfil das fam\u00edlias e a realidade das institui\u00e7\u00f5es de acolhimento.<\/p>\n<h2>O gargalo do perfil desejado<\/h2>\n<p>A principal raz\u00e3o para a perman\u00eancia de crian\u00e7as no sistema, mesmo com o excedente de interessados, \u00e9 a prefer\u00eancia dos adotantes por perfis espec\u00edficos, geralmente beb\u00eas, crian\u00e7as sem irm\u00e3os ou sem problemas de sa\u00fade.<\/p>\n<p>Na contram\u00e3o desse desejo, a maioria dos menores aptos \u00e0 ado\u00e7\u00e3o \u00e9 composta por <strong>crian\u00e7as mais velhas<\/strong>, pertencentes a <strong>grupos de irm\u00e3os<\/strong> ou que possuem alguma <strong>condi\u00e7\u00e3o de sa\u00fade ou defici\u00eancia<\/strong>.<\/p>\n<h2>Acolhimento e reintegra\u00e7\u00e3o familiar<\/h2>\n<p>\u00c9 importante diferenciar o n\u00famero de crian\u00e7as em abrigos daquelas que podem ser adotadas.<\/p>\n<p>Hoje, existem <strong>36.428 menores acolhidos<\/strong> em institui\u00e7\u00f5es ou programas de fam\u00edlia acolhedora. Eles foram retirados de suas fam\u00edlias originais por medidas de prote\u00e7\u00e3o, mas a maioria ainda mant\u00e9m o v\u00ednculo jur\u00eddico com os pais biol\u00f3gicos.<\/p>\n<p>O sistema brasileiro prioriza a manuten\u00e7\u00e3o do v\u00ednculo original sempre que poss\u00edvel. Desde 2020, <strong>80.103 crian\u00e7as e adolescentes foram reintegrados<\/strong> \u00e0s suas fam\u00edlias ap\u00f3s a resolu\u00e7\u00e3o dos problemas que causaram o acolhimento.<\/p>\n<p>J\u00e1 o n\u00famero de <strong>ado\u00e7\u00f5es concretizadas desde 2019 soma 33.559<\/strong>, demonstrando que o retorno ao lar de origem \u00e9 o desfecho mais comum para o acolhimento institucional.<\/p>\n<\/p><\/div>\n","protected":false},"excerpt":{"rendered":"<p>Comemorado nesta segunda-feira (25), o Dia Nacional da Ado\u00e7\u00e3o joga luz sobre um paradigma do tema: o Brasil possui atualmente 32.065 pretendentes&hellip;<\/p>\n","protected":false},"author":8,"featured_media":24138,"comment_status":"closed","ping_status":"closed","sticky":false,"template":"","format":"standard","meta":{"_lmt_disableupdate":"","_lmt_disable":"","footnotes":""},"categories":[18],"tags":[],"class_list":["post-24137","post","type-post","status-publish","format-standard","has-post-thumbnail","hentry","category-regiao"],"_links":{"self":[{"href":"https:\/\/csimaster.com\/noticia2025\/wp-json\/wp\/v2\/posts\/24137","targetHints":{"allow":["GET"]}}],"collection":[{"href":"https:\/\/csimaster.com\/noticia2025\/wp-json\/wp\/v2\/posts"}],"about":[{"href":"https:\/\/csimaster.com\/noticia2025\/wp-json\/wp\/v2\/types\/post"}],"author":[{"embeddable":true,"href":"https:\/\/csimaster.com\/noticia2025\/wp-json\/wp\/v2\/users\/8"}],"replies":[{"embeddable":true,"href":"https:\/\/csimaster.com\/noticia2025\/wp-json\/wp\/v2\/comments?post=24137"}],"version-history":[{"count":0,"href":"https:\/\/csimaster.com\/noticia2025\/wp-json\/wp\/v2\/posts\/24137\/revisions"}],"wp:featuredmedia":[{"embeddable":true,"href":"https:\/\/csimaster.com\/noticia2025\/wp-json\/wp\/v2\/media\/24138"}],"wp:attachment":[{"href":"https:\/\/csimaster.com\/noticia2025\/wp-json\/wp\/v2\/media?parent=24137"}],"wp:term":[{"taxonomy":"category","embeddable":true,"href":"https:\/\/csimaster.com\/noticia2025\/wp-json\/wp\/v2\/categories?post=24137"},{"taxonomy":"post_tag","embeddable":true,"href":"https:\/\/csimaster.com\/noticia2025\/wp-json\/wp\/v2\/tags?post=24137"}],"curies":[{"name":"wp","href":"https:\/\/api.w.org\/{rel}","templated":true}]}}