{"id":23649,"date":"2026-05-04T00:36:02","date_gmt":"2026-05-04T03:36:02","guid":{"rendered":"https:\/\/csimaster.com\/noticia2025\/audio-do-var-expoe-polemica-em-expulsao-no-athletico\/"},"modified":"2026-05-04T00:36:15","modified_gmt":"2026-05-04T03:36:15","slug":"audio-do-var-expoe-polemica-em-expulsao-no-athletico","status":"publish","type":"post","link":"https:\/\/csimaster.com\/noticia2025\/audio-do-var-expoe-polemica-em-expulsao-no-athletico\/","title":{"rendered":"\u00c1udio do VAR exp\u00f5e pol\u00eamica em expuls\u00e3o no Athletico"},"content":{"rendered":"<div>\n<section>\n<nav aria-label=\"breadcrumb\">\n<ol>\n<li>                                                                                      <span><\/span>                                                                          <\/li>\n<li>                                                                                      <span>                                     Athletico                                 <\/span>                                                                          <\/li>\n<\/ol>\n<\/nav>\n<p>                 <span itemprop=\"articleSection\">             Pol\u00eamica         <\/span>                    <\/p>\n<p>                             <span>Por<\/span>                 Pedro Melo                          <time datetime=\"2026-05-03T09:20:33-03:00\" itemprop=\"datePublished\">03\/05\/2026 12:20<\/time>                             <span>&#8211;<\/span>                 <span>                     Atualizado:                     <time datetime=\"2026-05-03T09:20:34-03:00\" itemprop=\"dateModified\">03\/05\/2026 12:20<\/time>                 <\/span>                     <\/p>\n<\/section>\n<section>\n<figure><figcaption>S\u00e1vio Pereira Sampaio expulsa Esquivel em lance pol\u00eamico no empate entre Athletico e Gr\u00eamio. Foto: Reinaldo Reginato\/FotoArena\/Alamy Live News<\/figcaption><\/figure>\n<\/section><\/div>\n","protected":false},"excerpt":{"rendered":"<p>Athletico Pol\u00eamica Por Pedro Melo 03\/05\/2026 12:20 &#8211; Atualizado: 03\/05\/2026 12:20 S\u00e1vio Pereira Sampaio expulsa Esquivel em lance pol\u00eamico no empate entre&hellip;<\/p>\n","protected":false},"author":174,"featured_media":23650,"comment_status":"closed","ping_status":"closed","sticky":false,"template":"","format":"standard","meta":{"_lmt_disableupdate":"","_lmt_disable":"","footnotes":""},"categories":[8],"tags":[],"class_list":["post-23649","post","type-post","status-publish","format-standard","has-post-thumbnail","hentry","category-esportes"],"_links":{"self":[{"href":"https:\/\/csimaster.com\/noticia2025\/wp-json\/wp\/v2\/posts\/23649","targetHints":{"allow":["GET"]}}],"collection":[{"href":"https:\/\/csimaster.com\/noticia2025\/wp-json\/wp\/v2\/posts"}],"about":[{"href":"https:\/\/csimaster.com\/noticia2025\/wp-json\/wp\/v2\/types\/post"}],"author":[{"embeddable":true,"href":"https:\/\/csimaster.com\/noticia2025\/wp-json\/wp\/v2\/users\/174"}],"replies":[{"embeddable":true,"href":"https:\/\/csimaster.com\/noticia2025\/wp-json\/wp\/v2\/comments?post=23649"}],"version-history":[{"count":0,"href":"https:\/\/csimaster.com\/noticia2025\/wp-json\/wp\/v2\/posts\/23649\/revisions"}],"wp:featuredmedia":[{"embeddable":true,"href":"https:\/\/csimaster.com\/noticia2025\/wp-json\/wp\/v2\/media\/23650"}],"wp:attachment":[{"href":"https:\/\/csimaster.com\/noticia2025\/wp-json\/wp\/v2\/media?parent=23649"}],"wp:term":[{"taxonomy":"category","embeddable":true,"href":"https:\/\/csimaster.com\/noticia2025\/wp-json\/wp\/v2\/categories?post=23649"},{"taxonomy":"post_tag","embeddable":true,"href":"https:\/\/csimaster.com\/noticia2025\/wp-json\/wp\/v2\/tags?post=23649"}],"curies":[{"name":"wp","href":"https:\/\/api.w.org\/{rel}","templated":true}]}}