{"id":23453,"date":"2026-04-25T19:32:07","date_gmt":"2026-04-25T22:32:07","guid":{"rendered":"https:\/\/csimaster.com\/noticia2025\/morre-jose-frejat-ex-deputado-e-pai-do-cantor-e-compositor-frejat\/"},"modified":"2026-04-25T19:32:14","modified_gmt":"2026-04-25T22:32:14","slug":"morre-jose-frejat-ex-deputado-e-pai-do-cantor-e-compositor-frejat","status":"publish","type":"post","link":"https:\/\/csimaster.com\/noticia2025\/morre-jose-frejat-ex-deputado-e-pai-do-cantor-e-compositor-frejat\/","title":{"rendered":"Morre Jos\u00e9 Frejat, ex-deputado e pai do cantor e compositor Frejat"},"content":{"rendered":"<div data-single-content=\"true\">\n<p><span data-contrast=\"auto\" class>O advogado e ex-deputado federal do Rio de Janeiro, <strong>Jos\u00e9 Frejat,<\/strong> morreu neste s\u00e1bado (25), aos 102 anos, em decorr\u00eancia de pneumonia. Ele era pai do cantor e compositor Frejat, do grupo Bar\u00e3o Vermelho.\u00a0<\/span><span data-ccp-props=\"{\"134233117\":false,\"134233118\":false,\"201341983\":0,\"335551550\":1,\"335551620\":1,\"335559685\":0,\"335559737\":0,\"335559738\":0,\"335559739\":160,\"335559740\":279}\" class>\u00a0<\/span><\/p>\n<p>Os familiares informaram \u00e0<strong> CNN Brasil,<\/strong> que Jos\u00e9 Frejat havia sido internado com uma <strong>pneumonia<\/strong> e mesmo curado da infec\u00e7\u00e3o inflamat\u00f3ria,\u00a0ele\u00a0n\u00e3o conseguiu recuperar a capacidade respirat\u00f3ria.<\/p>\n<p><span data-contrast=\"auto\" class>Jos\u00e9 Frejat nasceu em mar\u00e7o de 1924, em Cururupu, no Maranh\u00e3o.\u00a0\u00a0<\/span><span data-ccp-props=\"{\"134233117\":false,\"134233118\":false,\"201341983\":0,\"335551550\":1,\"335551620\":1,\"335559685\":0,\"335559737\":0,\"335559738\":0,\"335559739\":160,\"335559740\":279}\" class>\u00a0<\/span><\/p>\n<p><span data-contrast=\"auto\" class>Quando crian\u00e7a,\u00a0ele\u00a0estudou\u00a0no\u00a0Col\u00e9gio Pedro II, na capital fluminense. Na d\u00e9cada de 1950, ele se formou no curso de direito na Faculdade Nacional de Direito, que hoje \u00e9 a UFRJ.<\/span><\/p>\n<p><span data-contrast=\"auto\" class>Na universidade, ele foi eleito representante de turma no primeiro ano e, em seguida, segundo secret\u00e1rio do Centro Acad\u00eamico C\u00e2ndido de Oliveira, do qual veio a ser eleito presidente em 1949.<\/span><span data-ccp-props=\"{\"134233117\":false,\"134233118\":false,\"201341983\":0,\"335551550\":1,\"335551620\":1,\"335559685\":0,\"335559737\":0,\"335559738\":0,\"335559739\":160,\"335559740\":279}\" class>\u00a0<\/span><\/p>\n<p><iframe title=\"PMs s\u00e3o presos ap\u00f3s abordagem de empres\u00e1rio que morreu baleado no RJ | BASTIDORES CNN\" src=\"https:\/\/www.youtube.com\/embed\/vLLe2WFi7Mc\" width=\"1383\" height=\"300\" frameborder=\"0\" allowfullscreen loading=\"lazy\"><\/iframe><\/p>\n<p><span data-contrast=\"auto\" class>O advogado foi Deputado Federal, pelo PDT, entre 1979 e 1983.\u00a0\u00a0Ele tamb\u00e9m foi Fundador e Secret\u00e1rio-geral do Movimento Nacionalista Brasileiro, o\u00a0MNB.\u00a0<\/span><span data-ccp-props=\"{\"134233117\":false,\"134233118\":false,\"201341983\":0,\"335551550\":1,\"335551620\":1,\"335559685\":0,\"335559737\":0,\"335559738\":0,\"335559739\":160,\"335559740\":279}\" class>\u00a0<\/span><\/p>\n<p><span data-contrast=\"auto\" class>Em 1958, ele trabalhou como redator-chefe de O Seman\u00e1rio, peri\u00f3dico carioca extinto pelo Golpe de 1964.\u00a0\u00a0<\/span><span data-ccp-props=\"{\"134233117\":false,\"134233118\":false,\"201341983\":0,\"335551550\":1,\"335551620\":1,\"335559685\":0,\"335559737\":0,\"335559738\":0,\"335559739\":160,\"335559740\":279}\" class>\u00a0<\/span><\/p>\n<\/p><\/div>\n","protected":false},"excerpt":{"rendered":"<p>O advogado e ex-deputado federal do Rio de Janeiro, Jos\u00e9 Frejat, morreu neste s\u00e1bado (25), aos 102 anos, em decorr\u00eancia de pneumonia.&hellip;<\/p>\n","protected":false},"author":259,"featured_media":23454,"comment_status":"closed","ping_status":"closed","sticky":false,"template":"","format":"standard","meta":{"_lmt_disableupdate":"","_lmt_disable":"","footnotes":""},"categories":[18],"tags":[],"class_list":["post-23453","post","type-post","status-publish","format-standard","has-post-thumbnail","hentry","category-regiao"],"_links":{"self":[{"href":"https:\/\/csimaster.com\/noticia2025\/wp-json\/wp\/v2\/posts\/23453","targetHints":{"allow":["GET"]}}],"collection":[{"href":"https:\/\/csimaster.com\/noticia2025\/wp-json\/wp\/v2\/posts"}],"about":[{"href":"https:\/\/csimaster.com\/noticia2025\/wp-json\/wp\/v2\/types\/post"}],"author":[{"embeddable":true,"href":"https:\/\/csimaster.com\/noticia2025\/wp-json\/wp\/v2\/users\/259"}],"replies":[{"embeddable":true,"href":"https:\/\/csimaster.com\/noticia2025\/wp-json\/wp\/v2\/comments?post=23453"}],"version-history":[{"count":0,"href":"https:\/\/csimaster.com\/noticia2025\/wp-json\/wp\/v2\/posts\/23453\/revisions"}],"wp:featuredmedia":[{"embeddable":true,"href":"https:\/\/csimaster.com\/noticia2025\/wp-json\/wp\/v2\/media\/23454"}],"wp:attachment":[{"href":"https:\/\/csimaster.com\/noticia2025\/wp-json\/wp\/v2\/media?parent=23453"}],"wp:term":[{"taxonomy":"category","embeddable":true,"href":"https:\/\/csimaster.com\/noticia2025\/wp-json\/wp\/v2\/categories?post=23453"},{"taxonomy":"post_tag","embeddable":true,"href":"https:\/\/csimaster.com\/noticia2025\/wp-json\/wp\/v2\/tags?post=23453"}],"curies":[{"name":"wp","href":"https:\/\/api.w.org\/{rel}","templated":true}]}}