{"id":23353,"date":"2026-04-21T17:36:21","date_gmt":"2026-04-21T20:36:21","guid":{"rendered":"https:\/\/csimaster.com\/noticia2025\/medica-do-samu-e-baleada-no-rj-tiroteio-na-barra-deixa-3-feridos\/"},"modified":"2026-04-21T17:36:22","modified_gmt":"2026-04-21T20:36:22","slug":"medica-do-samu-e-baleada-no-rj-tiroteio-na-barra-deixa-3-feridos","status":"publish","type":"post","link":"https:\/\/csimaster.com\/noticia2025\/medica-do-samu-e-baleada-no-rj-tiroteio-na-barra-deixa-3-feridos\/","title":{"rendered":"M\u00e9dica do SAMU \u00e9 baleada no RJ; tiroteio na Barra deixa 3 feridos"},"content":{"rendered":"<div data-single-content=\"true\">\n<p>Uma m\u00e9dica pediatra do SAMU foi baleada em um tiroteio na Transol\u00edmpica, na altura da Barra da Tijuca, Zona Sudoeste do Rio, durante um cerco policial que ocorreu na manh\u00e3 desta ter\u00e7a-feira (21).<\/p>\n<p>Simone Ferreira Alves, de 51 anos, \u00e9 uma das tr\u00eas v\u00edtimas que foram baleadas. <strong>A m\u00e9dica pediatra passava pelo local no momento do tiroteio e foi atingida por um disparo<\/strong>. Ela foi socorrida e encaminhada ao HMAS (Hospital Municipal Albert Schweitzer), onde passou por cirurgia. <strong>O estado de sa\u00fade da profissional \u00e9 est\u00e1vel.<\/strong><\/p>\n<p>De acordo com a Policia Miliar, houve confronto durante a a\u00e7\u00e3o e dois homens foram socorridos e encaminhados ao mesmo hospital que a m\u00e9dica.<\/p>\n<p>A <strong>CNN Brasil<\/strong> apurou que os dois est\u00e3o em estado grave.<\/p>\n<p>Segundo \u00e0 pol\u00edcia, os agentes receberam informa\u00e7\u00f5es de que criminosos estariam trafegando na via expressa, dentro de ve\u00edculos, e resolveram cercar o grupo.<\/p>\n<p>Al\u00e9m dos baleados,\u00a0<strong>duas outras pessoas ficaram feridas<\/strong>, mas n\u00e3o h\u00e1 informa\u00e7\u00f5es sobre a gravidade dos ferimentos.<\/p>\n<p>Durante o cerco, os policiais militares do BPVE (<strong>Batalh\u00e3o de Policiamento em Vias Expressas<\/strong>)<strong>\u00a0prenderam um indiv\u00edduo<\/strong>\u00a0e uma das viaturas tamb\u00e9m foi atingida pelos disparos.<\/p>\n<p>No total,\u00a0<strong>dois ve\u00edculos<\/strong>\u00a0foram recuperados e\u00a0<strong>duas pistolas<\/strong>\u00a0foram apreendidas.<\/p>\n<h3>M\u00e9dica morta em persegui\u00e7\u00e3o policial<\/h3>\n<p>A m\u00e9dica Andrea Marins Dias, de 61 anos, foi morta a tiros durante um patrulhamento da equipe da PMERJ (Pol\u00edcia Militar do Estado do Rio de Janeiro), no dia 15 de mar\u00e7o.<\/p>\n<p>A\u00a0 morte foi resultado de uma persegui\u00e7\u00e3o policial de que um ve\u00edculo Corolla Cross que estaria envolvido em roubos na regi\u00e3o de Cascadura, na Zona Norte do Rio de Janeiro. A pol\u00edcia n\u00e3o soube informar, no entanto, se o ve\u00edculo dirigido por Andrea era o mesmo que havia sido apontado como suspeito de participar dos roubos na regi\u00e3o.<\/p>\n<p><strong>Formada em medicina pela Uni-Rio, Andrea era ginecologista e cirurgi\u00e3 geral e oncol\u00f3gica, com atua\u00e7\u00e3o de mais de 28 anos no cuidado com o corpo e a sa\u00fade da mulher.<\/strong><\/p>\n<p>Com mais de 2 mil seguidores, a m\u00e9dica publicava dicas e informa\u00e7\u00f5es sobre a \u00e1rea em que atuava. Ela tamb\u00e9m era\u00a0 criadora de um m\u00e9todo espec\u00edfico respons\u00e1vel para ajudar mulheres com endometriose a buscarem diagn\u00f3stico precoce e tomarem decis\u00f5es seguras sobre o tratamento.<\/p>\n<p><em>*Sob supervis\u00e3o de Thiago F\u00e9lix\u00a0<\/em><\/p>\n<\/p><\/div>\n","protected":false},"excerpt":{"rendered":"<p>Uma m\u00e9dica pediatra do SAMU foi baleada em um tiroteio na Transol\u00edmpica, na altura da Barra da Tijuca, Zona Sudoeste do Rio,&hellip;<\/p>\n","protected":false},"author":108,"featured_media":23354,"comment_status":"closed","ping_status":"closed","sticky":false,"template":"","format":"standard","meta":{"_lmt_disableupdate":"","_lmt_disable":"","footnotes":""},"categories":[18],"tags":[],"class_list":["post-23353","post","type-post","status-publish","format-standard","has-post-thumbnail","hentry","category-regiao"],"_links":{"self":[{"href":"https:\/\/csimaster.com\/noticia2025\/wp-json\/wp\/v2\/posts\/23353","targetHints":{"allow":["GET"]}}],"collection":[{"href":"https:\/\/csimaster.com\/noticia2025\/wp-json\/wp\/v2\/posts"}],"about":[{"href":"https:\/\/csimaster.com\/noticia2025\/wp-json\/wp\/v2\/types\/post"}],"author":[{"embeddable":true,"href":"https:\/\/csimaster.com\/noticia2025\/wp-json\/wp\/v2\/users\/108"}],"replies":[{"embeddable":true,"href":"https:\/\/csimaster.com\/noticia2025\/wp-json\/wp\/v2\/comments?post=23353"}],"version-history":[{"count":0,"href":"https:\/\/csimaster.com\/noticia2025\/wp-json\/wp\/v2\/posts\/23353\/revisions"}],"wp:featuredmedia":[{"embeddable":true,"href":"https:\/\/csimaster.com\/noticia2025\/wp-json\/wp\/v2\/media\/23354"}],"wp:attachment":[{"href":"https:\/\/csimaster.com\/noticia2025\/wp-json\/wp\/v2\/media?parent=23353"}],"wp:term":[{"taxonomy":"category","embeddable":true,"href":"https:\/\/csimaster.com\/noticia2025\/wp-json\/wp\/v2\/categories?post=23353"},{"taxonomy":"post_tag","embeddable":true,"href":"https:\/\/csimaster.com\/noticia2025\/wp-json\/wp\/v2\/tags?post=23353"}],"curies":[{"name":"wp","href":"https:\/\/api.w.org\/{rel}","templated":true}]}}