{"id":23032,"date":"2026-04-04T11:30:39","date_gmt":"2026-04-04T14:30:39","guid":{"rendered":"https:\/\/csimaster.com\/noticia2025\/lua-esta-ficando-maior-diz-piloto-da-artemis-ii-no-3-dia-de-missao\/"},"modified":"2026-04-04T11:30:45","modified_gmt":"2026-04-04T14:30:45","slug":"lua-esta-ficando-maior-diz-piloto-da-artemis-ii-no-3-dia-de-missao","status":"publish","type":"post","link":"https:\/\/csimaster.com\/noticia2025\/lua-esta-ficando-maior-diz-piloto-da-artemis-ii-no-3-dia-de-missao\/","title":{"rendered":"\u201cLua est\u00e1 ficando maior\u201d, diz piloto da Artemis II no 3\u00b0 dia de miss\u00e3o"},"content":{"rendered":"<div data-single-content=\"true\">\n<p>O astronauta e piloto da miss\u00e3o <strong>Artemis II, Victor Glover,<\/strong> disse em uma atualiza\u00e7\u00e3o na manh\u00e3 deste s\u00e1bado que a<strong> &#8220;Lua est\u00e1 definitivamente ficando maior&#8221;.<\/strong><\/p>\n<blockquote data-quote=\"true\"><p><svg stroke=\"currentColor\" fill=\"currentColor\" stroke-width=\"0\" viewBox=\"0 0 24 24\" height=\"1em\" width=\"1em\"><path fill=\"none\" d=\"M0 0h24v24H0z\" \/><path d=\"M6 17h3l2-4V7H5v6h3zm8 0h3l2-4V7h-6v6h3z\" \/><\/svg><span>\u00c9 claro para n\u00f3s que n\u00e3o estamos na Terra, porque essa caracter\u00edstica n\u00e3o \u00e9 vis\u00edvel da Terra. E a vista que j\u00e1 temos \u00e9 t\u00e3o especial. E sim, a Terra \u00e9 um tanto pequena e a Lua est\u00e1 definitivamente ficando maior.<\/span><\/p><\/blockquote>\n<p>Glover explicou que na situa\u00e7\u00e3o atual da miss\u00e3o j\u00e1 foi poss\u00edvel avisar uma <strong>parte da Lua conhecida como a &#8220;Bacia Orientale&#8221;, que \u00e9 a mais jovem das grandes bacias lunares.<\/strong><\/p>\n<p>&#8220;N\u00f3s tiramos umas fotos hoje mais cedo e depois de coloc\u00e1-las em um computador para olhar mais perto, n\u00f3s encontramos uma caracter\u00edstica, <strong>o &#8216;Grand Canyon&#8217; da Lua, que \u00e9 chamado de &#8216;Orientale Basin&#8217;, e n\u00f3s pudemos ver tudo<\/strong>&#8220;.<\/p>\n<p> <video controls width=\"1920\" height=\"1080\" data-mp4-video=\"true\" data-video=\"mp4\" aria-label=\"V\u00eddeo\"><source src=\"https:\/\/admin.cnnbrasil.com.br\/wp-content\/uploads\/sites\/12\/2026\/04\/2026-04-04T065423Z_1_LWD986104042026RP1_RTRWNEV_C_9861-SPACE-MOON-ARTEMIS-CREW.mp4\" type=\"video\/mp4\"><\/video>  <\/p>\n<p><strong>No terceiro dia completo de miss\u00e3o \u00e0 lua<\/strong>, a tripula\u00e7\u00e3o da<strong>\u00a0miss\u00e3o Artemis II<\/strong>\u00a0iniciou os preparativos na cabine da espa\u00e7onave Orion para<strong>\u00a0o per\u00edodo de observa\u00e7\u00e3o lunar, previsto para a pr\u00f3xima segunda-feira (6).<\/strong><\/p>\n<p>De acordo com a NASA, os astronautas tamb\u00e9m realizaram treinamentos de\u00a0<strong>resposta a emerg\u00eancias m\u00e9dicas<\/strong>\u00a0e\u00a0<strong>testaram o sistema de comunica\u00e7\u00e3o de emerg\u00eancia<\/strong>\u00a0da nave.<\/p>\n<p>A Orion\u00a0segue em dire\u00e7\u00e3o a Lua, onde a tripula\u00e7\u00e3o deve realizar\u00a0<strong>um sobrevoo lunar e coletar observa\u00e7\u00f5es<\/strong>\u00a0<strong>cient\u00edficas da superf\u00edcie<\/strong>.<\/p>\n<p>Uma\u00a0imagem\u00a0<strong>divulgada pela NASA<\/strong>\u00a0mostra a c\u00e1psula no espa\u00e7o profundo, com a Lua ao fundo. O registro foi feito por uma<strong>\u00a0c\u00e2mera instalada na extremidade<\/strong>\u00a0de um dos pain\u00e9is solares da espa\u00e7onave.<\/p>\n<p>Veja\u00a0<strong>aqui<\/strong>\u00a0o rastreio da Nasa tempo real.<\/p>\n<h2 id=\"live-views-of-the-crew\" data-editable=\"text\" data-uri=\"cms.cnn.com\/_components\/subheader\/instances\/cmnj4f0qm000a3b6qu8gdj6jt@published\" data-component-name=\"subheader\" data-article-gutter=\"true\"><span class dir=\"auto\">Imagens ao vivo da tripula\u00e7\u00e3o<\/span><\/h2>\n<p data-uri=\"cms.cnn.com\/_components\/paragraph\/instances\/cmnj4f0qn000b3b6qnfinzmw5@published\" data-editable=\"text\" data-component-name=\"paragraph\" data-article-gutter=\"true\"><span class dir=\"auto\">Embora os astronautas mantenham grande parte de suas vidas privadas dentro da c\u00e1psula Orion, de 5 metros de di\u00e2metro, a Nasa planeja oferecer uma breve transmiss\u00e3o de dentro da c\u00e1psula quase todos os dias da miss\u00e3o.<\/span><\/p>\n<p data-uri=\"cms.cnn.com\/_components\/paragraph\/instances\/cmnj4f0qn000c3b6q9z1zfzyk@published\" data-editable=\"text\" data-component-name=\"paragraph\" data-article-gutter=\"true\"><span class dir=\"auto\">A Nasa ocasionalmente oferece ao p\u00fablico a oportunidade de sintonizar e ouvir as chamadas transmiss\u00f5es ao vivo, nas quais os<strong>\u00a0astronautas conversam com jornalistas<\/strong>\u00a0e outros interessados \u200b\u200bem solo. O primeiro desses eventos aconteceu na quinta-feira, quando rep\u00f3rteres incentivaram a tripula\u00e7\u00e3o a compartilhar detalhes e reflex\u00f5es fascinantes.<\/span><\/p>\n<p data-uri=\"cms.cnn.com\/_components\/paragraph\/instances\/cmnj4f0qn000d3b6ql0t85ksz@published\" data-editable=\"text\" data-component-name=\"paragraph\" data-article-gutter=\"true\"><span class dir=\"auto\">Wiseman, o comandante da miss\u00e3o, detalhou um momento que deixou a tripula\u00e7\u00e3o sem palavras.<\/span><\/p>\n<p data-uri=\"cms.cnn.com\/_components\/paragraph\/instances\/cmnj4f0qn000d3b6ql0t85ksz@published\" data-editable=\"text\" data-component-name=\"paragraph\" data-article-gutter=\"true\">Na noite de quinta-feira, \u201co Centro de Controle da Miss\u00e3o em Houston reorientou nossa espa\u00e7onave enquanto o sol se punha atr\u00e1s da Terra\u201d, disse Wiseman, \u201ce eu n\u00e3o sei o que todos n\u00f3s esper\u00e1vamos ver naquele momento \u2014 mas era poss\u00edvel ver o globo inteiro, de polo a polo.<\/p>\n<p data-uri=\"cms.cnn.com\/_components\/paragraph\/instances\/cmnj4f0qn000f3b6qe921zgvq@published\" data-editable=\"text\" data-component-name=\"paragraph\" data-article-gutter=\"true\"><span class dir=\"auto\">\u201cEra poss\u00edvel ver a \u00c1frica, a Europa e, se voc\u00ea olhasse bem de perto, podia ver a aurora boreal. Foi um momento espetacular, que nos deixou todos os quatro paralisados.\u201d<\/span><\/p>\n<\/p><\/div>\n","protected":false},"excerpt":{"rendered":"<p>O astronauta e piloto da miss\u00e3o Artemis II, Victor Glover, disse em uma atualiza\u00e7\u00e3o na manh\u00e3 deste s\u00e1bado que a &#8220;Lua est\u00e1&hellip;<\/p>\n","protected":false},"author":38,"featured_media":23033,"comment_status":"closed","ping_status":"closed","sticky":false,"template":"","format":"standard","meta":{"_lmt_disableupdate":"","_lmt_disable":"","footnotes":""},"categories":[18],"tags":[],"class_list":["post-23032","post","type-post","status-publish","format-standard","has-post-thumbnail","hentry","category-regiao"],"_links":{"self":[{"href":"https:\/\/csimaster.com\/noticia2025\/wp-json\/wp\/v2\/posts\/23032","targetHints":{"allow":["GET"]}}],"collection":[{"href":"https:\/\/csimaster.com\/noticia2025\/wp-json\/wp\/v2\/posts"}],"about":[{"href":"https:\/\/csimaster.com\/noticia2025\/wp-json\/wp\/v2\/types\/post"}],"author":[{"embeddable":true,"href":"https:\/\/csimaster.com\/noticia2025\/wp-json\/wp\/v2\/users\/38"}],"replies":[{"embeddable":true,"href":"https:\/\/csimaster.com\/noticia2025\/wp-json\/wp\/v2\/comments?post=23032"}],"version-history":[{"count":0,"href":"https:\/\/csimaster.com\/noticia2025\/wp-json\/wp\/v2\/posts\/23032\/revisions"}],"wp:featuredmedia":[{"embeddable":true,"href":"https:\/\/csimaster.com\/noticia2025\/wp-json\/wp\/v2\/media\/23033"}],"wp:attachment":[{"href":"https:\/\/csimaster.com\/noticia2025\/wp-json\/wp\/v2\/media?parent=23032"}],"wp:term":[{"taxonomy":"category","embeddable":true,"href":"https:\/\/csimaster.com\/noticia2025\/wp-json\/wp\/v2\/categories?post=23032"},{"taxonomy":"post_tag","embeddable":true,"href":"https:\/\/csimaster.com\/noticia2025\/wp-json\/wp\/v2\/tags?post=23032"}],"curies":[{"name":"wp","href":"https:\/\/api.w.org\/{rel}","templated":true}]}}