{"id":22036,"date":"2026-01-02T00:31:02","date_gmt":"2026-01-02T03:31:02","guid":{"rendered":"https:\/\/csimaster.com\/noticia2025\/especialista-aumento-do-salario-minimo-nao-e-problema-e-o-que-se-deriva\/"},"modified":"2026-01-02T00:31:08","modified_gmt":"2026-01-02T03:31:08","slug":"especialista-aumento-do-salario-minimo-nao-e-problema-e-o-que-se-deriva","status":"publish","type":"post","link":"https:\/\/csimaster.com\/noticia2025\/especialista-aumento-do-salario-minimo-nao-e-problema-e-o-que-se-deriva\/","title":{"rendered":"Especialista: Aumento do sal\u00e1rio m\u00ednimo n\u00e3o \u00e9 problema, \u00e9 o que se deriva"},"content":{"rendered":"<div data-single-content=\"true\">\n<p>O novo sal\u00e1rio m\u00ednimo de R$ 1.621, que passou a valer em 1\u00ba de janeiro, representa um avan\u00e7o para os trabalhadores brasileiros, mas pode gerar forte impacto nas contas p\u00fablicas. Em entrevista ao <strong>CNN Prime Time<\/strong>, Alexandre Esp\u00edrito Santo, coordenador de Economia da ESPM, analisou as consequ\u00eancias fiscais do reajuste.<\/p>\n<p>Segundo o especialista, o principal problema da economia brasileira nos \u00faltimos anos tem sido a quest\u00e3o fiscal, e o aumento do sal\u00e1rio m\u00ednimo pressiona diretamente o or\u00e7amento do governo. &#8220;O problema n\u00e3o \u00e9 o aumento do sal\u00e1rio m\u00ednimo, que \u00e9 bom. O problema \u00e9 o que se deriva da\u00ed&#8221;, explica Alexandre.<\/p>\n<h2>Impacto nos gastos p\u00fablicos<\/h2>\n<p>O economista detalha que o reajuste afeta diversos benef\u00edcios vinculados ao sal\u00e1rio m\u00ednimo: &#8220;Voc\u00ea tem o INSS, tem o BPC, voc\u00ea tem o seguro-desemprego, o abono. Isso a\u00ed vai dar um gasto al\u00e9m de R$ 42, R$ 43 bilh\u00f5es&#8221;, afirmou. Esse valor representa uma press\u00e3o adicional em um cen\u00e1rio fiscal j\u00e1 complicado, especialmente em um ano eleitoral.<\/p>\n<p>Alexandre Esp\u00edrito Santo tamb\u00e9m comentou sobre o projeto de lei or\u00e7ament\u00e1rio recentemente aprovado, que sugere um super\u00e1vit de R$ 35 bilh\u00f5es. Na avalia\u00e7\u00e3o dele, essa meta \u00e9 &#8220;mais uma pe\u00e7a de fic\u00e7\u00e3o&#8221;. &#8220;Muito provavelmente a gente n\u00e3o far\u00e1 esse super\u00e1vit. Provavelmente faremos um d\u00e9ficit ali em torno de R$ 100 bilh\u00f5es&#8221;, projetou.<\/p>\n<h2>Perspectivas para a taxa de juros<\/h2>\n<p>Sobre o impacto do aumento do sal\u00e1rio m\u00ednimo na pol\u00edtica monet\u00e1ria, o economista acredita que o Banco Central manter\u00e1 sua trajet\u00f3ria de redu\u00e7\u00e3o gradual da taxa Selic. &#8220;N\u00f3s vamos ter uma redu\u00e7\u00e3o da taxa de juros pelo Banco Central, agora na reuni\u00e3o de janeiro, no finzinho de janeiro, n\u00f3s imaginamos uma queda de 0,25 ponto percentual&#8221;, afirmou.<\/p>\n<p>Alexandre destacou que o Banco Central conseguiu reancorar as expectativas inflacion\u00e1rias, com o IPCA-15 de dezembro colocando o n\u00famero fechado de 2025 dentro da meta. Apesar disso, ele ressaltou que o Brasil ainda trabalha com a segunda maior taxa de juros real do mundo, o que funciona &#8220;como um garrote, asfixiando a economia&#8221;. A expectativa \u00e9 que a taxa Selic termine 2026 em torno de 12% a 12,5%.<\/p>\n<\/p><\/div>\n<p><em>Os textos gerados por intelig\u00eancia artificial na <strong>CNN Brasil<\/strong>\u00a0s\u00e3o feitos com base nos cortes de v\u00eddeos dos jornais de sua programa\u00e7\u00e3o. Todas as informa\u00e7\u00f5es s\u00e3o apuradas e checadas por jornalistas. O texto final tamb\u00e9m passa pela revis\u00e3o da equipe de jornalismo da\u00a0<strong>CNN<\/strong>.\u00a0Clique aqui para saber mais.<\/em><\/p>\n","protected":false},"excerpt":{"rendered":"<p>O novo sal\u00e1rio m\u00ednimo de R$ 1.621, que passou a valer em 1\u00ba de janeiro, representa um avan\u00e7o para os trabalhadores brasileiros,&hellip;<\/p>\n","protected":false},"author":15,"featured_media":22037,"comment_status":"closed","ping_status":"closed","sticky":false,"template":"","format":"standard","meta":{"_lmt_disableupdate":"","_lmt_disable":"","footnotes":""},"categories":[18],"tags":[],"class_list":["post-22036","post","type-post","status-publish","format-standard","has-post-thumbnail","hentry","category-regiao"],"_links":{"self":[{"href":"https:\/\/csimaster.com\/noticia2025\/wp-json\/wp\/v2\/posts\/22036","targetHints":{"allow":["GET"]}}],"collection":[{"href":"https:\/\/csimaster.com\/noticia2025\/wp-json\/wp\/v2\/posts"}],"about":[{"href":"https:\/\/csimaster.com\/noticia2025\/wp-json\/wp\/v2\/types\/post"}],"author":[{"embeddable":true,"href":"https:\/\/csimaster.com\/noticia2025\/wp-json\/wp\/v2\/users\/15"}],"replies":[{"embeddable":true,"href":"https:\/\/csimaster.com\/noticia2025\/wp-json\/wp\/v2\/comments?post=22036"}],"version-history":[{"count":0,"href":"https:\/\/csimaster.com\/noticia2025\/wp-json\/wp\/v2\/posts\/22036\/revisions"}],"wp:featuredmedia":[{"embeddable":true,"href":"https:\/\/csimaster.com\/noticia2025\/wp-json\/wp\/v2\/media\/22037"}],"wp:attachment":[{"href":"https:\/\/csimaster.com\/noticia2025\/wp-json\/wp\/v2\/media?parent=22036"}],"wp:term":[{"taxonomy":"category","embeddable":true,"href":"https:\/\/csimaster.com\/noticia2025\/wp-json\/wp\/v2\/categories?post=22036"},{"taxonomy":"post_tag","embeddable":true,"href":"https:\/\/csimaster.com\/noticia2025\/wp-json\/wp\/v2\/tags?post=22036"}],"curies":[{"name":"wp","href":"https:\/\/api.w.org\/{rel}","templated":true}]}}