{"id":21686,"date":"2025-12-03T17:30:45","date_gmt":"2025-12-03T20:30:45","guid":{"rendered":"https:\/\/csimaster.com\/noticia2025\/recuo-da-pobreza-no-brasil-mostra-dependencia-de-beneficios-diz-analista\/"},"modified":"2025-12-03T17:30:49","modified_gmt":"2025-12-03T20:30:49","slug":"recuo-da-pobreza-no-brasil-mostra-dependencia-de-beneficios-diz-analista","status":"publish","type":"post","link":"https:\/\/csimaster.com\/noticia2025\/recuo-da-pobreza-no-brasil-mostra-dependencia-de-beneficios-diz-analista\/","title":{"rendered":"Recuo da pobreza no Brasil mostra depend\u00eancia de benef\u00edcios, diz analista"},"content":{"rendered":"<div data-single-content=\"true\">\n<p>A popula\u00e7\u00e3o brasileira em situa\u00e7\u00e3o de extrema pobreza registrou uma queda significativa, passando de 4,4% para 3,5% entre 2023 e 2024, conforme dados divulgados pelo\u00a0<strong>IBGE<\/strong><strong>\u00a0(<\/strong><strong>Instituto Brasileiro de Geografia e Estat\u00edstica<\/strong><strong>)<\/strong>. Esta redu\u00e7\u00e3o representa aproximadamente 1,9 milh\u00e3o de pessoas que deixaram a linha da extrema pobreza.<\/p>\n<p>O cen\u00e1rio positivo \u00e9 resultado de uma combina\u00e7\u00e3o de fatores, incluindo a abrang\u00eancia dos programas de transfer\u00eancia de renda e o aquecimento do mercado de trabalho.<\/p>\n<p>De acordo com <strong>Jefferson Mariano<\/strong>, analista socioecon\u00f4mico do <strong>IBGE<\/strong>, quando se excluem os <strong>programas sociais<\/strong> da an\u00e1lise, o \u00edndice de pobreza aumenta consideravelmente, chegando a atingir <strong>40% da popula\u00e7\u00e3o<\/strong>.<\/p>\n<h2>Desigualdades persistentes<\/h2>\n<p>Apesar dos avan\u00e7os, as disparidades raciais e de g\u00eanero continuam evidentes. A pesquisa revela que a maioria das pessoas em situa\u00e7\u00e3o de pobreza e extrema pobreza \u00e9 composta por pretos e pardos, com uma propor\u00e7\u00e3o significativamente menor de pessoas brancas.<\/p>\n<p>As mulheres pretas, em particular, encontram-se na base da pir\u00e2mide socioecon\u00f4mica. &#8220;Mesmo entre as pessoas mais pobres, a gente ainda observa uma desigualdade muito atrelada a quest\u00e3o racial&#8221;, afirma o analista.<\/p>\n<p>O estudo tamb\u00e9m destaca que o Brasil apresenta um dos maiores \u00edndices de concentra\u00e7\u00e3o de renda entre os pa\u00edses da OCDE (Organiza\u00e7\u00e3o para a Coopera\u00e7\u00e3o e Desenvolvimento Econ\u00f4mico), especialmente quando se desconsideram os programas de transfer\u00eancia de renda.<\/p>\n<p>&#8220;Isso mostra, mais uma vez, a import\u00e2ncia que a gente ainda tem, a depend\u00eancia que a sociedade brasileira ainda tem dos programas de transfer\u00eancia de renda&#8221;, destaca Mariano.<\/p>\n<h2>Perspectivas futuras<\/h2>\n<p>Apesar dos problemas apontados, Jefferson Mariano aponta que os dados atuais representam o <strong>melhor momento da s\u00e9rie hist\u00f3rica iniciada em 2012<\/strong>, com recupera\u00e7\u00e3o significativa ap\u00f3s o <strong>per\u00edodo cr\u00edtico da pandemia em 2020<\/strong>.<\/p>\n<p>A continuidade do mercado de trabalho aquecido, aliada aos programas de transfer\u00eancia de renda, pode contribuir para redu\u00e7\u00f5es ainda maiores nos \u00edndices de pobreza. &#8220;\u00c9 poss\u00edvel que no futuro a gente tenha n\u00fameros cada vez menores nessa situa\u00e7\u00e3o.&#8221;<\/p>\n<\/p><\/div>\n<p><em>Os textos gerados por intelig\u00eancia artificial na <strong>CNN Brasil<\/strong>\u00a0s\u00e3o feitos com base nos cortes de v\u00eddeos dos jornais de sua programa\u00e7\u00e3o. Todas as informa\u00e7\u00f5es s\u00e3o apuradas e checadas por jornalistas. O texto final tamb\u00e9m passa pela revis\u00e3o da equipe de jornalismo da\u00a0<strong>CNN<\/strong>.\u00a0Clique aqui para saber mais.<\/em><\/p>\n","protected":false},"excerpt":{"rendered":"<p>A popula\u00e7\u00e3o brasileira em situa\u00e7\u00e3o de extrema pobreza registrou uma queda significativa, passando de 4,4% para 3,5% entre 2023 e 2024, conforme&hellip;<\/p>\n","protected":false},"author":15,"featured_media":21687,"comment_status":"closed","ping_status":"closed","sticky":false,"template":"","format":"standard","meta":{"_lmt_disableupdate":"","_lmt_disable":"","footnotes":""},"categories":[18],"tags":[],"class_list":["post-21686","post","type-post","status-publish","format-standard","has-post-thumbnail","hentry","category-regiao"],"_links":{"self":[{"href":"https:\/\/csimaster.com\/noticia2025\/wp-json\/wp\/v2\/posts\/21686","targetHints":{"allow":["GET"]}}],"collection":[{"href":"https:\/\/csimaster.com\/noticia2025\/wp-json\/wp\/v2\/posts"}],"about":[{"href":"https:\/\/csimaster.com\/noticia2025\/wp-json\/wp\/v2\/types\/post"}],"author":[{"embeddable":true,"href":"https:\/\/csimaster.com\/noticia2025\/wp-json\/wp\/v2\/users\/15"}],"replies":[{"embeddable":true,"href":"https:\/\/csimaster.com\/noticia2025\/wp-json\/wp\/v2\/comments?post=21686"}],"version-history":[{"count":0,"href":"https:\/\/csimaster.com\/noticia2025\/wp-json\/wp\/v2\/posts\/21686\/revisions"}],"wp:featuredmedia":[{"embeddable":true,"href":"https:\/\/csimaster.com\/noticia2025\/wp-json\/wp\/v2\/media\/21687"}],"wp:attachment":[{"href":"https:\/\/csimaster.com\/noticia2025\/wp-json\/wp\/v2\/media?parent=21686"}],"wp:term":[{"taxonomy":"category","embeddable":true,"href":"https:\/\/csimaster.com\/noticia2025\/wp-json\/wp\/v2\/categories?post=21686"},{"taxonomy":"post_tag","embeddable":true,"href":"https:\/\/csimaster.com\/noticia2025\/wp-json\/wp\/v2\/tags?post=21686"}],"curies":[{"name":"wp","href":"https:\/\/api.w.org\/{rel}","templated":true}]}}