{"id":21624,"date":"2025-11-28T17:30:48","date_gmt":"2025-11-28T20:30:48","guid":{"rendered":"https:\/\/csimaster.com\/noticia2025\/alzheimer-pode-causar-invalidez-no-trabalho-entenda\/"},"modified":"2025-11-28T17:30:48","modified_gmt":"2025-11-28T20:30:48","slug":"alzheimer-pode-causar-invalidez-no-trabalho-entenda","status":"publish","type":"post","link":"https:\/\/csimaster.com\/noticia2025\/alzheimer-pode-causar-invalidez-no-trabalho-entenda\/","title":{"rendered":"Alzheimer pode causar invalidez no trabalho? Entenda"},"content":{"rendered":"<div data-single-content=\"true\">\n<p>O ex-ministro do GSI (Gabinete de Seguran\u00e7a Institucional), general Augusto Heleno, informou ao Ex\u00e9rcito Brasileiro que sofre de doen\u00e7a de Alzheimer desde 2018. A informa\u00e7\u00e3o foi repassada ao Ex\u00e9rcito durante exame de corpo de delito realizado na ter\u00e7a-feira (26).<\/p>\n<p>O procedimento foi realizado j\u00e1 no Comando Militar no Planalto, em Bras\u00edlia, para verificar as condi\u00e7\u00f5es de sa\u00fade do militar antes de sua entrada no sistema prisional e para identificar doen\u00e7as pr\u00e9vias.<\/p>\n<p>O Alzheimer \u00e9 um transtorno neurodegenerativo progressivo que se manifesta com a deteriora\u00e7\u00e3o cognitiva e da mem\u00f3ria, al\u00e9m de comprometimento progressivo das atividades di\u00e1rias e altera\u00e7\u00f5es comportamentais, de acordo com o Minist\u00e9rio da Sa\u00fade.<\/p>\n<p>Por ser uma doen\u00e7a progressiva, os sintomas s\u00e3o mais leves nas fases iniciais. Por isso, \u00e9 poss\u00edvel que o paciente consiga manter a autonomia, capacidade de decis\u00e3o e preserva\u00e7\u00e3o funcional em grande parte das atividades cotidianas e profissionais, de acordo com Diogo Haddad, head do Centro Especializado em Neurologia do Hospital Alem\u00e3o Oswaldo Cruz.<\/p>\n<p>&#8220;O diagn\u00f3stico precoce, hoje mais vi\u00e1vel gra\u00e7as aos novos biomarcadores e exames de imagem, permite identificar o quadro ainda na fase chamada de Comprometimento Cognitivo Leve amn\u00e9stico, quando h\u00e1 altera\u00e7\u00f5es de mem\u00f3ria e aten\u00e7\u00e3o, mas o funcionamento global ainda est\u00e1 preservado&#8221;, afirma.<\/p>\n<p>Segundo o especialista, nessa fase, a estimula\u00e7\u00e3o cognitiva, a rotina estruturada e a continuidade das atividades intelectuais e sociais s\u00e3o fundamentais.<\/p>\n<p>&#8220;Trabalhar, ensinar, ler, escrever, resolver problemas s\u00e3o tarefas que ativam redes neurais que favorecem a compensa\u00e7\u00e3o funcional e retardam a manifesta\u00e7\u00e3o cl\u00ednica mais significativa da doen\u00e7a&#8221;, explica. &#8220;O c\u00e9rebro possui uma &#8216;reserva cognitiva&#8217; que, quando estimulada, ajuda a manter o desempenho mesmo diante da presen\u00e7a de altera\u00e7\u00f5es neuropatol\u00f3gicas iniciais&#8221;, completa.<\/p>\n<h2>Quando o Alzheimer come\u00e7a a impactar atividade cognitiva?<\/h2>\n<p>O Alzheimer pode causar efeitos mais graves na cogni\u00e7\u00e3o conforme avan\u00e7a, mas o tempo em que isso acontece varia de uma pessoa para outra e depende de fatores como o tipo de trabalho, n\u00edvel de exig\u00eancia cognitiva, grau de escolaridade, presen\u00e7a de comorbidades e at\u00e9 o apoio emocional e social que o paciente recebe.<\/p>\n<p>&#8220;De forma geral, nas fases leves, muitas pessoas seguem produtivas por alguns anos com adapta\u00e7\u00f5es no ritmo e nas demandas de concentra\u00e7\u00e3o. \u00c0 medida que o comprometimento de mem\u00f3ria, aten\u00e7\u00e3o e julgamento se intensifica, as atividades complexas passam a ser mais dif\u00edceis de executar com seguran\u00e7a e consist\u00eancia&#8221;, explica Haddad.<\/p>\n<p>Quando a doen\u00e7a evolui para est\u00e1gios moderados, o impacto funcional se torna mais evidente, segundo o especialista: tarefas que envolvem planejamento, tomada de decis\u00e3o, responsabilidade sobre outras pessoas ou finan\u00e7as tendem a ser comprometidas. &#8220;Nesse ponto, a retirada gradual do trabalho costuma ser orientada para evitar riscos e preservar a dignidade do paciente&#8221;, afirma.<\/p>\n<p>Inclusive, a pessoa diagnosticada com Alzheimer pode solicitar a aposentadoria por invalidez se estiver incapacitada de forma total e permanente para o trabalho. Para isso, \u00e9 preciso agendar uma per\u00edcia m\u00e9dica no INSS (Instituto Nacional do Seguro Social) pelo site ou aplicativo Meu INSS ou pelo telefone 135.<\/p>\n<h2>Como manter a cogni\u00e7\u00e3o boa ap\u00f3s um diagn\u00f3stico de Alzheimer?<\/h2>\n<p>Ap\u00f3s o diagn\u00f3stico de Alzheimer, \u00e9 poss\u00edvel cuidar da cogni\u00e7\u00e3o por meio de mudan\u00e7as no estilo de vida e maior engajamento intelectual, de acordo com Haddad.<\/p>\n<p>Recomenda-se uma rotina com m\u00faltiplos est\u00edmulos, como atividades cognitivas (leitura, aprendizado de novas habilidades, jogos mentais), exerc\u00edcios f\u00edsicos regulares, intera\u00e7\u00e3o social, boa qualidade do sono e controle rigoroso de fatores de risco cardiovascular e metab\u00f3lico, como hipertens\u00e3o, diabetes e obesidade.<\/p>\n<p>&#8220;Manter-se no trabalho, quando poss\u00edvel e seguro, pode ser ben\u00e9fico, pois ajuda a preservar a identidade, o senso de prop\u00f3sito e o engajamento cognitivo. O importante \u00e9 ajustar as demandas \u00e0 capacidade atual, criando um ambiente de apoio e acolhimento&#8221;, afirma o especialista.<\/p>\n<p>&#8220;Essa combina\u00e7\u00e3o de estimula\u00e7\u00e3o mental, suporte emocional e h\u00e1bitos saud\u00e1veis tem mostrado resultados concretos na preserva\u00e7\u00e3o da fun\u00e7\u00e3o cognitiva e na melhora da qualidade de vida, mesmo diante do diagn\u00f3stico de Alzheimer&#8221;, completa.<\/p>\n<\/p><\/div>\n","protected":false},"excerpt":{"rendered":"<p>O ex-ministro do GSI (Gabinete de Seguran\u00e7a Institucional), general Augusto Heleno, informou ao Ex\u00e9rcito Brasileiro que sofre de doen\u00e7a de Alzheimer desde&hellip;<\/p>\n","protected":false},"author":47,"featured_media":21625,"comment_status":"closed","ping_status":"closed","sticky":false,"template":"","format":"standard","meta":{"_lmt_disableupdate":"","_lmt_disable":"","footnotes":""},"categories":[18],"tags":[],"class_list":["post-21624","post","type-post","status-publish","format-standard","has-post-thumbnail","hentry","category-regiao"],"_links":{"self":[{"href":"https:\/\/csimaster.com\/noticia2025\/wp-json\/wp\/v2\/posts\/21624","targetHints":{"allow":["GET"]}}],"collection":[{"href":"https:\/\/csimaster.com\/noticia2025\/wp-json\/wp\/v2\/posts"}],"about":[{"href":"https:\/\/csimaster.com\/noticia2025\/wp-json\/wp\/v2\/types\/post"}],"author":[{"embeddable":true,"href":"https:\/\/csimaster.com\/noticia2025\/wp-json\/wp\/v2\/users\/47"}],"replies":[{"embeddable":true,"href":"https:\/\/csimaster.com\/noticia2025\/wp-json\/wp\/v2\/comments?post=21624"}],"version-history":[{"count":0,"href":"https:\/\/csimaster.com\/noticia2025\/wp-json\/wp\/v2\/posts\/21624\/revisions"}],"wp:featuredmedia":[{"embeddable":true,"href":"https:\/\/csimaster.com\/noticia2025\/wp-json\/wp\/v2\/media\/21625"}],"wp:attachment":[{"href":"https:\/\/csimaster.com\/noticia2025\/wp-json\/wp\/v2\/media?parent=21624"}],"wp:term":[{"taxonomy":"category","embeddable":true,"href":"https:\/\/csimaster.com\/noticia2025\/wp-json\/wp\/v2\/categories?post=21624"},{"taxonomy":"post_tag","embeddable":true,"href":"https:\/\/csimaster.com\/noticia2025\/wp-json\/wp\/v2\/tags?post=21624"}],"curies":[{"name":"wp","href":"https:\/\/api.w.org\/{rel}","templated":true}]}}