{"id":21476,"date":"2025-11-14T14:33:55","date_gmt":"2025-11-14T17:33:55","guid":{"rendered":"https:\/\/csimaster.com\/noticia2025\/cop30-transicao-energetica-pauta-os-debates-do-quinto-dia-do-evento\/"},"modified":"2025-11-14T14:34:08","modified_gmt":"2025-11-14T17:34:08","slug":"cop30-transicao-energetica-pauta-os-debates-do-quinto-dia-do-evento","status":"publish","type":"post","link":"https:\/\/csimaster.com\/noticia2025\/cop30-transicao-energetica-pauta-os-debates-do-quinto-dia-do-evento\/","title":{"rendered":"COP30: transi\u00e7\u00e3o energ\u00e9tica pauta os debates do quinto dia do evento"},"content":{"rendered":"<div data-single-content=\"true\">\n<p>A <strong>transi\u00e7\u00e3o energ\u00e9tica pauta grande parte dos debates nesta sexta-feira (14), quinto dia de COP30<\/strong> em Bel\u00e9m, no Par\u00e1.<\/p>\n<p>Est\u00e1 previsto o lan\u00e7amento da Declara\u00e7\u00e3o de Bel\u00e9m do Instituto E+, para acelerar a industrializa\u00e7\u00e3o verde. Al\u00e9m da realiza\u00e7\u00e3o de mesas redondas ministeriais sobre a implementa\u00e7\u00e3o do compromisso Bel\u00e9m quatro vezes em combust\u00edveis sustent\u00e1veis, que j\u00e1 tinham apoio de cerca de 20 pa\u00edses, mesmo antes do in\u00edcio da COP30. A ideia dessa coopera\u00e7\u00e3o internacional \u00e9 aumentar no m\u00ednimo em quatro vezes, ao longo da pr\u00f3xima d\u00e9cada, o uso desse combust\u00edvel alternativo.<\/p>\n<p>Este debate est\u00e1 marcando as caracter\u00edsticas desta COP em rela\u00e7\u00e3o \u00e0s anteriores, mais que diagn\u00f3sticos, s\u00e3o tentativas de chegar a consensos sobre abordagens mais efetivas para concretizar a transi\u00e7\u00e3o energ\u00e9tica. <\/p>\n<p>Na \u00e1rea social, nesta sexta, a ministra das Mulheres, M\u00e1rcia Lopes, participa \u00e0 tarde de um painel sobre g\u00eanero e clima no espa\u00e7o do Cons\u00f3rcio Nordeste. Lopes tem agenda com outras participa\u00e7\u00f5es focadas em justi\u00e7a clim\u00e1tica, com protagonismo feminino e da juventude no enfrentamento ao racismo ambiental.<\/p>\n<p>Todos esses eventos s\u00e3o uma continuidade dos debates dessa quinta-feira (13), marcados pela ado\u00e7\u00e3o do Plano de A\u00e7\u00e3o de Sa\u00fade de Bel\u00e9m, em parceria com a Organiza\u00e7\u00e3o Mundial da Sa\u00fade (OMS). O plano j\u00e1 recebeu apoio de 80 signat\u00e1rios, incluindo 30 pa\u00edses e 50 parceiros.<\/p>\n<p>Outro avan\u00e7o foi a Coaliz\u00e3o de Financiadores de Clima e Sa\u00fade, composta por mais de 35 filantropias, que anunciou uma promessa de US$ 300 milh\u00f5es para acelerar solu\u00e7\u00f5es e inova\u00e7\u00f5es, pol\u00edticas e pesquisas sobre amea\u00e7as urgentes, como o calor extremo, a polui\u00e7\u00e3o do ar e doen\u00e7as infecciosas.<\/p>\n<p>O presidente da COP30, Andr\u00e9 Corr\u00eaa do Lago, refor\u00e7ou que esta COP est\u00e1 sendo a confer\u00eancia da implementa\u00e7\u00e3o, pois est\u00e1 finalmente concluindo um ciclo regulat\u00f3rio necess\u00e1rio desde o Acordo de Paris.<\/p>\n<\/p><\/div>\n","protected":false},"excerpt":{"rendered":"<p>A transi\u00e7\u00e3o energ\u00e9tica pauta grande parte dos debates nesta sexta-feira (14), quinto dia de COP30 em Bel\u00e9m, no Par\u00e1. Est\u00e1 previsto o&hellip;<\/p>\n","protected":false},"author":56,"featured_media":21477,"comment_status":"closed","ping_status":"closed","sticky":false,"template":"","format":"standard","meta":{"_lmt_disableupdate":"","_lmt_disable":"","footnotes":""},"categories":[18],"tags":[],"class_list":["post-21476","post","type-post","status-publish","format-standard","has-post-thumbnail","hentry","category-regiao"],"_links":{"self":[{"href":"https:\/\/csimaster.com\/noticia2025\/wp-json\/wp\/v2\/posts\/21476","targetHints":{"allow":["GET"]}}],"collection":[{"href":"https:\/\/csimaster.com\/noticia2025\/wp-json\/wp\/v2\/posts"}],"about":[{"href":"https:\/\/csimaster.com\/noticia2025\/wp-json\/wp\/v2\/types\/post"}],"author":[{"embeddable":true,"href":"https:\/\/csimaster.com\/noticia2025\/wp-json\/wp\/v2\/users\/56"}],"replies":[{"embeddable":true,"href":"https:\/\/csimaster.com\/noticia2025\/wp-json\/wp\/v2\/comments?post=21476"}],"version-history":[{"count":0,"href":"https:\/\/csimaster.com\/noticia2025\/wp-json\/wp\/v2\/posts\/21476\/revisions"}],"wp:featuredmedia":[{"embeddable":true,"href":"https:\/\/csimaster.com\/noticia2025\/wp-json\/wp\/v2\/media\/21477"}],"wp:attachment":[{"href":"https:\/\/csimaster.com\/noticia2025\/wp-json\/wp\/v2\/media?parent=21476"}],"wp:term":[{"taxonomy":"category","embeddable":true,"href":"https:\/\/csimaster.com\/noticia2025\/wp-json\/wp\/v2\/categories?post=21476"},{"taxonomy":"post_tag","embeddable":true,"href":"https:\/\/csimaster.com\/noticia2025\/wp-json\/wp\/v2\/tags?post=21476"}],"curies":[{"name":"wp","href":"https:\/\/api.w.org\/{rel}","templated":true}]}}