{"id":21028,"date":"2025-10-20T05:31:12","date_gmt":"2025-10-20T08:31:12","guid":{"rendered":"https:\/\/csimaster.com\/noticia2025\/e-possivel-fazer-prova-pratica-da-autoescola-com-carro-automatico\/"},"modified":"2025-10-20T05:31:20","modified_gmt":"2025-10-20T08:31:20","slug":"e-possivel-fazer-prova-pratica-da-autoescola-com-carro-automatico","status":"publish","type":"post","link":"https:\/\/csimaster.com\/noticia2025\/e-possivel-fazer-prova-pratica-da-autoescola-com-carro-automatico\/","title":{"rendered":"\u00c9 poss\u00edvel fazer prova pr\u00e1tica da autoescola com carro autom\u00e1tico?"},"content":{"rendered":"<div data-single-content=\"true\">\n<p>O acesso \u00e0 CNH (<strong>Carteira Nacional de Habilita\u00e7\u00e3o<\/strong>) pode ficar mais f\u00e1cil. Em minuta divulgada pelo governo, o texto abre margem para que o candidato realize a prova em um carro com <strong>c\u00e2mbio autom\u00e1tico<\/strong>.<span>\u00a0<\/span><\/p>\n<p>Ap\u00f3s a medida ser aprovada, o condutor poder\u00e1 conduzir, inclusive, modelos com o c\u00e2mbio manual.<span>\u00a0<\/span><\/p>\n<p>Apesar de a minuta n\u00e3o citar expressamente essas quest\u00f5es, o <strong>Minist\u00e9rio dos Transportes<\/strong> respondeu \u00e0 <strong>CNN<\/strong> afirmando que a habilita\u00e7\u00e3o \u00e9 concedida conforme a categoria e n\u00e3o com o tipo de transmiss\u00e3o.<span>\u00a0<\/span><\/p>\n<p>A minuta de Resolu\u00e7\u00e3o, segue o que j\u00e1 est\u00e1 previsto no C\u00f3digo de Tr\u00e2nsito Brasileiro (CTB), segundo o qual a habilita\u00e7\u00e3o \u00e9 concedida segundo a categoria do ve\u00edculo e n\u00e3o com o tipo de transmiss\u00e3o.<\/p>\n<p>\u201cA proposta acolhe uma demanda do pr\u00f3prio <strong>setor de forma\u00e7\u00e3o de condutores<\/strong>, que j\u00e1 pede a retirada da restri\u00e7\u00e3o presente na atual Resolu\u00e7\u00e3o Contran, reconhecendo a necessidade de alinhar o processo de ensino \u00e0 evolu\u00e7\u00e3o tecnol\u00f3gica e ao perfil atual do mercado automotivo\u201d, afirmou a pasta em nota \u00e0 reportagem.<span>\u00a0<\/span><\/p>\n<div data-image=\"true\">\n<figure><figcaption><span>Proposta em estudo pelo Governo Federal desobriga autoescola para obter CNH \u2022 Ag\u00eancia Brasilia<\/span><\/figcaption><\/figure>\n<\/div>\n<p>Na avalia\u00e7\u00e3o do <strong>advogado especialista em direito do tr\u00e2nsito Denner Liberalino<\/strong>, ainda \u00e9 preciso aguardar as pr\u00f3ximas etapas, <strong>pois ainda n\u00e3o existe nenhuma certeza se ser\u00e1 poss\u00edvel fazer prova pr\u00e1tica da autoescola com carro autom\u00e1tico.<\/strong><\/p>\n<p>\u201cOs Detrans aceitar\u00e3o os ve\u00edculos com os crit\u00e9rios deles, logo, como n\u00e3o h\u00e1 nada mandando na minuta, n\u00e3o tem como saber se ir\u00e3o aceitar que a prova seja feita com carros autom\u00e1ticos\u201d, pondera.<span>\u00a0<\/span><\/p>\n<h2>Posso fazer a prova com ve\u00edculo pr\u00f3prio?<span>\u00a0<\/span><\/h2>\n<p>Outra quest\u00e3o onde a minuta deixa margem \u00e9 sobre o ve\u00edculo para fazer a prova pr\u00e1tica. O artigo 40 da minuta afirma que qualquer ve\u00edculo pode ser usado na prova, mas fica a \u201ccrit\u00e9rio do \u00f3rg\u00e3o executivo aceitar\u201d.<span>\u00a0<\/span><\/p>\n<p>No par\u00e1grafo 2 do artigo diz que o ve\u00edculo pode ser disponibilizado pelo candidato, mas precisaria de instrumentos necess\u00e1rios para o funcionamento do monitoramento.<span>\u00a0<\/span><\/p>\n<p>\u201cCom essa trava o Detran pode dizer que n\u00e3o consegue instalar e acabar s\u00f3 usando seus ve\u00edculos. Acredito que n\u00e3o seja essa inten\u00e7\u00e3o da minuta, mas abre margem para isso\u201d, acrescenta Liberalino.<span>\u00a0<\/span><\/p>\n<h2><strong>Quais as pr\u00f3ximas etapas?\u00a0<\/strong><\/h2>\n<ol>\n<li>Terminar a consulta p\u00fablica;<\/li>\n<li>O Minist\u00e9rio dos Transportes analisa as contribui\u00e7\u00f5es e envia o texto para o Contran (Conselho Nacional de Tr\u00e2nsito);<\/li>\n<li>Contran rejeita a minuta: o Minist\u00e9rio dos Transportes ter\u00e1 que reformar o texto para reencaminhar;<\/li>\n<li>Contran pode alterar o texto e publicar a resolu\u00e7\u00e3o ou aprovar o texto direto e publicar.<\/li>\n<\/ol><\/div>\n","protected":false},"excerpt":{"rendered":"<p>O acesso \u00e0 CNH (Carteira Nacional de Habilita\u00e7\u00e3o) pode ficar mais f\u00e1cil. Em minuta divulgada pelo governo, o texto abre margem para&hellip;<\/p>\n","protected":false},"author":132,"featured_media":21029,"comment_status":"closed","ping_status":"closed","sticky":false,"template":"","format":"standard","meta":{"_lmt_disableupdate":"","_lmt_disable":"","footnotes":""},"categories":[18],"tags":[],"class_list":["post-21028","post","type-post","status-publish","format-standard","has-post-thumbnail","hentry","category-regiao"],"_links":{"self":[{"href":"https:\/\/csimaster.com\/noticia2025\/wp-json\/wp\/v2\/posts\/21028","targetHints":{"allow":["GET"]}}],"collection":[{"href":"https:\/\/csimaster.com\/noticia2025\/wp-json\/wp\/v2\/posts"}],"about":[{"href":"https:\/\/csimaster.com\/noticia2025\/wp-json\/wp\/v2\/types\/post"}],"author":[{"embeddable":true,"href":"https:\/\/csimaster.com\/noticia2025\/wp-json\/wp\/v2\/users\/132"}],"replies":[{"embeddable":true,"href":"https:\/\/csimaster.com\/noticia2025\/wp-json\/wp\/v2\/comments?post=21028"}],"version-history":[{"count":0,"href":"https:\/\/csimaster.com\/noticia2025\/wp-json\/wp\/v2\/posts\/21028\/revisions"}],"wp:featuredmedia":[{"embeddable":true,"href":"https:\/\/csimaster.com\/noticia2025\/wp-json\/wp\/v2\/media\/21029"}],"wp:attachment":[{"href":"https:\/\/csimaster.com\/noticia2025\/wp-json\/wp\/v2\/media?parent=21028"}],"wp:term":[{"taxonomy":"category","embeddable":true,"href":"https:\/\/csimaster.com\/noticia2025\/wp-json\/wp\/v2\/categories?post=21028"},{"taxonomy":"post_tag","embeddable":true,"href":"https:\/\/csimaster.com\/noticia2025\/wp-json\/wp\/v2\/tags?post=21028"}],"curies":[{"name":"wp","href":"https:\/\/api.w.org\/{rel}","templated":true}]}}