{"id":20252,"date":"2025-09-16T20:33:32","date_gmt":"2025-09-16T23:33:32","guid":{"rendered":"https:\/\/csimaster.com\/noticia2025\/flavio-ataca-moraes-sobre-conduta-com-bolsonaro-nao-tem-humanidade\/"},"modified":"2025-09-16T20:33:52","modified_gmt":"2025-09-16T23:33:52","slug":"flavio-ataca-moraes-sobre-conduta-com-bolsonaro-nao-tem-humanidade","status":"publish","type":"post","link":"https:\/\/csimaster.com\/noticia2025\/flavio-ataca-moraes-sobre-conduta-com-bolsonaro-nao-tem-humanidade\/","title":{"rendered":"Fl\u00e1vio ataca Moraes sobre conduta com Bolsonaro: \u201cN\u00e3o tem humanidade\u201d"},"content":{"rendered":"<div data-single-content=\"true\">\n<p>O senador <strong>Fl\u00e1vio Bolsonaro (PL-RJ)<\/strong> <strong>criticou<\/strong> nesta ter\u00e7a-feira (16) o <strong>ministro Alexandre de Moraes, do STF (Supremo Tribunal Federal)<\/strong>, pela conduta com o seu pai, o ex-presidente Jair Bolsonaro (PL), que est\u00e1 internado ap\u00f3s uma crise de solu\u00e7os e mal-estar.<\/p>\n<p><strong>&#8220;\u00c9 o que eu t\u00f4 falando, at\u00e9 terrorista d\u00e1 tr\u00e9gua em uma tr\u00e9gua. Eu t\u00f4 pedindo para o terrorista dar uma tr\u00e9gua. O cara teve coragem de intimar o presidente em uma UTI para dar ci\u00eancia de coisa. N\u00e3o tem o m\u00ednimo de humanidade n\u00e3o?&#8221;<\/strong>, disse Fl\u00e1vio em entrevista coletiva na entrada do hospital DF Star, em Bras\u00edlia.<\/p>\n<p>Como noticiou a <strong>CNN<\/strong>, Bolsonaro deve passar a noite no hospital. Segundo a ex-primeia dama Michelle Bolsonaro (PL), que tamb\u00e9m est\u00e1 na unidade hospitalar junto ao marido,<strong> o ex-mandat\u00e1rio tem utilizado medica\u00e7\u00e3o intravenosa e realizado exames.<\/strong><\/p>\n<p><strong>&#8220;Estou fazendo um apelo aqui, n\u00e3o tem o m\u00ednimo de humanidade n\u00e3o, o m\u00ednimo de bom senso? O bom senso, s\u00f3 que estou pedindo, mais nada, al\u00e9m de cumprir a lei que n\u00e3o cumpre, estou pedindo o bom senso&#8221;<\/strong>, prosseguiu o parlamentar do PL.<\/p>\n<p>O <strong>senador acrescentou<\/strong> que o pai tem desabafado com ele sobre um <strong>\u201clinchamento\u201d<\/strong> que teria sofrido pelo Supremo, e que as quest\u00f5es pelas quais o ex-presidente est\u00e1 passando surgem a partir de desgastes psicol\u00f3gicos. Bolsonaro foi condenado a 27 anos e tr\u00eas meses de pris\u00e3o por cinco crimes, incluindo tentativa de golpe de Estado.<\/p>\n<p><strong>Ainda de acordo com Fl\u00e1vio, que pediu mais cedo por \u201cora\u00e7\u00f5es\u201d nas redes sociais direcionadas \u00e0 sa\u00fade do pai,<\/strong> os crimes pelos quais Bolsonaro foi condenado \u2014 organiza\u00e7\u00e3o criminosa armada, tentativa de aboli\u00e7\u00e3o violenta do Estado Democr\u00e1tico de Direito, golpe de Estado, dano qualificado pela viol\u00eancia e amea\u00e7a grave e deteriora\u00e7\u00e3o de patrim\u00f4nio tombado \u2014 seriam parte de um \u201cteatro\u201d orquestrado por Moraes, relator da a\u00e7\u00e3o.<\/p>\n<p><iframe title=\"YouTube video player\" src=\"https:\/\/www.youtube.com\/embed\/KqEkGHkwq64?si=nqTecCbsCmLCBGrT\" width=\"560\" height=\"315\" frameborder=\"0\" allowfullscreen loading=\"lazy\"><\/iframe><\/p>\n<p><strong>&#8220;Os crimes que ele foi condenado agora foi um grande teatro que Alexandre de Moraes armou pra ele, inventando crime, distorcendo legisla\u00e7\u00e3o<\/strong>\u201d, continuou Fl\u00e1vio \u00e0 imprensa.<\/p>\n<p>\u201cO fato \u00e9 que estou muito confiante que a gente precisa virar essa p\u00e1gina da nossa hist\u00f3ria e aprovar a anistia sim, porque o Bolsonaro merece ter de volta tudo o que Alexandre de Moraes interferiu para tom\u00e1-lo inclusive interferindo para desequilibrar a elei\u00e7\u00e3o em 2022&#8243;.<\/p>\n<p>A ida de Bolsonaro ao hospital acontece dois dias ap\u00f3s o ex-presidente, que foi recentemente condenado pela maioria da Primeira Turma do Supremo a 27 anos e tr\u00eas meses de pris\u00e3o, deixar a pris\u00e3o domiciliar para retirar les\u00f5es de pele.<\/p>\n<p>O boletim emitido pelo DF Star no \u00faltimo domingo (14) apontou anemia por defici\u00eancia de ferro, al\u00e9m da tomografia de t\u00f3rax mostrou imagem residual de pneumonia recente por broncoaspira\u00e7\u00e3o.<\/p>\n<p><strong>Desde o atentado a faca durante a campanha eleitoral de 2018,<\/strong> Bolsonaro foi submetido a uma s\u00e9rie de interna\u00e7\u00f5es e cirurgias, muitas delas relacionadas \u00e0s complica\u00e7\u00f5es do ataque sofrido em Juiz de Fora (MG).<\/p>\n<\/p><\/div>\n","protected":false},"excerpt":{"rendered":"<p>O senador Fl\u00e1vio Bolsonaro (PL-RJ) criticou nesta ter\u00e7a-feira (16) o ministro Alexandre de Moraes, do STF (Supremo Tribunal Federal), pela conduta com&hellip;<\/p>\n","protected":false},"author":29,"featured_media":20253,"comment_status":"closed","ping_status":"closed","sticky":false,"template":"","format":"standard","meta":{"_lmt_disableupdate":"","_lmt_disable":"","footnotes":""},"categories":[18],"tags":[],"class_list":["post-20252","post","type-post","status-publish","format-standard","has-post-thumbnail","hentry","category-regiao"],"_links":{"self":[{"href":"https:\/\/csimaster.com\/noticia2025\/wp-json\/wp\/v2\/posts\/20252","targetHints":{"allow":["GET"]}}],"collection":[{"href":"https:\/\/csimaster.com\/noticia2025\/wp-json\/wp\/v2\/posts"}],"about":[{"href":"https:\/\/csimaster.com\/noticia2025\/wp-json\/wp\/v2\/types\/post"}],"author":[{"embeddable":true,"href":"https:\/\/csimaster.com\/noticia2025\/wp-json\/wp\/v2\/users\/29"}],"replies":[{"embeddable":true,"href":"https:\/\/csimaster.com\/noticia2025\/wp-json\/wp\/v2\/comments?post=20252"}],"version-history":[{"count":0,"href":"https:\/\/csimaster.com\/noticia2025\/wp-json\/wp\/v2\/posts\/20252\/revisions"}],"wp:featuredmedia":[{"embeddable":true,"href":"https:\/\/csimaster.com\/noticia2025\/wp-json\/wp\/v2\/media\/20253"}],"wp:attachment":[{"href":"https:\/\/csimaster.com\/noticia2025\/wp-json\/wp\/v2\/media?parent=20252"}],"wp:term":[{"taxonomy":"category","embeddable":true,"href":"https:\/\/csimaster.com\/noticia2025\/wp-json\/wp\/v2\/categories?post=20252"},{"taxonomy":"post_tag","embeddable":true,"href":"https:\/\/csimaster.com\/noticia2025\/wp-json\/wp\/v2\/tags?post=20252"}],"curies":[{"name":"wp","href":"https:\/\/api.w.org\/{rel}","templated":true}]}}