{"id":20250,"date":"2025-09-16T20:33:33","date_gmt":"2025-09-16T23:33:33","guid":{"rendered":"https:\/\/csimaster.com\/noticia2025\/maioria-dos-brasileiros-sao-pro-anistia-mas-nao-com-bolsonaro-diz-quaest\/"},"modified":"2025-09-16T20:33:49","modified_gmt":"2025-09-16T23:33:49","slug":"maioria-dos-brasileiros-sao-pro-anistia-mas-nao-com-bolsonaro-diz-quaest","status":"publish","type":"post","link":"https:\/\/csimaster.com\/noticia2025\/maioria-dos-brasileiros-sao-pro-anistia-mas-nao-com-bolsonaro-diz-quaest\/","title":{"rendered":"Maioria dos brasileiros s\u00e3o pr\u00f3-anistia, mas n\u00e3o com Bolsonaro, diz Quaest"},"content":{"rendered":"<div data-single-content=\"true\">\n<p>O n\u00famero de brasileiros que defendem uma proposta de anistia &#8211; independentemente da forma &#8211; superam os que s\u00e3o contr\u00e1rios \u00e0 pauta, mas uma medida que inclua o ex-presidente Jair Bolsonaro (PL) ainda conta com uma opini\u00e3o p\u00fablica favor\u00e1vel menor em rela\u00e7\u00e3o ao grupo que \u00e9 totalmente refrat\u00e1rio a um projeto do tipo.<\/p>\n<p>Os dados s\u00e3o de pesquisa Quaest\/Genial Investimentos divulgada nesta ter\u00e7a-feira (16), que ouviu presencialmente 2.004 brasileiros aptos a votar (com 16 anos ou mais) entre 12 e 14 de setembro.<\/p>\n<p>Pessoas que defendem uma anistia que inclua Bolsonaro s\u00e3o 36%. J\u00e1 os que defendem uma medida apenas para os envolvidos diretamente nos atos do 8 de Janeiro s\u00e3o 10%. Somados, os pr\u00f3-anistia chegam a 46%.<\/p>\n<p>J\u00e1 as pessoas que s\u00e3o contr\u00e1rias \u00e0 anistia &#8211; n\u00e3o importando o modelo da proposta &#8211; s\u00e3o 41%. Assim, elas ficam abaixo do c\u00f4mputo global dos pr\u00f3-anistia, mas ainda s\u00e3o mais expressivos do que os que defendem uma anistia com Bolsonaro inclu\u00eddo.<\/p>\n<p><strong>Qual a sua opini\u00e3o sobre a possibilidade de anistia?<\/strong><\/p>\n<ul>\n<li><strong>Contra a anistia:<\/strong> 41%;<\/li>\n<li><strong>A favor da anistia para todos, incluindo Bolsonaro:<\/strong> 36%;<\/li>\n<li><strong>A favor da anistia apenas para os manifestantes do 8\/1:<\/strong> 10%;<\/li>\n<li><strong>N\u00e3o sabe\/N\u00e3o respondeu \u00e0 pesquisa:<\/strong> 13%.<\/li>\n<\/ul>\n<p>Em rela\u00e7\u00e3o ao posicionamento pol\u00edtico, a anistia \u00e9 mais popular entre bolsonaristas e a direita n\u00e3o bolsonarista (em ambos o grupos, com 74% de aprova\u00e7\u00e3o).<\/p>\n<p>Entre lulistas e a esquerda n\u00e3o alinhada ao presidente Luiz In\u00e1cio Lula da Silva (PT), prevalece a posi\u00e7\u00e3o refrat\u00e1ria \u00e0 anistia, com \u00edndices de 58% e 73% de manifesta\u00e7\u00f5es contr\u00e1rias, respectivamente.<\/p>\n<p>Entre quem n\u00e3o tem posicionamento pol\u00edtico, os contr\u00e1rios \u00e0 anistia s\u00e3o 46%, enquanto os favor\u00e1veis \u00e0 medida somam 38% &#8211; sendo que, deste percentual, 28% defendem uma proposta com Bolsonaro e 10%, apenas aos presentes no 8 de Janeiro.<\/p>\n<p>A pesquisa Quaest\/Genial Investimentos tem margem de erro estimada de dois pontos percentuais para mais ou para menos e n\u00edvel de confian\u00e7a de 95%.<\/p>\n<p>A anistia \u00e9 uma demanda da oposi\u00e7\u00e3o, que ainda debate o texto para a proposta: se ele seria\u00a0&#8220;light&#8221;, ou preveria um processo &#8220;amplo, geral e irrestrito&#8221; &#8211; o que poderia, no limite, tamb\u00e9m beneficiar Bolsonaro, ineleg\u00edvel e rec\u00e9m-condenado pelo Supremo Tribunal Federal (STF).<\/p>\n<p>Para esta quarta-feira (17), o presidente da C\u00e2mara dos Deputados, Hugo Motta (Republicanos-PB), convocou uma reuni\u00e3o extraordin\u00e1ria de l\u00edderes da Casa para &#8220;deliberar sobre a urg\u00eancia dos projetos que tratam do acontecido em 8 de janeiro de 2023&#8221;.<\/p>\n<p><em>* Publicado por Henrique Sales Barros<\/em><\/p>\n<\/p><\/div>\n","protected":false},"excerpt":{"rendered":"<p>O n\u00famero de brasileiros que defendem uma proposta de anistia &#8211; independentemente da forma &#8211; superam os que s\u00e3o contr\u00e1rios \u00e0 pauta,&hellip;<\/p>\n","protected":false},"author":71,"featured_media":20251,"comment_status":"closed","ping_status":"closed","sticky":false,"template":"","format":"standard","meta":{"_lmt_disableupdate":"","_lmt_disable":"","footnotes":""},"categories":[18],"tags":[],"class_list":["post-20250","post","type-post","status-publish","format-standard","has-post-thumbnail","hentry","category-regiao"],"_links":{"self":[{"href":"https:\/\/csimaster.com\/noticia2025\/wp-json\/wp\/v2\/posts\/20250","targetHints":{"allow":["GET"]}}],"collection":[{"href":"https:\/\/csimaster.com\/noticia2025\/wp-json\/wp\/v2\/posts"}],"about":[{"href":"https:\/\/csimaster.com\/noticia2025\/wp-json\/wp\/v2\/types\/post"}],"author":[{"embeddable":true,"href":"https:\/\/csimaster.com\/noticia2025\/wp-json\/wp\/v2\/users\/71"}],"replies":[{"embeddable":true,"href":"https:\/\/csimaster.com\/noticia2025\/wp-json\/wp\/v2\/comments?post=20250"}],"version-history":[{"count":0,"href":"https:\/\/csimaster.com\/noticia2025\/wp-json\/wp\/v2\/posts\/20250\/revisions"}],"wp:featuredmedia":[{"embeddable":true,"href":"https:\/\/csimaster.com\/noticia2025\/wp-json\/wp\/v2\/media\/20251"}],"wp:attachment":[{"href":"https:\/\/csimaster.com\/noticia2025\/wp-json\/wp\/v2\/media?parent=20250"}],"wp:term":[{"taxonomy":"category","embeddable":true,"href":"https:\/\/csimaster.com\/noticia2025\/wp-json\/wp\/v2\/categories?post=20250"},{"taxonomy":"post_tag","embeddable":true,"href":"https:\/\/csimaster.com\/noticia2025\/wp-json\/wp\/v2\/tags?post=20250"}],"curies":[{"name":"wp","href":"https:\/\/api.w.org\/{rel}","templated":true}]}}