{"id":20202,"date":"2025-09-14T20:31:48","date_gmt":"2025-09-14T23:31:48","guid":{"rendered":"https:\/\/csimaster.com\/noticia2025\/video-incendio-atinge-fabrica-da-nestle-no-interior-de-sp\/"},"modified":"2025-09-14T20:32:03","modified_gmt":"2025-09-14T23:32:03","slug":"video-incendio-atinge-fabrica-da-nestle-no-interior-de-sp","status":"publish","type":"post","link":"https:\/\/csimaster.com\/noticia2025\/video-incendio-atinge-fabrica-da-nestle-no-interior-de-sp\/","title":{"rendered":"V\u00eddeo: inc\u00eandio atinge f\u00e1brica da Nestl\u00e9 no interior de SP"},"content":{"rendered":"<div data-single-content=\"true\">\n<p>Um inc\u00eandio atingiu a f\u00e1brica da Nestl\u00e9 em Araras, no interior de S\u00e3o Paulo, na tarde deste domingo (14).<\/p>\n<p>Segundo informa\u00e7\u00f5es do Corpo de Bombeiros, o fogo come\u00e7ou por volta das 17h e atingiu uma esteira de cavacos de madeira da f\u00e1brica, que fica localizada na Avenida Zurita.<\/p>\n<p>Em nota, a SSP (Secretaria da Seguran\u00e7a P\u00fabica) de S\u00e3o Paulo informou que o inc\u00eandio j\u00e1 foi contido<strong> e n\u00e3o h\u00e1 informa\u00e7\u00f5es sobre v\u00edtimas.\u00a0<\/strong><\/p>\n<p>Na redes sociais, motoristas e pedestres divulgaram v\u00eddeos que mostram uma grande nuvem de fuma\u00e7a preta na regi\u00e3o. <strong>Veja abaixo:<\/strong><\/p>\n<p> <video controls width=\"478\" height=\"850\" data-mp4-video=\"true\" data-video=\"mp4\"><source src=\"https:\/\/admin.cnnbrasil.com.br\/wp-content\/uploads\/sites\/12\/2025\/09\/WhatsApp-Video-2025-09-14-at-18.36.43.mp4\" type=\"video\/mp4\"><\/video> <\/p>\n<p>Cinco viaturas foram acionadas ao local e equipes do bombeiros, junto as Defesas Civis de Araras e Limeira, e usinas est\u00e3o na fase de rescaldo.<\/p>\n<p>A<strong> CNN<\/strong> entrou em contato com a empresa, mas n\u00e3o obteve retorno at\u00e9 a \u00faltima publica\u00e7\u00e3o.<\/p>\n<p><em>*Sob supervis\u00e3o<\/em><\/p>\n<\/p><\/div>\n","protected":false},"excerpt":{"rendered":"<p>Um inc\u00eandio atingiu a f\u00e1brica da Nestl\u00e9 em Araras, no interior de S\u00e3o Paulo, na tarde deste domingo (14). Segundo informa\u00e7\u00f5es do&hellip;<\/p>\n","protected":false},"author":167,"featured_media":20203,"comment_status":"closed","ping_status":"closed","sticky":false,"template":"","format":"standard","meta":{"_lmt_disableupdate":"","_lmt_disable":"","footnotes":""},"categories":[18],"tags":[],"class_list":["post-20202","post","type-post","status-publish","format-standard","has-post-thumbnail","hentry","category-regiao"],"_links":{"self":[{"href":"https:\/\/csimaster.com\/noticia2025\/wp-json\/wp\/v2\/posts\/20202","targetHints":{"allow":["GET"]}}],"collection":[{"href":"https:\/\/csimaster.com\/noticia2025\/wp-json\/wp\/v2\/posts"}],"about":[{"href":"https:\/\/csimaster.com\/noticia2025\/wp-json\/wp\/v2\/types\/post"}],"author":[{"embeddable":true,"href":"https:\/\/csimaster.com\/noticia2025\/wp-json\/wp\/v2\/users\/167"}],"replies":[{"embeddable":true,"href":"https:\/\/csimaster.com\/noticia2025\/wp-json\/wp\/v2\/comments?post=20202"}],"version-history":[{"count":0,"href":"https:\/\/csimaster.com\/noticia2025\/wp-json\/wp\/v2\/posts\/20202\/revisions"}],"wp:featuredmedia":[{"embeddable":true,"href":"https:\/\/csimaster.com\/noticia2025\/wp-json\/wp\/v2\/media\/20203"}],"wp:attachment":[{"href":"https:\/\/csimaster.com\/noticia2025\/wp-json\/wp\/v2\/media?parent=20202"}],"wp:term":[{"taxonomy":"category","embeddable":true,"href":"https:\/\/csimaster.com\/noticia2025\/wp-json\/wp\/v2\/categories?post=20202"},{"taxonomy":"post_tag","embeddable":true,"href":"https:\/\/csimaster.com\/noticia2025\/wp-json\/wp\/v2\/tags?post=20202"}],"curies":[{"name":"wp","href":"https:\/\/api.w.org\/{rel}","templated":true}]}}