{"id":19324,"date":"2025-08-07T16:31:50","date_gmt":"2025-08-07T19:31:50","guid":{"rendered":"https:\/\/csimaster.com\/noticia2025\/copa-do-brasil-veja-os-possiveis-adversarios-do-athletico-e-a-data-do-sorteio-das-quartas\/"},"modified":"2025-08-07T16:32:00","modified_gmt":"2025-08-07T19:32:00","slug":"copa-do-brasil-veja-os-possiveis-adversarios-do-athletico-e-a-data-do-sorteio-das-quartas","status":"publish","type":"post","link":"https:\/\/csimaster.com\/noticia2025\/copa-do-brasil-veja-os-possiveis-adversarios-do-athletico-e-a-data-do-sorteio-das-quartas\/","title":{"rendered":"Copa do Brasil: veja os poss\u00edveis advers\u00e1rios do Athletico e a data do sorteio das quartas"},"content":{"rendered":"<div>\n<section>     <progress max=\"100\" value=\"0\"><\/progress> <\/section>\n<p>                   <meta itemprop=\"mainEntityOfPage\" content=\"https:\/\/www.umdoisesportes.com.br\/athletico\/copa-do-brasil-sorteio-data\/\"> <meta itemprop=\"datePublished\" content=\"2025-08-07T11:32:59-03:00\"> <meta itemprop=\"dateModified\" content=\"2025-08-07T11:33:00-03:00\"> <meta itemprop=\"author\" content=\"Pedro Melo\"> <meta itemprop=\"url\" content=\"https:\/\/www.umdoisesportes.com.br\/athletico\/copa-do-brasil-sorteio-data\/\"> <meta itemprop=\"publisher\" content=\"UmDois Esportes: Not\u00edcias do esporte paranaense e brasileiro\"> <meta itemprop=\"headline\" content=\"Copa do Brasil: veja os poss\u00edveis advers\u00e1rios do Athletico e a data do sorteio das quartas\"> <meta itemprop=\"description\" content=\"Ap\u00f3s a classifica\u00e7\u00e3o nos p\u00eanaltis contra o S\u00e3o Paulo, o Athletico aguarda a defini\u00e7\u00e3o do sorteio para conhecer o advers\u00e1rio nas quartas de final da Copa do Brasil. A Confedera\u00e7\u00e3o Brasileira de Futebol (CBF) anunciou que a defini\u00e7\u00e3o dos confrontos ocorrer\u00e1 na pr\u00f3xima ter\u00e7a-feira (12), a partir das 10h,\u2026 Read More\">     <meta itemprop=\"image\" content=\"https:\/\/www.umdoisesportes.com.br\/thumbor\/EFX7U79h4dbohpVYolzRAAXuRNE=\/1200x800\/smart\/filters:format(webp)\/https:\/\/www.umdoisesportes.com.br\/\/media\/umdoisesportes\/2025\/08\/07102754\/athletico-santos-copa-do-brasil.jpg\">     <meta itemprop=\"width\" content=\"1200\">     <meta itemprop=\"height\" content=\"800\">                               <\/p>\n<div itemprop=\"articleBody\">\n<p>Ap\u00f3s a classifica\u00e7\u00e3o nos p\u00eanaltis contra o S\u00e3o Paulo, o <strong>Athletico <\/strong>aguarda a defini\u00e7\u00e3o do sorteio para conhecer o advers\u00e1rio nas quartas de final da <strong>Copa do Brasil<\/strong>.<\/p>\n<p><mark>A Confedera\u00e7\u00e3o Brasileira de Futebol (CBF) anunciou que a defini\u00e7\u00e3o dos confrontos ocorrer\u00e1 na pr\u00f3xima ter\u00e7a-feira (12), a partir das 10h, na sede da entidade, no Rio de Janeiro. Antes, ser\u00e3o definidos os duelos das oitavas de final da Copa do Brasil feminina.<\/mark><\/p>\n<p><strong>Confira os times que seguem na disputa pelo t\u00edtulo da Copa do Brasil:<\/strong><\/p>\n<ul>\n<li>Athletico<\/li>\n<li>Atl\u00e9tico-MG<\/li>\n<li>Bahia<\/li>\n<li>Botafogo<\/li>\n<li>Corinthians<\/li>\n<li>Cruzeiro ou CRB<\/li>\n<li>Fluminense<\/li>\n<li>Vasco ou CSA<\/li>\n<\/ul>\n<p>Assim como ocorreu nas oitavas de final, a CBF n\u00e3o dividir\u00e1 os times em dois potes. Ou seja, o Athletico pode enfrentar qualquer advers\u00e1rio nas quartas.<\/p>\n<h2>Quando ser\u00e1 as quartas da Copa do Brasil<\/h2>\n<p>Os confrontos das quartas de final da Copa do Brasil ocorrem nas semanas de 27 de agosto e 11 de setembro. Para o Athletico, a partida de ida ocorre entre duas rodadas da S\u00e9rie B contra CRB, fora de casa, e Novorizontino, na Arena da Baixada. J\u00e1 a volta est\u00e1 marcada antes da partida diante do Botafogo-SP, em Ribeir\u00e3o Preto.<\/p>\n<ul>\n<li><strong>Quartas de final:\u00a0<\/strong>27 de agosto e 11 de setembro<\/li>\n<li><strong>Semifinais:\u00a0<\/strong>05 e 19 de outubro<\/li>\n<li><strong>Finais:\u00a0<\/strong>02 e 09 de novembro<\/li>\n<\/ul>\n<h2>Athletico elimina o S\u00e3o Paulo nos p\u00eanaltis<\/h2>\n<figure><figcaption>Santos proporcionou mais uma noite m\u00e1gica de Copa para a torcida do Athletico. (Foto: Reinaldo Reginato\/Fotoarena\/Icon Sport)<\/figcaption><\/figure>\n<p>Com a presen\u00e7a de mais de 30 mil torcedores na Arena da Baixada, o Athletico venceu o S\u00e3o Paulo no tempo normal por 1 a 0, com gol do lateral-esquerdo Lucas Esquivel. Nos p\u00eanaltis, Giuliano, o mesmo Esquivel e Mendoza marcaram para o Rubro-Negro e o goleiro Santos virou o her\u00f3i da noite ao defender as tr\u00eas cobran\u00e7as do time paulista.<\/p>\n<p>Grande nome da classifica\u00e7\u00e3o e \u00eddolo da torcida, Santos viveu mais um jogo hist\u00f3rico com a camisa do Furac\u00e3o. \u201c\u00c9 a oportunidade de, mais uma vez, vivenciar uma noite de Copa. Mais uma noite especial para mim. Agradecer a todos que confiaram e confiam no meu trabalho. Sou muito feliz de ajudar o Athletico mais uma vez, na sua caminhada\u201d, disse, em entrevista ao <em>Amazon Prime V\u00eddeo<\/em>.<\/p>\n<p><mark>Ap\u00f3s elevar a moral na Copa do Brasil, o Athletico quer manter o embalo na S\u00e9rie B para encostar novamente no G4. O Rubro-Negro n\u00e3o ganha na segunda divis\u00e3o h\u00e1 cinco rodadas, sendo tr\u00eas empates e duas derrotas, e \u00e9 apenas o 11\u00ba colocado, com 26 pontos.<\/mark><\/p>\n<p>De acordo com o Departamento de Matem\u00e1tica da Universidade Federal de Minas Gerais (UFMG), o Athletico tem 12,6% de risco de queda para a S\u00e9rie C. J\u00e1 a chance de acesso para a primeira divis\u00e3o caiu para somente 8,3%.<\/p>\n<p>\u201cA gente tem que pegar o jogo como esse de exemplo para que sirva de combust\u00edvel para que a gente possa, na S\u00e9rie B, fazer um grande segundo turno para que o objetivo do clube seja alcan\u00e7ado\u201d, destacou  goleiro rubro-negro.<\/p>\n<h2 id=\"h-siga-o-umdois-esportes\">Siga o UmDois Esportes<\/h2>\n<ul>        <\/ul>\n<\/p><\/div>\n<div itemscope itemtype=\"https:\/\/schema.org\/Person\">\n<p>Pedro Melo<!-- Author End -->&#8221; itemprop=&#8221;image&#8221; data-src=&#8221;https:\/\/www.umdoisesportes.com.br\/media\/umdoisesportes\/2025\/03\/20110927\/pedro_melo.png&#8221; src=&#8221;https:\/\/www.umdoisesportes.com.br\/media\/umdoisesportes\/2025\/03\/20110927\/pedro_melo.png&#8221;>                     <\/p>\n<div>\n<p>Jornalista formado na PUC-PR e especialista em Gest\u00e3o e Marketing no Esporte pela Uninter. Experi\u00eancia em cobertura esportiva pela R\u00e1dio Banda B, Globo Esporte Paran\u00e1, Rede CNT e Paran\u00e1 Portal. Colabora com o UmDois Esportes desde 2024, como rep\u00f3rter. <\/p>\n<ul>\n<li>                                                              <span><\/span>                                                      <\/li>\n<\/ul><\/div>\n<\/p><\/div>\n<section>\n<h2>Tudo sobre<\/h2>\n<ul itemprop=\"keywords\">\n<li>                 Athletico-PR             <\/li>\n<li>                 Copa do Brasil             <\/li>\n<li>                 Futebol Brasileiro             <\/li>\n<\/ul>\n<\/section>\n<section itemscope itemtype=\"https:\/\/schema.org\/ItemList\">     <meta itemprop=\"name\" content=\"Veja tamb\u00e9m\">     <\/p>\n<h2>Veja tamb\u00e9m:<\/h2>\n<\/section><\/div>\n","protected":false},"excerpt":{"rendered":"<p>Ap\u00f3s a classifica\u00e7\u00e3o nos p\u00eanaltis contra o S\u00e3o Paulo, o Athletico aguarda a defini\u00e7\u00e3o do sorteio para conhecer o advers\u00e1rio nas quartas&hellip;<\/p>\n","protected":false},"author":174,"featured_media":19325,"comment_status":"closed","ping_status":"closed","sticky":false,"template":"","format":"standard","meta":{"_lmt_disableupdate":"","_lmt_disable":"","footnotes":""},"categories":[8],"tags":[],"class_list":["post-19324","post","type-post","status-publish","format-standard","has-post-thumbnail","hentry","category-esportes"],"_links":{"self":[{"href":"https:\/\/csimaster.com\/noticia2025\/wp-json\/wp\/v2\/posts\/19324","targetHints":{"allow":["GET"]}}],"collection":[{"href":"https:\/\/csimaster.com\/noticia2025\/wp-json\/wp\/v2\/posts"}],"about":[{"href":"https:\/\/csimaster.com\/noticia2025\/wp-json\/wp\/v2\/types\/post"}],"author":[{"embeddable":true,"href":"https:\/\/csimaster.com\/noticia2025\/wp-json\/wp\/v2\/users\/174"}],"replies":[{"embeddable":true,"href":"https:\/\/csimaster.com\/noticia2025\/wp-json\/wp\/v2\/comments?post=19324"}],"version-history":[{"count":0,"href":"https:\/\/csimaster.com\/noticia2025\/wp-json\/wp\/v2\/posts\/19324\/revisions"}],"wp:featuredmedia":[{"embeddable":true,"href":"https:\/\/csimaster.com\/noticia2025\/wp-json\/wp\/v2\/media\/19325"}],"wp:attachment":[{"href":"https:\/\/csimaster.com\/noticia2025\/wp-json\/wp\/v2\/media?parent=19324"}],"wp:term":[{"taxonomy":"category","embeddable":true,"href":"https:\/\/csimaster.com\/noticia2025\/wp-json\/wp\/v2\/categories?post=19324"},{"taxonomy":"post_tag","embeddable":true,"href":"https:\/\/csimaster.com\/noticia2025\/wp-json\/wp\/v2\/tags?post=19324"}],"curies":[{"name":"wp","href":"https:\/\/api.w.org\/{rel}","templated":true}]}}