{"id":18810,"date":"2025-07-17T02:34:35","date_gmt":"2025-07-17T05:34:35","guid":{"rendered":"https:\/\/csimaster.com\/noticia2025\/gregore-se-despede-do-botafogo-em-partida-do-brasileirao\/"},"modified":"2025-07-17T02:34:46","modified_gmt":"2025-07-17T05:34:46","slug":"gregore-se-despede-do-botafogo-em-partida-do-brasileirao","status":"publish","type":"post","link":"https:\/\/csimaster.com\/noticia2025\/gregore-se-despede-do-botafogo-em-partida-do-brasileirao\/","title":{"rendered":"Gregore se despede do Botafogo em partida do Brasileir\u00e3o"},"content":{"rendered":"<div data-single-content=\"true\">\n<p>O empate entre Botafogo e Vit\u00f3ria nesta quarta-feira (16), v\u00e1lido pela 14\u00aa rodada do Brasileir\u00e3o, marcou a despedida do volante Gregore com a camisa do Glorioso. O jogador de 31 anos foi vendido ao Al-Rayyan, do Catar.<\/p>\n<p>&#8220;S\u00f3 tenho a agradecer. Cheguei no Botafogo com muitos sonhos. Tamb\u00e9m encontrei um clube com muita fome de vencer, me acolheu muito bem. \u00c9 um dia dif\u00edcil pra mim, vivi muitas emo\u00e7\u00f5es aqui dentro. Eterna gratid\u00e3o ao Botafogo, vai ficar sempre no meu cora\u00e7\u00e3o&#8221;, falou o atleta em entrevista p\u00f3s-jogo.<\/p>\n<p>Gregore ser\u00e1 refor\u00e7o do <strong>Al-Rayyan<\/strong>, equipe catari comandada pelo t\u00e9cnico Artur Jorge, ex-treinador do Botafogo. De acordo com apura\u00e7\u00e3o do &#8220;Ge&#8221;, os valores ainda n\u00e3o foram divulgados. Em seu contrato com o time carioca, ele possui uma multa rescis\u00f3ria de oito milh\u00f5es de euros (aproximadamente R$ 51,8 milh\u00f5es na cota\u00e7\u00e3o atual).<\/p>\n<p>O volante foi contratado pelo Glorioso em janeiro de 2024, por 2,5 milh\u00f5es de d\u00f3lares (R$ 12,3 milh\u00f5es \u00e0 \u00e9poca), junto ao Inter Miami, dos Estados Unidos. Titular absoluto da equipe campe\u00e3 da Libertadores e do Brasileir\u00e3o no ano passado, o volante soma 84 jogos com a camisa alvinegra, com tr\u00eas gols e duas assist\u00eancias.<\/p>\n<div id=\"glc_13398208\" data-gallery=\"true\">\n<p><span><span>1<\/span>\u00a0de\u00a0<span>9<\/span><\/span><\/p>\n<section>\n<nav aria-label=\"Carousel navigation\"><\/nav>\n<div aria-live=\"polite\">\n<div data-index=\"0\">\n<figure><span><\/span><picture title=\"Savarino, jogador do Botafogo\"><source media=\"(min-width: 1024px)\" ><source media=\"(min-width: 768px)\" ><\/picture><figcaption><span><span>Savarino, jogador do Botafogo <\/span><span>\u00a0\u00a0\u2022\u00a0\u00a0V\u00edtor Silva\/Botafogo FR<\/span><\/span><\/figcaption><\/figure>\n<\/div>\n<div data-index=\"1\">\n<figure><span><\/span><picture title=\"Artur em finaliza\u00e7\u00e3o defendida por Lucas Arcanjo\"><source media=\"(min-width: 1024px)\" ><source media=\"(min-width: 768px)\" ><\/picture><figcaption><span><span>Artur em finaliza\u00e7\u00e3o defendida por Lucas Arcanjo <\/span><span>\u00a0\u00a0\u2022\u00a0\u00a0V\u00edtor Silva\/Botafogo FR<\/span><\/span><\/figcaption><\/figure>\n<\/div>\n<div data-index=\"2\">\n<figure><span><\/span><picture title=\"Alex Telles, do Botafogo\"><source media=\"(min-width: 1024px)\" ><source media=\"(min-width: 768px)\" ><\/picture><figcaption><span><span>Alex Telles, do Botafogo <\/span><span>\u00a0\u00a0\u2022\u00a0\u00a0V\u00edtor Silva\/Botafogo FR<\/span><\/span><\/figcaption><\/figure>\n<\/div>\n<div data-index=\"4\">\n<figure><span><\/span><picture title=\"Artur, jogador do Botafogo\"><source media=\"(min-width: 1024px)\" ><source media=\"(min-width: 768px)\" ><\/picture><figcaption><span><span>Artur, jogador do Botafogo <\/span><span>\u00a0\u00a0\u2022\u00a0\u00a0V\u00edtor Silva\/Botafogo FR<\/span><\/span><\/figcaption><\/figure>\n<\/div>\n<div data-index=\"5\">\n<figure><span><\/span><picture title=\"Vesti\u00e1rio do Botafogo antes de jogo pelo Brasileir\u00e3o\"><source media=\"(min-width: 1024px)\" ><source media=\"(min-width: 768px)\" ><\/picture><figcaption><span><span>Vesti\u00e1rio do Botafogo antes de jogo pelo Brasileir\u00e3o <\/span><span>\u00a0\u00a0\u2022\u00a0\u00a0V\u00edtor Silva\/Botafogo FR<\/span><\/span><\/figcaption><\/figure>\n<\/div>\n<div data-index=\"6\">\n<figure><span><\/span><picture title=\"Camisa do Savarino no vesti\u00e1rio do Botafogo\"><source media=\"(min-width: 1024px)\" ><source media=\"(min-width: 768px)\" ><\/picture><figcaption><span><span>Camisa do Savarino no vesti\u00e1rio do Botafogo <\/span><span>\u00a0\u00a0\u2022\u00a0\u00a0V\u00edtor Silva\/Botafogo FR<\/span><\/span><\/figcaption><\/figure>\n<\/div>\n<div data-index=\"8\">\n<figure><span><\/span><picture title=\"Vesti\u00e1rio do Botafogo para a partida contra o Vit\u00f3ria\"><source media=\"(min-width: 1024px)\" ><source media=\"(min-width: 768px)\" ><\/picture><figcaption><span><span>Vesti\u00e1rio do Botafogo para a partida contra o Vit\u00f3ria <\/span><span>\u00a0\u00a0\u2022\u00a0\u00a0V\u00edtor Silva\/Botafogo FR<\/span><\/span><\/figcaption><\/figure>\n<\/div>\n<div data-index=\"9\">\n<figure><span><\/span><picture title=\"L\u00e9o Pereira, jogador do Vit\u00f3ria\"><source media=\"(min-width: 1024px)\" ><source media=\"(min-width: 768px)\" ><\/picture><figcaption><span><span>L\u00e9o Pereira, jogador do Vit\u00f3ria <\/span><span>\u00a0\u00a0\u2022\u00a0\u00a0Victor Ferreira\/EC Vit\u00f3ria<\/span><\/span><\/figcaption><\/figure>\n<\/div>\n<div data-index=\"10\">\n<figure><span><\/span><picture title=\"Renato Kayzer, jogador do Vit\u00f3ria\"><source media=\"(min-width: 1024px)\" ><source media=\"(min-width: 768px)\" ><\/picture><figcaption><span><span>Renato Kayzer, jogador do Vit\u00f3ria <\/span><span>\u00a0\u00a0\u2022\u00a0\u00a0Victor Ferreira\/EC Vit\u00f3ria<\/span><\/span><\/figcaption><\/figure>\n<\/div>\n<\/div>\n<\/section>\n<\/div>\n<p>No pr\u00f3ximo domingo (20), \u00e0s 17h30 (de Bras\u00edlia), o <strong>Botafogo<\/strong> retorna aos gramados para enfrentar o Sport, lanterna do Campeonato Brasileiro. At\u00e9 o momento, o time alvinegro se encontra na sexta posi\u00e7\u00e3o geral, com 22 pontos.<\/p>\n<\/p><\/div>\n","protected":false},"excerpt":{"rendered":"<p>O empate entre Botafogo e Vit\u00f3ria nesta quarta-feira (16), v\u00e1lido pela 14\u00aa rodada do Brasileir\u00e3o, marcou a despedida do volante Gregore com&hellip;<\/p>\n","protected":false},"author":14,"featured_media":18811,"comment_status":"closed","ping_status":"closed","sticky":false,"template":"","format":"standard","meta":{"_lmt_disableupdate":"","_lmt_disable":"","footnotes":""},"categories":[18],"tags":[],"class_list":["post-18810","post","type-post","status-publish","format-standard","has-post-thumbnail","hentry","category-regiao"],"_links":{"self":[{"href":"https:\/\/csimaster.com\/noticia2025\/wp-json\/wp\/v2\/posts\/18810","targetHints":{"allow":["GET"]}}],"collection":[{"href":"https:\/\/csimaster.com\/noticia2025\/wp-json\/wp\/v2\/posts"}],"about":[{"href":"https:\/\/csimaster.com\/noticia2025\/wp-json\/wp\/v2\/types\/post"}],"author":[{"embeddable":true,"href":"https:\/\/csimaster.com\/noticia2025\/wp-json\/wp\/v2\/users\/14"}],"replies":[{"embeddable":true,"href":"https:\/\/csimaster.com\/noticia2025\/wp-json\/wp\/v2\/comments?post=18810"}],"version-history":[{"count":0,"href":"https:\/\/csimaster.com\/noticia2025\/wp-json\/wp\/v2\/posts\/18810\/revisions"}],"wp:featuredmedia":[{"embeddable":true,"href":"https:\/\/csimaster.com\/noticia2025\/wp-json\/wp\/v2\/media\/18811"}],"wp:attachment":[{"href":"https:\/\/csimaster.com\/noticia2025\/wp-json\/wp\/v2\/media?parent=18810"}],"wp:term":[{"taxonomy":"category","embeddable":true,"href":"https:\/\/csimaster.com\/noticia2025\/wp-json\/wp\/v2\/categories?post=18810"},{"taxonomy":"post_tag","embeddable":true,"href":"https:\/\/csimaster.com\/noticia2025\/wp-json\/wp\/v2\/tags?post=18810"}],"curies":[{"name":"wp","href":"https:\/\/api.w.org\/{rel}","templated":true}]}}