{"id":18746,"date":"2025-07-14T01:31:08","date_gmt":"2025-07-14T04:31:08","guid":{"rendered":"https:\/\/csimaster.com\/noticia2025\/a-aura-negativa-de-petraglia-nao-sera-o-motivo-para-o-fracasso-do-athletico\/"},"modified":"2025-07-14T01:31:14","modified_gmt":"2025-07-14T04:31:14","slug":"a-aura-negativa-de-petraglia-nao-sera-o-motivo-para-o-fracasso-do-athletico","status":"publish","type":"post","link":"https:\/\/csimaster.com\/noticia2025\/a-aura-negativa-de-petraglia-nao-sera-o-motivo-para-o-fracasso-do-athletico\/","title":{"rendered":"A aura negativa de Petraglia n\u00e3o ser\u00e1 o motivo para o fracasso do Athletico?"},"content":{"rendered":"<div>\n<section>     <progress max=\"100\" value=\"0\"><\/progress> <\/section>\n<p>                   <meta itemprop=\"mainEntityOfPage\" content=\"https:\/\/www.umdoisesportes.com.br\/colunas-e-blogs\/augusto-mafuz\/a-aura-negativa-de-petraglia-nao-sera-o-motivo-para-o-fracasso-do-athletico\/\"> <meta itemprop=\"datePublished\" content=\"2025-07-13T15:08:50-03:00\"> <meta itemprop=\"dateModified\" content=\"2025-07-13T15:08:51-03:00\"> <meta itemprop=\"author\" content=\"Augusto Mafuz\"> <meta itemprop=\"url\" content=\"https:\/\/www.umdoisesportes.com.br\/colunas-e-blogs\/augusto-mafuz\/a-aura-negativa-de-petraglia-nao-sera-o-motivo-para-o-fracasso-do-athletico\/\"> <meta itemprop=\"publisher\" content=\"UmDois Esportes: Not\u00edcias do esporte paranaense e brasileiro\"> <meta itemprop=\"headline\" content=\"A aura negativa de Petraglia n\u00e3o ser\u00e1 o motivo para o fracasso do Athletico?\"> <meta itemprop=\"description\" content=\"Qualquer tipo de argumento come\u00e7a mal e termina mal quando \u00e9 abastecido de meia verdade.\u00a0Concordo que o goleiro Mycael falhou no gol da vit\u00f3ria do Goi\u00e1s (1\u00d70), na Baixada,\u00a0como haviam falhados todos os outros. O gol perdido por Patrick, na etapa inicial, comprometeu muito mais ao Athletico do\u2026 Read More\">     <meta itemprop=\"image\" content=\"https:\/\/www.umdoisesportes.com.br\/thumbor\/tYsY3_6pZpqvvXV7g5ixkjF0v84=\/1200x800\/smart\/filters:format(webp)\/https:\/\/www.umdoisesportes.com.br\/\/media\/umdoisesportes\/2025\/07\/13180728\/aura-negativa-petraglia-fracasso-athletico.jpg\">     <meta itemprop=\"width\" content=\"1200\">     <meta itemprop=\"height\" content=\"800\">                               <\/p>\n<div itemprop=\"articleBody\">\n<p>Qualquer tipo de argumento come\u00e7a mal e termina mal quando \u00e9 abastecido de meia verdade.\u00a0Concordo que o goleiro Mycael falhou no gol da vit\u00f3ria do Goi\u00e1s (1\u00d70), na Baixada,\u00a0como haviam falhados todos os outros.<\/p>\n<p>O gol perdido por Patrick, na etapa inicial, comprometeu muito mais ao Athletico do que a falha de Mycael. Os p\u00e9ssimos L\u00e9o, Raul e Felipinho atraem as virtudes advers\u00e1rias, por menores que sejam.<\/p>\n<p><mark>Mas, nessa derrota para o Goi\u00e1s,\u00a0ningu\u00e9m falhou mais do que Oldair Hellmann. <\/mark><\/p>\n<p>Errou na ordem do time que, outra vez,\u00a0veio espalhado, permitindo que Patrick fechasse o caminho para o time armar com Esquivel, \u00fanico que tem qualidade; errou ao dilatar o time de atacantes (Tevis, Mendoza, Renan Peixoto e Kevin Viveiros),\u00a0e errou por manter esse equ\u00edvoco at\u00e9 o final.\u00a0<\/p>\n<p>\u00c9 raro um t\u00e9cnico confessar o erro, como Hellmann confessou.\u00a0No entanto,\u00a0no futebol, o erro confessado que comove e absolve n\u00e3o \u00e9 o erro prim\u00e1rio. E empilhar atacantes, ao custo de demonstrar um meio campo fr\u00e1gil,\u00a0\u00e9 erro de estagi\u00e1rio. <\/p>\n<figure><figcaption>Petraglia esteve com Renan Lodi em camarote da Baixada. Foto: Geraldo Bubniak\/Gazeta Press<\/figcaption><\/figure>\n<p><mark>E, ainda mais, tratando-se de Hellmann,\u00a0que j\u00e1 tem experi\u00eancia, embora tenha um cadastro recente de fracassos.<\/mark><\/p>\n<p>\u00c9 c\u00f4modo culpar a irresponsabilidade do presidente Mario Celso Petraglia no comando do futebol. Tudo \u00e9 c\u00f4modo quando a base s\u00e3o fatos repetitivos de origem consolidada.\u00a0<\/p>\n<p>Temo que exista algo mais grave:\u00a0a presen\u00e7a de Petraglia estaria provocando uma aura negativa. A sua presen\u00e7a na Baixada como torcedor e os seus atos praticados como presidente est\u00e3o carregados de energia que desequilibra em preju\u00edzo do Athletico.<\/p>\n<blockquote>\n<p>E, se for isso, n\u00e3o h\u00e1 solu\u00e7\u00e3o com a presen\u00e7a de Petraglia. \u00a0\u00a0<\/p>\n<\/blockquote>\n<h2 id=\"h-apostas-na-serie-b-5-melhores-plataformas-da-temporada-2025\">Apostas na S\u00e9rie B \u2013 5 melhores plataformas da temporada 2025<\/h2>\n<p>Voc\u00ea pode viver a emo\u00e7\u00e3o da S\u00e9rie B 2025 dando palpites nas melhores casas de apostas legais que cobrem a competi\u00e7\u00e3o.<\/p>\n<p>Nas plataformas indicadas, \u00e9 poss\u00edvel <strong>apostar no resultado final de todos os jogos<\/strong> e em mercados alternativos, como total de gols, empate anula aposta, etc. Tamb\u00e9m h\u00e1 linhas de longo prazo, como o vencedor da competi\u00e7\u00e3o, rebaixados e se o clube conseguir\u00e1 o acesso.<\/p>\n<p>Veja, abaixo, nossa sugest\u00e3o das 5 melhores plataformas de apostas para a S\u00e9rie B:<\/p>\n<figure>\n<div class=\"pcrstb-wrap\"><table readabilityDataTable=\"1\">\n<tbody>\n<tr>\n<td><strong>Casa de aposta<\/strong><\/td>\n<td><strong>Destaque<\/strong><\/td>\n<td><strong>Cadastre-se<\/strong><\/td>\n<\/tr>\n<tr>\n<td><strong>Betano<\/strong><\/td>\n<td>As melhores cota\u00e7\u00f5es<\/td>\n<td>Visitar a Betano<\/td>\n<\/tr>\n<tr>\n<td><strong>Superbet<\/strong><\/td>\n<td>Concorra a apostas gr\u00e1tis di\u00e1rias na Superspin<\/td>\n<td>Visitar a Superbet<\/td>\n<\/tr>\n<tr>\n<td><strong>Novibet<\/strong><\/td>\n<td>A melhor usabilidade m\u00f3vel<\/td>\n<td>Visitar a Novibet<\/td>\n<\/tr>\n<tr>\n<td><strong>Betnacional<\/strong><\/td>\n<td>Ideal para iniciantes<\/td>\n<td>Visitar a Betnacional<\/td>\n<\/tr>\n<tr>\n<td><strong>KTO<\/strong><\/td>\n<td>Ganho antecipado se o time abrir 2 gols de vantagem<\/td>\n<td>Visitar a KTO<\/td>\n<\/tr>\n<\/tbody>\n<\/table><\/div>\n<\/figure>\n<p>Como voc\u00ea pode observar, cada casa indicada tem os seus diferenciais. A Betano, por exemplo, \u00e9 mais apropriada para quem busca cota\u00e7\u00f5es altas, enquanto a Betnacional, mais simples de mexer e sem valor m\u00ednimo de saque, \u00e9 melhor para iniciantes.<\/p>\n<p>Qualquer que seja a sua escolha, o mais importante \u00e9 apostar com responsabilidade, encarando os palpites apenas como uma <strong>divers\u00e3o para maiores de 18 anos<\/strong>, n\u00e3o como uma possibilidade de renda extra. Boa sorte!<\/p>\n<h2 id=\"h-siga-o-umdois-esportes\">Siga o UmDois Esportes<\/h2>\n<\/p><\/div>\n<div itemscope itemtype=\"https:\/\/schema.org\/Person\">\n<p>Augusto Mafuz<!-- Author End -->&#8221; itemprop=&#8221;image&#8221; data-src=&#8221;https:\/\/www.umdoisesportes.com.br\/media\/umdoisesportes\/2024\/06\/13161417\/8.png&#8221; src=&#8221;https:\/\/www.umdoisesportes.com.br\/media\/umdoisesportes\/2024\/06\/13161417\/8.png&#8221;>                     <\/p>\n<div>\n<p>Um dos comentaristas esportivos mais tradicionais de Curitiba, conhecido por sua cobertura do Athletico, Coritiba e outros times da capital. Nascido em Guarapuava em 11 de maio de 1949, Mafuz \u00e9 figura central no jornalismo esportivo local por d\u00e9cadas por causa de seu texto apurado e opin\u00f5es contundentes.<\/p>\n<ul>                                                                                                 <\/ul>\n<\/p><\/div>\n<\/p><\/div>\n<section>\n<h2>Tudo sobre<\/h2>\n<ul itemprop=\"keywords\">\n<li>                 Athletico-PR             <\/li>\n<li>                 Futebol Paranaense             <\/li>\n<li>                 S\u00e9rie B             <\/li>\n<\/ul>\n<\/section>\n<section itemscope itemtype=\"https:\/\/schema.org\/ItemList\">     <meta itemprop=\"name\" content=\"Veja tamb\u00e9m\">     <\/p>\n<h2>Veja tamb\u00e9m:<\/h2>\n<\/section><\/div>\n","protected":false},"excerpt":{"rendered":"<p>Qualquer tipo de argumento come\u00e7a mal e termina mal quando \u00e9 abastecido de meia verdade.\u00a0Concordo que o goleiro Mycael falhou no gol&hellip;<\/p>\n","protected":false},"author":192,"featured_media":18747,"comment_status":"closed","ping_status":"closed","sticky":false,"template":"","format":"standard","meta":{"_lmt_disableupdate":"","_lmt_disable":"","footnotes":""},"categories":[8],"tags":[],"class_list":["post-18746","post","type-post","status-publish","format-standard","has-post-thumbnail","hentry","category-esportes"],"_links":{"self":[{"href":"https:\/\/csimaster.com\/noticia2025\/wp-json\/wp\/v2\/posts\/18746","targetHints":{"allow":["GET"]}}],"collection":[{"href":"https:\/\/csimaster.com\/noticia2025\/wp-json\/wp\/v2\/posts"}],"about":[{"href":"https:\/\/csimaster.com\/noticia2025\/wp-json\/wp\/v2\/types\/post"}],"author":[{"embeddable":true,"href":"https:\/\/csimaster.com\/noticia2025\/wp-json\/wp\/v2\/users\/192"}],"replies":[{"embeddable":true,"href":"https:\/\/csimaster.com\/noticia2025\/wp-json\/wp\/v2\/comments?post=18746"}],"version-history":[{"count":0,"href":"https:\/\/csimaster.com\/noticia2025\/wp-json\/wp\/v2\/posts\/18746\/revisions"}],"wp:featuredmedia":[{"embeddable":true,"href":"https:\/\/csimaster.com\/noticia2025\/wp-json\/wp\/v2\/media\/18747"}],"wp:attachment":[{"href":"https:\/\/csimaster.com\/noticia2025\/wp-json\/wp\/v2\/media?parent=18746"}],"wp:term":[{"taxonomy":"category","embeddable":true,"href":"https:\/\/csimaster.com\/noticia2025\/wp-json\/wp\/v2\/categories?post=18746"},{"taxonomy":"post_tag","embeddable":true,"href":"https:\/\/csimaster.com\/noticia2025\/wp-json\/wp\/v2\/tags?post=18746"}],"curies":[{"name":"wp","href":"https:\/\/api.w.org\/{rel}","templated":true}]}}