{"id":18448,"date":"2025-07-01T22:35:15","date_gmt":"2025-07-02T01:35:15","guid":{"rendered":"https:\/\/csimaster.com\/noticia2025\/filha-de-zeze-di-camargo-e-graciele-ganha-festa-tema-a-bela-adormecida\/"},"modified":"2025-07-01T22:35:26","modified_gmt":"2025-07-02T01:35:26","slug":"filha-de-zeze-di-camargo-e-graciele-ganha-festa-tema-a-bela-adormecida","status":"publish","type":"post","link":"https:\/\/csimaster.com\/noticia2025\/filha-de-zeze-di-camargo-e-graciele-ganha-festa-tema-a-bela-adormecida\/","title":{"rendered":"Filha de Zez\u00e9 Di Camargo e Graciele ganha festa tema \u201cA Bela Adormecida\u201d"},"content":{"rendered":"<div data-single-content=\"true\">\n<p>O cantor\u00a0<strong>Zez\u00e9 Di Camargo<\/strong>, 62, e a influenciadora\u00a0<strong>Graciele Lacerda<\/strong>, 44, mostraram em suas redes sociais nesta ter\u00e7a-feira (1\u00ba), a<strong> festa de seis meses de vida da filha Clara Lacerda.<\/strong><\/p>\n<p>O evento foi tem\u00e1tico da cl\u00e1ssica princesa <strong>Bela Adormecida. &#8220;<\/strong>Um conto de fadas para celebrar um cap\u00edtulo lindo da nossa hist\u00f3ria&#8221;, escreveu Graciele em publica\u00e7\u00e3o no Instagram.<\/p>\n<p>&#8220;Cada m\u00eas com voc\u00ea \u00e9 uma nova descoberta, um novo sorriso, um novo motivo pra agradecer. Clara, voc\u00ea \u00e9 meu conto de fadas favorito, minha personagem principal, meu final feliz. Que a sua vida seja sempre cheia de magia, do\u00e7ura e sonhos lindos \u2014 porque voc\u00ea j\u00e1 nasceu encantando o mundo.&#8221;<\/p>\n<p>Clara usou um vestido rosa inspirado na princesa, com direito a tiara que imita uma coroa.<\/p>\n<p>Zez\u00e9 Di Camargo e Graciele Lacerda celebraram a chegada de sua primeira filha, Clara,\u00a0no dia 25 de dezembro do ano passado, logo ap\u00f3s sua ceia de Natal.<\/p>\n<p>O cantor sertanejo j\u00e1 \u00e9 pai de outros tr\u00eas filhos, Wanessa Camargo, Camilla e Igor \u2014 do casamento com Zilu Godoi \u2014 e Graciele \u00e9 m\u00e3e pela primeira vez.<\/p>\n<blockquote data-instgrm-captioned data-instgrm-permalink=\"https:\/\/www.instagram.com\/reel\/DLlK3Ymyd0-\/?utm_source=ig_embed&#038;utm_campaign=loading\" data-instgrm-version=\"14\"><\/blockquote><\/div>\n","protected":false},"excerpt":{"rendered":"<p>O cantor\u00a0Zez\u00e9 Di Camargo, 62, e a influenciadora\u00a0Graciele Lacerda, 44, mostraram em suas redes sociais nesta ter\u00e7a-feira (1\u00ba), a festa de seis&hellip;<\/p>\n","protected":false},"author":82,"featured_media":18449,"comment_status":"closed","ping_status":"closed","sticky":false,"template":"","format":"standard","meta":{"_lmt_disableupdate":"","_lmt_disable":"","footnotes":""},"categories":[18],"tags":[],"class_list":["post-18448","post","type-post","status-publish","format-standard","has-post-thumbnail","hentry","category-regiao"],"_links":{"self":[{"href":"https:\/\/csimaster.com\/noticia2025\/wp-json\/wp\/v2\/posts\/18448","targetHints":{"allow":["GET"]}}],"collection":[{"href":"https:\/\/csimaster.com\/noticia2025\/wp-json\/wp\/v2\/posts"}],"about":[{"href":"https:\/\/csimaster.com\/noticia2025\/wp-json\/wp\/v2\/types\/post"}],"author":[{"embeddable":true,"href":"https:\/\/csimaster.com\/noticia2025\/wp-json\/wp\/v2\/users\/82"}],"replies":[{"embeddable":true,"href":"https:\/\/csimaster.com\/noticia2025\/wp-json\/wp\/v2\/comments?post=18448"}],"version-history":[{"count":0,"href":"https:\/\/csimaster.com\/noticia2025\/wp-json\/wp\/v2\/posts\/18448\/revisions"}],"wp:featuredmedia":[{"embeddable":true,"href":"https:\/\/csimaster.com\/noticia2025\/wp-json\/wp\/v2\/media\/18449"}],"wp:attachment":[{"href":"https:\/\/csimaster.com\/noticia2025\/wp-json\/wp\/v2\/media?parent=18448"}],"wp:term":[{"taxonomy":"category","embeddable":true,"href":"https:\/\/csimaster.com\/noticia2025\/wp-json\/wp\/v2\/categories?post=18448"},{"taxonomy":"post_tag","embeddable":true,"href":"https:\/\/csimaster.com\/noticia2025\/wp-json\/wp\/v2\/tags?post=18448"}],"curies":[{"name":"wp","href":"https:\/\/api.w.org\/{rel}","templated":true}]}}