{"id":18004,"date":"2025-06-12T17:55:07","date_gmt":"2025-06-12T20:55:07","guid":{"rendered":"https:\/\/csimaster.com\/noticia2025\/eneva-pode-antecipar-contrato-de-termica-apos-atraso-em-leilao-diz-ceo\/"},"modified":"2025-06-12T17:55:17","modified_gmt":"2025-06-12T20:55:17","slug":"eneva-pode-antecipar-contrato-de-termica-apos-atraso-em-leilao-diz-ceo","status":"publish","type":"post","link":"https:\/\/csimaster.com\/noticia2025\/eneva-pode-antecipar-contrato-de-termica-apos-atraso-em-leilao-diz-ceo\/","title":{"rendered":"Eneva pode antecipar contrato de t\u00e9rmica ap\u00f3s atraso em leil\u00e3o, diz CEO"},"content":{"rendered":"<div data-single-content=\"true\">\n<p>A Eneva pode antecipar o contrato de uma t\u00e9rmica para ofertar cerca de 39 MW de energia ao sistema, enquanto o governo busca alternativas para compensar o atraso no leil\u00e3o de reserva de capacidade, disse o diretor-presidente da el\u00e9trica, Lino Can\u00e7ado, durante evento no Rio de Janeiro.<\/p>\n<p>O executivo revelou nesta quinta-feira (12) que a companhia poderia oferecer a antecipa\u00e7\u00e3o do contrato da usina Parna\u00edba IV, que tem capacidade instalada para 56 MW, mas com 39 MW vendidos no leil\u00e3o de reserva de 2021. A entrega dessa energia estava prevista inicialmente para 1\u00ba de julho de 2026.<\/p>\n<p>&#8220;O governo tem o plano de adicionar 4,5 GW de pot\u00eancia e parte desse plano vai ser coberto com aquelas t\u00e9rmicas que venceram o \u00faltimo leil\u00e3o de capacidade em 2021. Algumas delas est\u00e3o prontas, e Eneva tem uma t\u00e9rmica pequena que vai poder ser antecipada&#8230;&#8221;, disse ele a jornalistas durante o evento Enase.<\/p>\n<p>A el\u00e9trica, de acordo com Can\u00e7ado, ainda tem duas usinas contratadas, cujos contratos vencem em 2026 e 2027. Essas tamb\u00e9m poderiam participar do leil\u00e3o de reserva de capacidade para serem contratadas em 2028.<\/p>\n<p>&#8220;Temos cerca de 1 giga expirando entre 2026, 2027 e 2028. E ainda temos projetos novos&#8221;, destacou o executivo.<\/p>\n<p>Entre as alternativas para o lidar com o atraso no leil\u00e3o de reserva de capacidade, o governo pode contratar unidades dispon\u00edveis que est\u00e3o sem contratos, antecipar usinas e importar energia, disse o secret\u00e1rio-adjunto do Minist\u00e9rio de Minas e Energia, Fernando Colli, na v\u00e9spera.<\/p>\n<p>O minist\u00e9rio prev\u00ea abrir ainda neste m\u00eas uma consulta p\u00fablica para realizar o leil\u00e3o, enquanto v\u00ea o prazo &#8220;apertado&#8221; para o certame acontecer ainda em 2025, segundo Colli.<\/p>\n<p>Can\u00e7ado acredita que a consulta pode ser r\u00e1pida.<\/p>\n<p>&#8220;Temos quase certeza que o leil\u00e3o vai ocorrer, a quest\u00e3o \u00e9 quando, est\u00e1 se arrastando h\u00e1 algum tempo&#8230; historicamente, se tiver uma portaria hoje, estamos falando de um leil\u00e3o no fim do ano&#8221;, afirmou ele.<\/p>\n<p>&#8220;Acho que 15 dias de consulta parece ser um prazo suficiente, uma vez que as discuss\u00f5es j\u00e1 acontecem h\u00e1 uns quatro ou cinco meses&#8230; todo mundo est\u00e1 com sua coisa pronta, opini\u00e3o, papers e artigos prontos&#8221;, adicionou o executivo.<\/p>\n<p>O presidente da Eneva alertou que a demora na realiza\u00e7\u00e3o do certame ocorre num momento mais complexo para o setor de energia, visto que h\u00e1 uma forte demanda por equipamentos nos EUA.<\/p>\n<p>Al\u00e9m disso, o executivo lembrou desde o \u00faltimo leil\u00e3o de reserva capacidade at\u00e9 agora os pre\u00e7os dos equipamentos em d\u00f3lar subiram cerca de 40%.<\/p>\n<p>&#8220;Isso (o atraso) est\u00e1 piorando o cen\u00e1rio para Brasil&#8221;, frisou Can\u00e7ado.<\/p>\n<p>&#8220;Vai ter que embutir no pre\u00e7o&#8230; quanto mais atrasa, mais press\u00e3o coloca no sistema e nos empreendedores interessados, porque fica mais dif\u00edcil garantir a entrega do empreendimento na data necess\u00e1ria.&#8221;<\/p>\n<\/p><\/div>\n","protected":false},"excerpt":{"rendered":"<p>A Eneva pode antecipar o contrato de uma t\u00e9rmica para ofertar cerca de 39 MW de energia ao sistema, enquanto o governo&hellip;<\/p>\n","protected":false},"author":125,"featured_media":18005,"comment_status":"closed","ping_status":"closed","sticky":false,"template":"","format":"standard","meta":{"_lmt_disableupdate":"","_lmt_disable":"","footnotes":""},"categories":[18],"tags":[],"class_list":["post-18004","post","type-post","status-publish","format-standard","has-post-thumbnail","hentry","category-regiao"],"_links":{"self":[{"href":"https:\/\/csimaster.com\/noticia2025\/wp-json\/wp\/v2\/posts\/18004","targetHints":{"allow":["GET"]}}],"collection":[{"href":"https:\/\/csimaster.com\/noticia2025\/wp-json\/wp\/v2\/posts"}],"about":[{"href":"https:\/\/csimaster.com\/noticia2025\/wp-json\/wp\/v2\/types\/post"}],"author":[{"embeddable":true,"href":"https:\/\/csimaster.com\/noticia2025\/wp-json\/wp\/v2\/users\/125"}],"replies":[{"embeddable":true,"href":"https:\/\/csimaster.com\/noticia2025\/wp-json\/wp\/v2\/comments?post=18004"}],"version-history":[{"count":0,"href":"https:\/\/csimaster.com\/noticia2025\/wp-json\/wp\/v2\/posts\/18004\/revisions"}],"wp:featuredmedia":[{"embeddable":true,"href":"https:\/\/csimaster.com\/noticia2025\/wp-json\/wp\/v2\/media\/18005"}],"wp:attachment":[{"href":"https:\/\/csimaster.com\/noticia2025\/wp-json\/wp\/v2\/media?parent=18004"}],"wp:term":[{"taxonomy":"category","embeddable":true,"href":"https:\/\/csimaster.com\/noticia2025\/wp-json\/wp\/v2\/categories?post=18004"},{"taxonomy":"post_tag","embeddable":true,"href":"https:\/\/csimaster.com\/noticia2025\/wp-json\/wp\/v2\/tags?post=18004"}],"curies":[{"name":"wp","href":"https:\/\/api.w.org\/{rel}","templated":true}]}}