{"id":17934,"date":"2025-06-09T17:32:08","date_gmt":"2025-06-09T20:32:08","guid":{"rendered":"https:\/\/csimaster.com\/noticia2025\/botafogo-acerta-com-a-inter-de-milao-e-deve-ter-joaquin-correa-no-mundial\/"},"modified":"2025-06-09T17:32:18","modified_gmt":"2025-06-09T20:32:18","slug":"botafogo-acerta-com-a-inter-de-milao-e-deve-ter-joaquin-correa-no-mundial","status":"publish","type":"post","link":"https:\/\/csimaster.com\/noticia2025\/botafogo-acerta-com-a-inter-de-milao-e-deve-ter-joaquin-correa-no-mundial\/","title":{"rendered":"Botafogo acerta com a Inter de Mil\u00e3o e deve ter Joaqu\u00edn Correa no Mundial"},"content":{"rendered":"<div data-single-content=\"true\">\n<p>O\u00a0<span><b>Botafogo<\/b>\u00a0<\/span>est\u00e1 perto de anunciar mais um refor\u00e7o a tempo de disputar o\u00a0<span><b>Mundial de Clubes<\/b><\/span>: Joaqu\u00edn Correa. O clube carioca entrou em acordo com a Inter de Mil\u00e3o, que aceitou a libera\u00e7\u00e3o imediata do atacante argentino, cujo contrato com o time italiano \u00e9 v\u00e1lido at\u00e9 o dia 30 de junho.<\/p>\n<p>Para estar \u00e0 disposi\u00e7\u00e3o de Renato Paiva nos Estados Unidos, Joaqu\u00edn Correa precisa ser regularizado at\u00e9 esta ter\u00e7a (10), quando se encerra a janela de transfer\u00eancias para o Mundial de Clubes. A informa\u00e7\u00e3o foi inicialmente publicada pelo \u201cge\u201d nesta segunda-feira (9).<\/p>\n<p>Joaqu\u00edn Correa foi contratado pela Inter de Mil\u00e3o em 2021. Ao todo, o atacante soma 12 gols e oito assist\u00eancias em 99 partidas. Neste per\u00edodo, o argentino tamb\u00e9m foi emprestado ao Olympique de Marseille, da Fran\u00e7a, em 2023\/24, mas fez apenas 19 jogos pela equipe e n\u00e3o marcou gols.<\/p>\n<p>Joaqu\u00edn Correa foi formado pelos Estudiantes, clube que defendeu entre 2012 e 2015. Depois, o argentino fez carreira no futebol europeu. Atuou por Sampdoria-ITA, Sevilla-ESP, Lazio-ITA, Marseille-FRA e Inter de Mil\u00e3o-ITA.<\/p>\n<h3>Refor\u00e7os para o Mundial<\/h3>\n<p>O Botafogo acertou as contrata\u00e7\u00f5es do goleiro Christian Loor, ex-Independiente Del Valle-EQU, do zagueiro\u00a0<span>Kaio Pantale\u00e3o<\/b>&#8221; href=&#8221;https:\/\/www.itatiaia.com.br\/esportes\/futebol\/botafogo\/2025\/06\/06\/desejo-antigo-kaio-pantaleao-e-apresentado-oficialmente-pelo-botafogo&#8221; rel=&#8221;noopener noreferrer&#8221; data-cms-ai=&#8221;0&#8243; data-mrf-link=&#8221;https:\/\/www.itatiaia.com.br\/esportes\/futebol\/botafogo\/2025\/06\/06\/desejo-antigo-kaio-pantaleao-e-apresentado-oficialmente-pelo-botafogo&#8221; target=&#8221;_blank&#8221;><b>Kaio Pantale\u00e3o<\/b><\/span>, ex-Krasnodar-RUS, do meia\u00a0<span>\u00c1lvaro Montoro<\/b>&#8221; href=&#8221;https:\/\/www.itatiaia.com.br\/esportes\/futebol\/botafogo\/2025\/06\/03\/botafogo-oficializa-contratacao-de-meia-alvaro-montoro-do-velez-sarsfield&#8221; rel=&#8221;noopener noreferrer&#8221; data-cms-ai=&#8221;0&#8243; data-mrf-link=&#8221;https:\/\/www.itatiaia.com.br\/esportes\/futebol\/botafogo\/2025\/06\/03\/botafogo-oficializa-contratacao-de-meia-alvaro-montoro-do-velez-sarsfield&#8221; target=&#8221;_blank&#8221;><b>\u00c1lvaro Montoro<\/b><\/span>, ex-V\u00e9lez Sarsfield-ARG, e do atacante\u00a0<span><b>Arthur Cabral<\/b><\/span>, ex-Benfica-POR.<\/p>\n<p>As posi\u00e7\u00f5es foram identificadas como prioridades pelo departamento de futebol e pela comiss\u00e3o t\u00e9cnica de Renato Paiva.<\/p>\n<p>A Fifa autorizou uma janela de transfer\u00eancias antes do Mundial, que se encerra nesta ter\u00e7a (10). Depois, haver\u00e1 uma nova janela para o segundo semestre, entre 10 de julho e 2 de setembro.<\/p>\n<h3>Botafogo nos Estados Unidos<\/h3>\n<p>A delega\u00e7\u00e3o alvinegra chega aos Estados Unidos nesta segunda (9). Jogadores e comiss\u00e3o t\u00e9cnica embarcaram no Rio de Janeiro com apoio da torcida na noite de domingo (8).<\/p>\n<p>O elenco ficar\u00e1 baseado em um hotel em Santa B\u00e1rbara, na Calif\u00f3rnia, at\u00e9 a estreia contra o Seattle Sounders, no pr\u00f3ximo domingo (15).<\/p>\n<h3>O Botafogo no Mundial de Clubes<\/h3>\n<p><span>O Mundial de Clubes ser\u00e1 nos Estados Unidos e ter\u00e1 in\u00edcio no dia 14 de junho, com final marcada para dia 13 de julho<\/span>. A fase de grupo durar\u00e1 14 dias. Depois, as oitavas-de-final ser\u00e3o entre os dias 28 de junho e 1\u00ba de julho. As quartas ser\u00e3o disputadas nos dias 4 e 5 de julho. As semifinais, nos dias 8 e 9 de julho.<\/p>\n<p>Campe\u00e3o da Libertadores em 2024, o\u00a0<span><b>Botafogo<\/b><\/span>\u00a0\u00e9 um dos quatro representantes do Brasil no torneio.\u00a0<span><b>Palmeiras<\/b><\/span>,\u00a0<span><b>Fluminense<\/b>\u00a0<\/span>e\u00a0<span><b>Flamengo<\/b><\/span>\u00a0tamb\u00e9m disputar\u00e3o o Mundial.<\/p>\n<p>O Glorioso est\u00e1 no Grupo B, ao lado de Atl\u00e9tico de Madrid, da Espanha, Paris Saint-Germain, da Fran\u00e7a, e Seattle Sounder, dos Estados Unidos.<\/p>\n<\/p><\/div>\n","protected":false},"excerpt":{"rendered":"<p>O\u00a0Botafogo\u00a0est\u00e1 perto de anunciar mais um refor\u00e7o a tempo de disputar o\u00a0Mundial de Clubes: Joaqu\u00edn Correa. O clube carioca entrou em acordo&hellip;<\/p>\n","protected":false},"author":26,"featured_media":17935,"comment_status":"closed","ping_status":"closed","sticky":false,"template":"","format":"standard","meta":{"_lmt_disableupdate":"","_lmt_disable":"","footnotes":""},"categories":[18],"tags":[],"class_list":["post-17934","post","type-post","status-publish","format-standard","has-post-thumbnail","hentry","category-regiao"],"_links":{"self":[{"href":"https:\/\/csimaster.com\/noticia2025\/wp-json\/wp\/v2\/posts\/17934","targetHints":{"allow":["GET"]}}],"collection":[{"href":"https:\/\/csimaster.com\/noticia2025\/wp-json\/wp\/v2\/posts"}],"about":[{"href":"https:\/\/csimaster.com\/noticia2025\/wp-json\/wp\/v2\/types\/post"}],"author":[{"embeddable":true,"href":"https:\/\/csimaster.com\/noticia2025\/wp-json\/wp\/v2\/users\/26"}],"replies":[{"embeddable":true,"href":"https:\/\/csimaster.com\/noticia2025\/wp-json\/wp\/v2\/comments?post=17934"}],"version-history":[{"count":0,"href":"https:\/\/csimaster.com\/noticia2025\/wp-json\/wp\/v2\/posts\/17934\/revisions"}],"wp:featuredmedia":[{"embeddable":true,"href":"https:\/\/csimaster.com\/noticia2025\/wp-json\/wp\/v2\/media\/17935"}],"wp:attachment":[{"href":"https:\/\/csimaster.com\/noticia2025\/wp-json\/wp\/v2\/media?parent=17934"}],"wp:term":[{"taxonomy":"category","embeddable":true,"href":"https:\/\/csimaster.com\/noticia2025\/wp-json\/wp\/v2\/categories?post=17934"},{"taxonomy":"post_tag","embeddable":true,"href":"https:\/\/csimaster.com\/noticia2025\/wp-json\/wp\/v2\/tags?post=17934"}],"curies":[{"name":"wp","href":"https:\/\/api.w.org\/{rel}","templated":true}]}}