{"id":17412,"date":"2025-05-22T09:35:25","date_gmt":"2025-05-22T12:35:25","guid":{"rendered":"https:\/\/csimaster.com\/noticia2025\/careca-do-inss-se-desfez-de-carros-de-luxo-antes-de-ser-alvo-de-operacao\/"},"modified":"2025-05-22T09:35:33","modified_gmt":"2025-05-22T12:35:33","slug":"careca-do-inss-se-desfez-de-carros-de-luxo-antes-de-ser-alvo-de-operacao","status":"publish","type":"post","link":"https:\/\/csimaster.com\/noticia2025\/careca-do-inss-se-desfez-de-carros-de-luxo-antes-de-ser-alvo-de-operacao\/","title":{"rendered":"\u201cCareca do INSS\u201d se desfez de carros de luxo antes de ser alvo de opera\u00e7\u00e3o"},"content":{"rendered":"<div> <main>  <\/p>\n<div>\n<p>O empres\u00e1rio Antonio Carlos Camilo Antunes \u2013 conhecido como \u201cCareca do INSS\u201d \u2013 transferiu bens para outras pessoas dias antes de ser alvo da Pol\u00edcia Federal (PF) na opera\u00e7\u00e3o que aponta fraudes bilion\u00e1rias no INSS.<\/p>\n<p>Uma dessas propriedades, segundo levantamento da <strong>CNN<\/strong>, \u00e9 uma BMW X1. A transfer\u00eancia ocorreu em 11 de abril, doze dias antes de a PF bater em endere\u00e7os para apreender bens.<\/p>\n<p>O carro foi transferido para um empres\u00e1rio de Porto Alegre (RS), segundo consta no sistema de tr\u00e2nsito analisado pela reportagem. O empres\u00e1rio tem uma empresa de consultoria com capital de R$ 0,01, de acordo com o site da Receita Federal.<\/p>\n<p>Procurado por e-mail, o empres\u00e1rio disse que comprou o carro de uma concession\u00e1ria e n\u00e3o conhece e n\u00e3o tem nenhum tipo de rela\u00e7\u00e3o com o investigado.<\/p>\n<p>Outros dois carros de luxo ainda t\u00eam paradeiro incerto. No relat\u00f3rio de 1.940 p\u00e1ginas da PF, h\u00e1 men\u00e7\u00e3o ao monitoramento sobre uma BMW azul e um Audi preto. Agentes chegaram a confirmar, em mar\u00e7o, que os ve\u00edculos estavam em uma das casas da fam\u00edlia de Ant\u00f4nio Antunes.<\/p>\n<p>Os dois ve\u00edculos, por\u00e9m, n\u00e3o foram encontrados um m\u00eas depois, quando a opera\u00e7\u00e3o \u201cSem Desconto\u201d foi deflagrada. A <strong>CNN<\/strong> apurou que a BMW consta como de propriedade da Bras\u00edlia Consultoria, empresa de Antonio Antunes e seu filho, Romeu Antunes.<\/p>\n<p>J\u00e1 o Audi, avaliado em R$ 800 mil, a reportagem levantou que ele n\u00e3o consta mais registrado no Distrito Federal, e que se encontra em S\u00e3o Paulo, o que dificultou a localiza\u00e7\u00e3o pela PF.<\/p>\n<p>Em 23 de abril, a PF apreendeu 8 autom\u00f3veis de diversas marcas na casa do \u201cCareca do INSS\u201d. J\u00e1 na ter\u00e7a-feira (20) desta semana, em uma terceira fase da opera\u00e7\u00e3o, a PF conseguiu localizar outros seis ve\u00edculos de luxo que pertenceriam a Ant\u00f4nio Antunes.<\/p>\n<p>Os carros estavam em uma garagem em um pr\u00e9dio de neg\u00f3cios no Setor Banc\u00e1rio Norte de Bras\u00edlia. Um funcion\u00e1rio do pr\u00e9dio avisou a senadora Damares Alves (Republicanos-DF), que procurou a Pol\u00edcia Federal.<\/p>\n<p>A <strong>CNN<\/strong> procurou a defesa do \u201cCareca do INSS\u201d sobre os outros bens n\u00e3o localizados, mas n\u00e3o obteve retorno.<\/p>\n<\/div>\n<p>   <\/main>  <\/div>\n","protected":false},"excerpt":{"rendered":"<p>O empres\u00e1rio Antonio Carlos Camilo Antunes \u2013 conhecido como \u201cCareca do INSS\u201d \u2013 transferiu bens para outras pessoas dias antes de ser&hellip;<\/p>\n","protected":false},"author":30,"featured_media":17413,"comment_status":"closed","ping_status":"closed","sticky":false,"template":"","format":"standard","meta":{"_lmt_disableupdate":"","_lmt_disable":"","footnotes":""},"categories":[7],"tags":[],"class_list":["post-17412","post","type-post","status-publish","format-standard","has-post-thumbnail","hentry","category-politica"],"_links":{"self":[{"href":"https:\/\/csimaster.com\/noticia2025\/wp-json\/wp\/v2\/posts\/17412","targetHints":{"allow":["GET"]}}],"collection":[{"href":"https:\/\/csimaster.com\/noticia2025\/wp-json\/wp\/v2\/posts"}],"about":[{"href":"https:\/\/csimaster.com\/noticia2025\/wp-json\/wp\/v2\/types\/post"}],"author":[{"embeddable":true,"href":"https:\/\/csimaster.com\/noticia2025\/wp-json\/wp\/v2\/users\/30"}],"replies":[{"embeddable":true,"href":"https:\/\/csimaster.com\/noticia2025\/wp-json\/wp\/v2\/comments?post=17412"}],"version-history":[{"count":0,"href":"https:\/\/csimaster.com\/noticia2025\/wp-json\/wp\/v2\/posts\/17412\/revisions"}],"wp:featuredmedia":[{"embeddable":true,"href":"https:\/\/csimaster.com\/noticia2025\/wp-json\/wp\/v2\/media\/17413"}],"wp:attachment":[{"href":"https:\/\/csimaster.com\/noticia2025\/wp-json\/wp\/v2\/media?parent=17412"}],"wp:term":[{"taxonomy":"category","embeddable":true,"href":"https:\/\/csimaster.com\/noticia2025\/wp-json\/wp\/v2\/categories?post=17412"},{"taxonomy":"post_tag","embeddable":true,"href":"https:\/\/csimaster.com\/noticia2025\/wp-json\/wp\/v2\/tags?post=17412"}],"curies":[{"name":"wp","href":"https:\/\/api.w.org\/{rel}","templated":true}]}}