{"id":17346,"date":"2025-05-22T09:34:20","date_gmt":"2025-05-22T12:34:20","guid":{"rendered":"https:\/\/csimaster.com\/noticia2025\/mg-inaugura-centro-de-inteligencia-para-prevenir-violencia-nas-escolas\/"},"modified":"2025-05-22T09:34:25","modified_gmt":"2025-05-22T12:34:25","slug":"mg-inaugura-centro-de-inteligencia-para-prevenir-violencia-nas-escolas","status":"publish","type":"post","link":"https:\/\/csimaster.com\/noticia2025\/mg-inaugura-centro-de-inteligencia-para-prevenir-violencia-nas-escolas\/","title":{"rendered":"MG inaugura centro de intelig\u00eancia para prevenir viol\u00eancia nas escolas"},"content":{"rendered":"<div> <main>  <\/p>\n<div>\n<p>O governo de Minas Gerais inaugurou, nesta ter\u00e7a-feira (20), um Centro Integrado de Intelig\u00eancia Cibern\u00e9tica (Ciberint). O espa\u00e7o \u00e9 o primeiro voltado \u00e0 atua\u00e7\u00e3o na preven\u00e7\u00e3o, neutraliza\u00e7\u00e3o e repress\u00e3o a atos criminosos relacionados a discursos extremistas e \u00e0 viol\u00eancia em escolas.<\/p>\n<p>O local foi equipado com computadores modernos, dotados de tecnologia avan\u00e7ada, permitindo que representantes de diferentes institui\u00e7\u00f5es atuem de forma integrada no monitoramento de redes sociais, jogos on-line, fontes abertas, deep web e dark web, <strong>identificando amea\u00e7as de ataques em escolas, bem como no combate a demais crimes virtuais<\/strong>.<\/p>\n<p>O projeto recebeu um aporte de R$ 3 milh\u00f5es do Minist\u00e9rio da Justi\u00e7a e Seguran\u00e7a P\u00fablica (MJSP) ap\u00f3s concorrer com outro 700 projetos. O Ciberint ficou em primeiro lugar e o valor foi utilizado na estrutura\u00e7\u00e3o do laborat\u00f3rio localizado.<\/p>\n<p>De acordo com o governo mineiro, o investimento em tecnologia e conhecimento cibern\u00e9tico para navegar em ambientes comumente utilizados pelos jovens na internet permitir\u00e1 prevenir e neutralizar tais ataques.<\/p>\n<p>O Ciberint tamb\u00e9m ser\u00e1 um centro de pesquisa, recebimento, tratamento e difus\u00e3o de den\u00fancias entre todas as institui\u00e7\u00f5es com atua\u00e7\u00e3o na tem\u00e1tica.\u2028O governo afirma que atua desde 2023 para prevenir a viol\u00eancia nas escolas, no entanto, a complexidade para evitar o uso da internet na organiza\u00e7\u00e3o de crimes nas escolas exigia recursos mais modernos e o Ciberint surgiu nesse mote, com um \u00e1gil compartilhamento de informa\u00e7\u00f5es entre as for\u00e7as de seguran\u00e7a e institui\u00e7\u00f5es parceiras, como o Minist\u00e9rio P\u00fablico de Minas Gerais (MPMG).<\/p>\n<p>O governo afirmou ainda que a estrutura tamb\u00e9m ser\u00e1 usada nas investiga\u00e7\u00f5es depois que crimes s\u00e3o cometidos.<\/p>\n<p>\u201cSer\u00e1 utilizado para isso, mas o nosso principal objetivo \u00e9 identificar aqueles jovens que estejam em situa\u00e7\u00e3o que demande a atua\u00e7\u00e3o da fam\u00edlia, da justi\u00e7a, das estruturas m\u00e9dicas. N\u00f3s j\u00e1 temos v\u00e1rios casos que foram resolvidos a partir do nosso esfor\u00e7o digital. At\u00e9 o momento, 43 casos j\u00e1 foram solucionados e ataques impedidos pela atua\u00e7\u00e3o das nossas pol\u00edcias. N\u00f3s temos certeza que, com essa nova estrutura, esse n\u00famero vai crescer exponencialmente\u201d, afirmou o vice governador Mateus Sim\u00f5es (Novo).<\/p>\n<p>O Ciberint funcionar\u00e1 na sede da Ag\u00eancia Central de Intelig\u00eancia da Secretaria de Estado de Justi\u00e7a e Seguran\u00e7a Publica (Sejusp) no Cidade Administrativa, em Belo Horizonte.<\/p>\n<\/div>\n<p>   <\/main>  <\/div>\n","protected":false},"excerpt":{"rendered":"<p>O governo de Minas Gerais inaugurou, nesta ter\u00e7a-feira (20), um Centro Integrado de Intelig\u00eancia Cibern\u00e9tica (Ciberint). O espa\u00e7o \u00e9 o primeiro voltado&hellip;<\/p>\n","protected":false},"author":46,"featured_media":17347,"comment_status":"closed","ping_status":"closed","sticky":false,"template":"","format":"standard","meta":{"_lmt_disableupdate":"","_lmt_disable":"","footnotes":""},"categories":[4],"tags":[],"class_list":["post-17346","post","type-post","status-publish","format-standard","has-post-thumbnail","hentry","category-brasil"],"_links":{"self":[{"href":"https:\/\/csimaster.com\/noticia2025\/wp-json\/wp\/v2\/posts\/17346","targetHints":{"allow":["GET"]}}],"collection":[{"href":"https:\/\/csimaster.com\/noticia2025\/wp-json\/wp\/v2\/posts"}],"about":[{"href":"https:\/\/csimaster.com\/noticia2025\/wp-json\/wp\/v2\/types\/post"}],"author":[{"embeddable":true,"href":"https:\/\/csimaster.com\/noticia2025\/wp-json\/wp\/v2\/users\/46"}],"replies":[{"embeddable":true,"href":"https:\/\/csimaster.com\/noticia2025\/wp-json\/wp\/v2\/comments?post=17346"}],"version-history":[{"count":0,"href":"https:\/\/csimaster.com\/noticia2025\/wp-json\/wp\/v2\/posts\/17346\/revisions"}],"wp:featuredmedia":[{"embeddable":true,"href":"https:\/\/csimaster.com\/noticia2025\/wp-json\/wp\/v2\/media\/17347"}],"wp:attachment":[{"href":"https:\/\/csimaster.com\/noticia2025\/wp-json\/wp\/v2\/media?parent=17346"}],"wp:term":[{"taxonomy":"category","embeddable":true,"href":"https:\/\/csimaster.com\/noticia2025\/wp-json\/wp\/v2\/categories?post=17346"},{"taxonomy":"post_tag","embeddable":true,"href":"https:\/\/csimaster.com\/noticia2025\/wp-json\/wp\/v2\/tags?post=17346"}],"curies":[{"name":"wp","href":"https:\/\/api.w.org\/{rel}","templated":true}]}}