{"id":17304,"date":"2025-05-21T09:31:58","date_gmt":"2025-05-21T12:31:58","guid":{"rendered":"https:\/\/csimaster.com\/noticia2025\/pf-apreende-r-12-milhao-em-mala-e-prende-tres-empresarios-em-aeroporto\/"},"modified":"2025-05-21T09:32:25","modified_gmt":"2025-05-21T12:32:25","slug":"pf-apreende-r-12-milhao-em-mala-e-prende-tres-empresarios-em-aeroporto","status":"publish","type":"post","link":"https:\/\/csimaster.com\/noticia2025\/pf-apreende-r-12-milhao-em-mala-e-prende-tres-empresarios-em-aeroporto\/","title":{"rendered":"PF apreende R$ 1,2 milh\u00e3o em mala e prende tr\u00eas empres\u00e1rios em aeroporto"},"content":{"rendered":"<div>\n<p>A Pol\u00edcia Federal prendeu, no come\u00e7o da noite desta ter\u00e7a-feira (20), tr\u00eas passageiros que sa\u00edram de Manaus (AM) com destino a Goi\u00e2nia, mas foram interceptados no Aeroporto Internacional de Bras\u00edlia com R$ 1,2 milh\u00e3o em uma mala.<\/p>\n<p>Segundo a PF, a pris\u00e3o foi por lavagem de dinheiro. Os indiv\u00edduos transportavam quantia de dinheiro em esp\u00e9cie, todas c\u00e9dulas de R$ 200, e apresentaram inconsist\u00eancias nas informa\u00e7\u00f5es.<\/p>\n<p>Os empres\u00e1rios alegaram trabalhar no estado do Amazonas, utilizando suas empresas para a celebra\u00e7\u00e3o de contratos p\u00fablicos com diversos munic\u00edpios. Disseram que estavam se deslocando para o estado de Goi\u00e1s com o objetivo de adquirir materiais para suas respectivas pessoas jur\u00eddicas.<\/p>\n<p>A PF diz que levantamentos preliminares indicam que os indiv\u00edduos s\u00e3o s\u00f3cios de empresas com um extenso leque de atividades declaradas. \u201cNo entanto, foram identificadas diversas inconsist\u00eancias nas informa\u00e7\u00f5es declaradas pelos passageiros\u201d, aponta.<\/p>\n<p>O dinheiro apreendido ficar\u00e1 bloqueado e passar\u00e1 por an\u00e1lise.<\/p>\n<p>As investiga\u00e7\u00f5es ser\u00e3o aprofundadas para saber a poss\u00edvel amplia\u00e7\u00e3o do rol de crimes e de envolvidos na apura\u00e7\u00e3o. Os empres\u00e1rios, que ainda n\u00e3o tiveram os nomes divulgados, foram levados para a carceragem e passar\u00e3o por audi\u00eancia de cust\u00f3dia nesta quarta-feira (21).<\/p>\n<\/div>\n","protected":false},"excerpt":{"rendered":"<p>A Pol\u00edcia Federal prendeu, no come\u00e7o da noite desta ter\u00e7a-feira (20), tr\u00eas passageiros que sa\u00edram de Manaus (AM) com destino a Goi\u00e2nia,&hellip;<\/p>\n","protected":false},"author":61,"featured_media":17305,"comment_status":"closed","ping_status":"closed","sticky":false,"template":"","format":"standard","meta":{"_lmt_disableupdate":"","_lmt_disable":"","footnotes":""},"categories":[5],"tags":[],"class_list":["post-17304","post","type-post","status-publish","format-standard","has-post-thumbnail","hentry","category-policia"],"_links":{"self":[{"href":"https:\/\/csimaster.com\/noticia2025\/wp-json\/wp\/v2\/posts\/17304","targetHints":{"allow":["GET"]}}],"collection":[{"href":"https:\/\/csimaster.com\/noticia2025\/wp-json\/wp\/v2\/posts"}],"about":[{"href":"https:\/\/csimaster.com\/noticia2025\/wp-json\/wp\/v2\/types\/post"}],"author":[{"embeddable":true,"href":"https:\/\/csimaster.com\/noticia2025\/wp-json\/wp\/v2\/users\/61"}],"replies":[{"embeddable":true,"href":"https:\/\/csimaster.com\/noticia2025\/wp-json\/wp\/v2\/comments?post=17304"}],"version-history":[{"count":0,"href":"https:\/\/csimaster.com\/noticia2025\/wp-json\/wp\/v2\/posts\/17304\/revisions"}],"wp:featuredmedia":[{"embeddable":true,"href":"https:\/\/csimaster.com\/noticia2025\/wp-json\/wp\/v2\/media\/17305"}],"wp:attachment":[{"href":"https:\/\/csimaster.com\/noticia2025\/wp-json\/wp\/v2\/media?parent=17304"}],"wp:term":[{"taxonomy":"category","embeddable":true,"href":"https:\/\/csimaster.com\/noticia2025\/wp-json\/wp\/v2\/categories?post=17304"},{"taxonomy":"post_tag","embeddable":true,"href":"https:\/\/csimaster.com\/noticia2025\/wp-json\/wp\/v2\/tags?post=17304"}],"curies":[{"name":"wp","href":"https:\/\/api.w.org\/{rel}","templated":true}]}}