{"id":16997,"date":"2025-05-18T09:32:58","date_gmt":"2025-05-18T12:32:58","guid":{"rendered":"https:\/\/csimaster.com\/noticia2025\/periferia-tem-temperaturas-mais-altas-em-sao-paulo-diz-pesquisa-da-usp\/"},"modified":"2025-05-18T09:33:00","modified_gmt":"2025-05-18T12:33:00","slug":"periferia-tem-temperaturas-mais-altas-em-sao-paulo-diz-pesquisa-da-usp","status":"publish","type":"post","link":"https:\/\/csimaster.com\/noticia2025\/periferia-tem-temperaturas-mais-altas-em-sao-paulo-diz-pesquisa-da-usp\/","title":{"rendered":"Periferia tem temperaturas mais altas em S\u00e3o Paulo, diz pesquisa da USP"},"content":{"rendered":"<div> <main>  <\/p>\n<div>\n<p><span>Uma\u00a0<\/span><strong><span>pesquisa<\/span><\/strong><span>\u00a0da Faculdade de Filosofia, Letras e Ci\u00eancias Humanas (FFLCH) da\u00a0<\/span><strong><span>USP<\/span><\/strong><span>\u00a0revelou\u00a0<\/span><strong><span>diferen\u00e7as significativas<\/span><\/strong><span>\u00a0de\u00a0<\/span><strong><span>temperatura<\/span><\/strong><span> entre bairros <\/span><strong><span>nobres<\/span><\/strong><span>\u00a0e\u00a0<\/span><strong><span>perif\u00e9ricos<\/span><\/strong><span>\u00a0da cidade de\u00a0<\/span><strong><span>S\u00e3o Paulo<\/span><\/strong><span>. A\u00a0<strong>pesquisa<\/strong>\u00a0utilizou o\u00a0<strong>\u00cdndice de Desenvolvimento Humano Municipal (IDHM)<\/strong>\u00a0e o\u00a0<strong>\u00cdndice Paulista de Vulnerabilidade Social (IPVS)<\/strong>\u00a0para mapear as\u00a0<strong>desigualdades socioespaciais<\/strong>, correlacionando-as com as\u00a0<strong>varia\u00e7\u00f5es microclim\u00e1ticas<\/strong>.<\/span><\/p>\n<p><span>O estudo, que comparou o Jardim Paulista, bairro nobre da Zona Oeste, e a Vila Jacu\u00ed, regi\u00e3o perif\u00e9rica da Zona Leste, constatou <\/span><strong><span>varia\u00e7\u00f5es<\/span><\/strong><span>\u00a0de at\u00e9 8,8\u00b0C durante o\u00a0<\/span><strong><span>ver\u00e3o<\/span><\/strong><span>, evidenciando o impacto da\u00a0<\/span><strong><span>desigualdade urbana<\/span><\/strong><span>\u00a0no\u00a0<\/span><strong><span>conforto t\u00e9rmico<\/span><\/strong><span>.<\/span><\/p>\n<p><span>Para mapear as\u00a0<\/span><strong><span>desigualdades socioespaciais<\/span><\/strong><span>\u00a0em\u00a0<\/span><strong><span>S\u00e3o Paulo<\/span><\/strong><span>, o\u00a0<\/span><strong><span>\u00cdndice de Desenvolvimento Humano Municipal (IDHM)<\/span><\/strong><span>\u00a0foi utilizado para mensurar a\u00a0<\/span><strong><span>qualidade de vida<\/span><\/strong><span>\u00a0nas 32 Subprefeituras.<\/span><\/p>\n<h2>Veja mapa<\/h2>\n<figure aria-describedby=\"caption-attachment-12859601\" id=\"attachment_12859601\"> <label for=\"checkbox_attachment_12859601\"> <span><\/span> <\/label><figcaption id=\"caption-attachment-12859601\">Temperaturas de superf\u00edcie das 32 Subprefeituras da cidade de S\u00e3o Paulo \u2022 Ag\u00eancia SP<\/figcaption><\/figure>\n<h2>Resultados<\/h2>\n<p><span>A pesquisa analisou as <\/span><strong><span>varia\u00e7\u00f5es microclim\u00e1ticas<\/span><\/strong><span>\u00a0em pontos internos e externos de um\u00a0<\/span><strong><span>parque urbano<\/span><\/strong><span>, buscando compreender como a\u00a0<\/span><strong><span>morfologia urbana<\/span><\/strong><span>\u00a0influencia a\u00a0<\/span><strong><span>temperatura<\/span><\/strong><span>\u00a0e a\u00a0<\/span><strong><span>umidade<\/span><\/strong><span>. <\/span><span>O formato dos bairros, os materiais de constru\u00e7\u00e3o, a\u00a0<\/span><strong><span>arboriza\u00e7\u00e3o<\/span><\/strong><span>\u00a0e o espa\u00e7amento entre lotes s\u00e3o fatores que contribuem para as\u00a0<\/span><strong><span>altera\u00e7\u00f5es microclim\u00e1ticas<\/span><\/strong><\/p>\n<p><span>O\u00a0<\/span><strong><span>\u00cdndice Paulista de Vulnerabilidade Social (IPVS)<\/span><\/strong><span> tamb\u00e9m foi empregado para analisar dados ao n\u00edvel distrital. O Jardim Paulista, com\u00a0<\/span><strong><span>IDHM<\/span><\/strong><span>\u00a0de 0,942, e a Vila Jacu\u00ed, com\u00a0<\/span><strong><span>IDHM<\/span><\/strong><span>\u00a0de 0,736, foram selecionados para a compara\u00e7\u00e3o, apresentando diferen\u00e7as significativas em suas paisagens urbanas, incluindo o n\u00edvel de\u00a0<\/span><strong><span>arboriza\u00e7\u00e3o<\/span><\/strong><span>.<\/span><\/p>\n<p><span>A\u00a0<\/span><strong><span>arboriza\u00e7\u00e3o<\/span><\/strong><span>, fator crucial para o\u00a0<\/span><strong><span>conforto t\u00e9rmico<\/span><\/strong><span>, apresentou grande discrep\u00e2ncia entre os bairros analisados. Enquanto o Jardim Paulista possui mais \u00e1reas sombreadas, a Vila Jacu\u00ed apresenta maior densidade construtiva. <\/span><\/p>\n<p><span>O\u00a0<\/span><strong><span>mapeamento da temperatura de superf\u00edcie<\/span><\/strong><span>\u00a0revelou que \u00e1reas com\u00a0<\/span><strong><span>temperaturas<\/span><\/strong><span>\u00a0mais altas coincidiam com as regi\u00f5es de\u00a0<\/span><strong><span>IDHM<\/span><\/strong><span>\u00a0mais baixos.<\/span><\/p>\n<\/div>\n<p>   <\/main>  <\/div>\n","protected":false},"excerpt":{"rendered":"<p>Uma\u00a0pesquisa\u00a0da Faculdade de Filosofia, Letras e Ci\u00eancias Humanas (FFLCH) da\u00a0USP\u00a0revelou\u00a0diferen\u00e7as significativas\u00a0de\u00a0temperatura entre bairros nobres\u00a0e\u00a0perif\u00e9ricos\u00a0da cidade de\u00a0S\u00e3o Paulo. A\u00a0pesquisa\u00a0utilizou o\u00a0\u00cdndice de Desenvolvimento Humano&hellip;<\/p>\n","protected":false},"author":8,"featured_media":16998,"comment_status":"closed","ping_status":"closed","sticky":false,"template":"","format":"standard","meta":{"_lmt_disableupdate":"","_lmt_disable":"","footnotes":""},"categories":[5],"tags":[],"class_list":["post-16997","post","type-post","status-publish","format-standard","has-post-thumbnail","hentry","category-policia"],"_links":{"self":[{"href":"https:\/\/csimaster.com\/noticia2025\/wp-json\/wp\/v2\/posts\/16997","targetHints":{"allow":["GET"]}}],"collection":[{"href":"https:\/\/csimaster.com\/noticia2025\/wp-json\/wp\/v2\/posts"}],"about":[{"href":"https:\/\/csimaster.com\/noticia2025\/wp-json\/wp\/v2\/types\/post"}],"author":[{"embeddable":true,"href":"https:\/\/csimaster.com\/noticia2025\/wp-json\/wp\/v2\/users\/8"}],"replies":[{"embeddable":true,"href":"https:\/\/csimaster.com\/noticia2025\/wp-json\/wp\/v2\/comments?post=16997"}],"version-history":[{"count":0,"href":"https:\/\/csimaster.com\/noticia2025\/wp-json\/wp\/v2\/posts\/16997\/revisions"}],"wp:featuredmedia":[{"embeddable":true,"href":"https:\/\/csimaster.com\/noticia2025\/wp-json\/wp\/v2\/media\/16998"}],"wp:attachment":[{"href":"https:\/\/csimaster.com\/noticia2025\/wp-json\/wp\/v2\/media?parent=16997"}],"wp:term":[{"taxonomy":"category","embeddable":true,"href":"https:\/\/csimaster.com\/noticia2025\/wp-json\/wp\/v2\/categories?post=16997"},{"taxonomy":"post_tag","embeddable":true,"href":"https:\/\/csimaster.com\/noticia2025\/wp-json\/wp\/v2\/tags?post=16997"}],"curies":[{"name":"wp","href":"https:\/\/api.w.org\/{rel}","templated":true}]}}