{"id":16977,"date":"2025-05-18T09:32:22","date_gmt":"2025-05-18T12:32:22","guid":{"rendered":"https:\/\/csimaster.com\/noticia2025\/papa-leao-xiv-deve-se-reunir-com-zelensky-neste-domingo-18-diz-vaticano\/"},"modified":"2025-05-18T09:32:27","modified_gmt":"2025-05-18T12:32:27","slug":"papa-leao-xiv-deve-se-reunir-com-zelensky-neste-domingo-18-diz-vaticano","status":"publish","type":"post","link":"https:\/\/csimaster.com\/noticia2025\/papa-leao-xiv-deve-se-reunir-com-zelensky-neste-domingo-18-diz-vaticano\/","title":{"rendered":"Papa Le\u00e3o XIV deve se reunir com Zelensky neste domingo (18), diz Vaticano"},"content":{"rendered":"<div>\n<p>O papa Le\u00e3o XIV ter\u00e1 um encontro privado com o presidente ucraniano Volodymyr Zelensky ainda neste domingo (18), ap\u00f3s a missa inaugural na Pra\u00e7a de S\u00e3o Pedro, informou o Vaticano.<\/p>\n<p>O pont\u00edfice conversou com Zelensky na \u00faltima segunda-feira (12), na primeira conversa conhecida entre o pont\u00edfice rec\u00e9m-eleito e um l\u00edder estrangeiro, ressaltando sua preocupa\u00e7\u00e3o com a guerra na Ucr\u00e2nia.<\/p>\n<p>Falando momentos ap\u00f3s a missa deste domingo, Le\u00e3o XIV mencionou a Ucr\u00e2nia \u201cmartirizada\u201d e pediu uma \u201cpaz justa e duradoura\u201d.<\/p>\n<h2>Papa clama por unidade da Igreja<\/h2>\n<p>Na cerim\u00f4nia de hoje, Le\u00e3o XIV clamou por unidade e prometeu preservar a heran\u00e7a da Igreja Cat\u00f3lica e n\u00e3o governar como \u201cum autocrata\u201d.<\/p>\n<p>Ap\u00f3s um primeiro passeio no papam\u00f3vel diante de dezenas de milhares de pessoas na Pra\u00e7a de S\u00e3o Pedro, Le\u00e3o XIV foi formalmente empossado como o 267\u00ba pont\u00edfice da Igreja Cat\u00f3lica Romana e monarca soberano da Cidade do Vaticano em uma missa ao ar livre.<\/p>\n<p>Simpatizantes na multid\u00e3o agitavam bandeiras dos EUA e do Peru, com pessoas de ambos os pa\u00edses o reivindicando como o primeiro papa de suas na\u00e7\u00f5es.<\/p>\n<p>Nascido em Chicago, o pont\u00edfice de 69 anos passou muitos anos como mission\u00e1rio no Peru e tamb\u00e9m possui cidadania peruana.<\/p>\n<\/div>\n","protected":false},"excerpt":{"rendered":"<p>O papa Le\u00e3o XIV ter\u00e1 um encontro privado com o presidente ucraniano Volodymyr Zelensky ainda neste domingo (18), ap\u00f3s a missa inaugural&hellip;<\/p>\n","protected":false},"author":32,"featured_media":16978,"comment_status":"closed","ping_status":"closed","sticky":false,"template":"","format":"standard","meta":{"_lmt_disableupdate":"","_lmt_disable":"","footnotes":""},"categories":[2],"tags":[],"class_list":["post-16977","post","type-post","status-publish","format-standard","has-post-thumbnail","hentry","category-internacional"],"_links":{"self":[{"href":"https:\/\/csimaster.com\/noticia2025\/wp-json\/wp\/v2\/posts\/16977","targetHints":{"allow":["GET"]}}],"collection":[{"href":"https:\/\/csimaster.com\/noticia2025\/wp-json\/wp\/v2\/posts"}],"about":[{"href":"https:\/\/csimaster.com\/noticia2025\/wp-json\/wp\/v2\/types\/post"}],"author":[{"embeddable":true,"href":"https:\/\/csimaster.com\/noticia2025\/wp-json\/wp\/v2\/users\/32"}],"replies":[{"embeddable":true,"href":"https:\/\/csimaster.com\/noticia2025\/wp-json\/wp\/v2\/comments?post=16977"}],"version-history":[{"count":0,"href":"https:\/\/csimaster.com\/noticia2025\/wp-json\/wp\/v2\/posts\/16977\/revisions"}],"wp:featuredmedia":[{"embeddable":true,"href":"https:\/\/csimaster.com\/noticia2025\/wp-json\/wp\/v2\/media\/16978"}],"wp:attachment":[{"href":"https:\/\/csimaster.com\/noticia2025\/wp-json\/wp\/v2\/media?parent=16977"}],"wp:term":[{"taxonomy":"category","embeddable":true,"href":"https:\/\/csimaster.com\/noticia2025\/wp-json\/wp\/v2\/categories?post=16977"},{"taxonomy":"post_tag","embeddable":true,"href":"https:\/\/csimaster.com\/noticia2025\/wp-json\/wp\/v2\/tags?post=16977"}],"curies":[{"name":"wp","href":"https:\/\/api.w.org\/{rel}","templated":true}]}}