{"id":16975,"date":"2025-05-18T09:32:23","date_gmt":"2025-05-18T12:32:23","guid":{"rendered":"https:\/\/csimaster.com\/noticia2025\/papa-leao-abraca-seu-irmao-apos-missa-de-inicio-do-pontificado\/"},"modified":"2025-05-18T09:32:26","modified_gmt":"2025-05-18T12:32:26","slug":"papa-leao-abraca-seu-irmao-apos-missa-de-inicio-do-pontificado","status":"publish","type":"post","link":"https:\/\/csimaster.com\/noticia2025\/papa-leao-abraca-seu-irmao-apos-missa-de-inicio-do-pontificado\/","title":{"rendered":"Papa Le\u00e3o abra\u00e7a seu irm\u00e3o ap\u00f3s missa de in\u00edcio do pontificado"},"content":{"rendered":"<div>\n<p>O Papa Le\u00e3o XIV, de 69 anos, pode ser o l\u00edder oficial da Igreja Cat\u00f3lica, mas para Louis \u201cLou\u201d Prevost, de 73 anos, ele ainda \u00e9 apenas seu \u201cirm\u00e3ozinho\u201d.<\/p>\n<p>Os dois se abra\u00e7aram e conversaram brevemente ap\u00f3s a missa inaugural na Bas\u00edlica de S\u00e3o Pedro, neste domingo (18).<\/p>\n<p>Lou disse \u00e0 Reuters que, ao saber da not\u00edcia do papado de seu irm\u00e3o, sentiu vontade de lhe dar um \u201ctoca aqui\u201d. No entanto, considerando que seu irm\u00e3o agora \u00e9 o papa, comentou que \u201ceu provavelmente tentaria me comportar um pouco\u201d.<\/p>\n<p>O irm\u00e3o do pont\u00edfice afirmou, ainda, que n\u00e3o planeja cham\u00e1-lo de \u201cSua Santidade\u201d t\u00e3o cedo. \u201cVou cham\u00e1-lo de Rob. Talvez eu tente abra\u00e7\u00e1-lo, e talvez eles desaprovem isso, n\u00e3o sei que tipo de bobagem eles fazem. Mas ele sempre ser\u00e1 Rob para mim.\u201d<\/p>\n<\/div>\n","protected":false},"excerpt":{"rendered":"<p>O Papa Le\u00e3o XIV, de 69 anos, pode ser o l\u00edder oficial da Igreja Cat\u00f3lica, mas para Louis \u201cLou\u201d Prevost, de 73&hellip;<\/p>\n","protected":false},"author":54,"featured_media":16976,"comment_status":"closed","ping_status":"closed","sticky":false,"template":"","format":"standard","meta":{"_lmt_disableupdate":"","_lmt_disable":"","footnotes":""},"categories":[2],"tags":[],"class_list":["post-16975","post","type-post","status-publish","format-standard","has-post-thumbnail","hentry","category-internacional"],"_links":{"self":[{"href":"https:\/\/csimaster.com\/noticia2025\/wp-json\/wp\/v2\/posts\/16975","targetHints":{"allow":["GET"]}}],"collection":[{"href":"https:\/\/csimaster.com\/noticia2025\/wp-json\/wp\/v2\/posts"}],"about":[{"href":"https:\/\/csimaster.com\/noticia2025\/wp-json\/wp\/v2\/types\/post"}],"author":[{"embeddable":true,"href":"https:\/\/csimaster.com\/noticia2025\/wp-json\/wp\/v2\/users\/54"}],"replies":[{"embeddable":true,"href":"https:\/\/csimaster.com\/noticia2025\/wp-json\/wp\/v2\/comments?post=16975"}],"version-history":[{"count":0,"href":"https:\/\/csimaster.com\/noticia2025\/wp-json\/wp\/v2\/posts\/16975\/revisions"}],"wp:featuredmedia":[{"embeddable":true,"href":"https:\/\/csimaster.com\/noticia2025\/wp-json\/wp\/v2\/media\/16976"}],"wp:attachment":[{"href":"https:\/\/csimaster.com\/noticia2025\/wp-json\/wp\/v2\/media?parent=16975"}],"wp:term":[{"taxonomy":"category","embeddable":true,"href":"https:\/\/csimaster.com\/noticia2025\/wp-json\/wp\/v2\/categories?post=16975"},{"taxonomy":"post_tag","embeddable":true,"href":"https:\/\/csimaster.com\/noticia2025\/wp-json\/wp\/v2\/tags?post=16975"}],"curies":[{"name":"wp","href":"https:\/\/api.w.org\/{rel}","templated":true}]}}