{"id":16405,"date":"2025-05-12T07:32:01","date_gmt":"2025-05-12T10:32:01","guid":{"rendered":"https:\/\/csimaster.com\/noticia2025\/apos-um-mes-cratera-reabre-na-marginal-tiete-em-sp\/"},"modified":"2025-05-12T07:32:05","modified_gmt":"2025-05-12T10:32:05","slug":"apos-um-mes-cratera-reabre-na-marginal-tiete-em-sp","status":"publish","type":"post","link":"https:\/\/csimaster.com\/noticia2025\/apos-um-mes-cratera-reabre-na-marginal-tiete-em-sp\/","title":{"rendered":"Ap\u00f3s um m\u00eas, cratera reabre na Marginal Tiet\u00ea, em SP"},"content":{"rendered":"<div>\n<p>Um m\u00eas depois, uma cratera foi reaberta na manh\u00e3 deste domingo (11) na pista central da Marginal Tiet\u00ea, em S\u00e3o Paulo, nas proximidades da sa\u00edda da Rodovia dos Bandeirantes.<\/p>\n<p>O buraco, localizado na lista sentido Castello Branco, fica no mesmo local onde um buraco j\u00e1 havia surgido no dia 10 de abril. O trecho foi interditado.<\/p>\n<p>Segundo a Companhia de Engenharia de Tr\u00e1fego (CET), h\u00e1 interdi\u00e7\u00e3o total da pista central da Marginal Tiet\u00ea no sentido Castelo Branco, na altura da sa\u00edda da Rodovia dos Bandeirantes, 300 metros antes da Ponte At\u00edlio Fontana.<\/p>\n<p>A Companhia de Saneamento B\u00e1sico do Estado de S\u00e3o Paulo (Sabesp) informou que foi acionada na madrugada deste domingo devido ao reaparecimento do solapamento. Equipes da companhia est\u00e3o atuando no local desde as 5h.<\/p>\n<p>Segundo a Sabesp, os trabalhos \u201cconcentram-se na an\u00e1lise detalhada da estrutura para dimensionar a extens\u00e3o da ocorr\u00eancia e definir, com seguran\u00e7a, as interven\u00e7\u00f5es necess\u00e1rias para o in\u00edcio das obras de reparo\u201d. \u201cA \u00e1rea foi prontamente isolada pelas autoridades competentes e, at\u00e9 o momento, n\u00e3o h\u00e1 registro de incidentes decorrentes da situa\u00e7\u00e3o\u201d, diz a companhia.<\/p>\n<p>A empresa diz que \u201csegue monitorando o local em conjunto com os \u00f3rg\u00e3os respons\u00e1veis e manter\u00e1 a popula\u00e7\u00e3o informada sobre o andamento das a\u00e7\u00f5es\u201d.<\/p>\n<h2>Orienta\u00e7\u00e3o da CET<\/h2>\n<p>A CET orienta que os motoristas com destino \u00e0 Rodovia Castelo Branco e Marginal Pinheiros podem utilizar a regi\u00e3o da Lapa, seguindo pela Ponte da Freguesia do \u00d3, Av. Ermano Marchetti, Rua Nossa Senhora da Lapa, Rua Pio XI, Av. Cerro Cor\u00e1, Av. Queiroz Filho e Ponte do Jaguar\u00e9.<\/p>\n<p>Segundo a CET, agentes da companhia auxiliam na fluidez do tr\u00e2nsito desde a Ponte Aricanduva, mas a recomenda\u00e7\u00e3o \u00e9 para evitar a marginal nesse trecho enquanto durarem as obras.<\/p>\n<p>\u201d A ocorr\u00eancia est\u00e1 sendo informada aos motoristas nos Pain\u00e9is de Mensagens Vari\u00e1veis (PMVs) dispostos no sentido Castelo Branco da Marginal Tiet\u00ea, desde os acessos \u00e0s principais rodovias. Al\u00e9m disso, PMVs nas avenidas Salim Farah Maluf e Aricanduva tamb\u00e9m alertam os motoristas de que h\u00e1 interfer\u00eancia na pista central\u201d, diz a CET.<\/p>\n<h3>Relembre o caso anterior<\/h3>\n<p>No dia 10 de abril, uma cratera foi aberta na pista central da Marginal Tiet\u00ea na mesma altura e no mesmo sentido da via, que ficou parcialmente interditada.<\/p>\n<section id=\"glc_12646240\">\n<div>\n<ul>\n<li>\n<div>\n<div>\n<\/p><\/div>\n<p><label for=\"lg_glc_12646240_5\">Trocar imagem<\/label><label for=\"lg_glc_12646240_2\">Trocar imagem<\/label> <\/p>\n<p> 1 de 5 <\/p>\n<\/p><\/div>\n<div>\n<p>Uma cratera profunda se abriu na pista central da Marginal Tiet\u00ea, no sentido Castello Branco, e causou a interdi\u00e7\u00e3o total da via na altura da sa\u00edda da Rodovia dos Bandeirantes, em S\u00e3o Paulo \u2022 <span>Reprodu\u00e7\u00e3o\/CNN<\/span><\/p>\n<\/p><\/div>\n<\/li>\n<li>\n<div>\n<div>\n<\/p><\/div>\n<p><label for=\"lg_glc_12646240_1\">Trocar imagem<\/label><label for=\"lg_glc_12646240_3\">Trocar imagem<\/label> <\/p>\n<p> 2 de 5 <\/p>\n<\/p><\/div>\n<div>\n<p>Obras para fechar a cratera na Marginal Tiet\u00ea, come\u00e7aram na quinta-feira (10) \u2022 <span>Reprodu\u00e7\u00e3o\/CNN<\/span><\/p>\n<\/p><\/div>\n<\/li>\n<li>\n<div>\n<div>\n<\/p><\/div>\n<p><label for=\"lg_glc_12646240_2\">Trocar imagem<\/label><label for=\"lg_glc_12646240_4\">Trocar imagem<\/label><label for=\"ad_lg_glc_12646240_3\">Trocar imagem<\/label> <\/p>\n<p> 3 de 5 <\/p>\n<\/p><\/div>\n<div>\n<p>A Companhia de Saneamento B\u00e1sico do Estado de S\u00e3o Paulo (Sabesp) informou, neste domingo (13), que as obras\u00a0<strong>para fechar uma cratera na marginal Tiet\u00ea<\/strong>\u00a0j\u00e1 est\u00e3o em fase de finaliza\u00e7\u00e3o. A obra tem previs\u00e3o de ser finalizada nesta segunda-feira (14). \u2022 <span>SBT<\/span><\/p>\n<\/p><\/div>\n<\/li>\n<li>\n<div>\n<p><label for=\"lg_glc_12646240_3\">Trocar imagem<\/label><label for=\"lg_glc_12646240_4\">Trocar imagem<\/label> <\/p>\n<\/p><\/div>\n<\/li>\n<li>\n<div>\n<div>\n<\/p><\/div>\n<p><label for=\"lg_glc_12646240_3\">Trocar imagem<\/label><label for=\"ad_lg_glc_12646240_3\">Trocar imagem<\/label><label for=\"lg_glc_12646240_5\">Trocar imagem<\/label> <\/p>\n<p> 4 de 5 <\/p>\n<\/p><\/div>\n<div>\n<p>O buraco surgiu em um trecho sob responsabilidade da concession\u00e1ria AutoBAn, a cerca de 400 metros antes da Ponte At\u00edlio Fontana, no acesso da pista local para a central. \u2022 <span>SBT<\/span><\/p>\n<\/p><\/div>\n<\/li>\n<li>\n<div>\n<div>\n<\/p><\/div>\n<p><label for=\"lg_glc_12646240_4\">Trocar imagem<\/label><label for=\"lg_glc_12646240_1\">Trocar imagem<\/label> <\/p>\n<p> 5 de 5 <\/p>\n<\/p><\/div>\n<div>\n<p>A Companhia de Engenharia de Tr\u00e1fego (CET) informou que os motoristas devem seguir pelas pistas local e expressa. \u2022 <span>SBT<\/span><\/p>\n<\/p><\/div>\n<\/li>\n<\/ul>\n<\/div>\n<p><label for=\"gallery__default_glc_12646240\">visualiza\u00e7\u00e3o default<\/label> <label for=\"gallery__full_glc_12646240\">visualiza\u00e7\u00e3o full<\/label> <label for=\"gallery__grid_glc_12646240\">visualiza\u00e7\u00e3o grid<\/label><\/p>\n<\/section>\n<p>O buraco surgiu a aproximadamente 400 metros da Ponte At\u00edlio Fontana, no acesso da pista local para a central.<\/p>\n<p>A pista foi liberada para o tr\u00e1fego na manh\u00e3 do dia 15 de abril, ap\u00f3s mais de quatro dias de interdi\u00e7\u00e3o.<\/p>\n<\/div>\n","protected":false},"excerpt":{"rendered":"<p>Um m\u00eas depois, uma cratera foi reaberta na manh\u00e3 deste domingo (11) na pista central da Marginal Tiet\u00ea, em S\u00e3o Paulo, nas&hellip;<\/p>\n","protected":false},"author":11,"featured_media":16406,"comment_status":"closed","ping_status":"closed","sticky":false,"template":"","format":"standard","meta":{"_lmt_disableupdate":"","_lmt_disable":"","footnotes":""},"categories":[5],"tags":[],"class_list":["post-16405","post","type-post","status-publish","format-standard","has-post-thumbnail","hentry","category-policia"],"_links":{"self":[{"href":"https:\/\/csimaster.com\/noticia2025\/wp-json\/wp\/v2\/posts\/16405","targetHints":{"allow":["GET"]}}],"collection":[{"href":"https:\/\/csimaster.com\/noticia2025\/wp-json\/wp\/v2\/posts"}],"about":[{"href":"https:\/\/csimaster.com\/noticia2025\/wp-json\/wp\/v2\/types\/post"}],"author":[{"embeddable":true,"href":"https:\/\/csimaster.com\/noticia2025\/wp-json\/wp\/v2\/users\/11"}],"replies":[{"embeddable":true,"href":"https:\/\/csimaster.com\/noticia2025\/wp-json\/wp\/v2\/comments?post=16405"}],"version-history":[{"count":0,"href":"https:\/\/csimaster.com\/noticia2025\/wp-json\/wp\/v2\/posts\/16405\/revisions"}],"wp:featuredmedia":[{"embeddable":true,"href":"https:\/\/csimaster.com\/noticia2025\/wp-json\/wp\/v2\/media\/16406"}],"wp:attachment":[{"href":"https:\/\/csimaster.com\/noticia2025\/wp-json\/wp\/v2\/media?parent=16405"}],"wp:term":[{"taxonomy":"category","embeddable":true,"href":"https:\/\/csimaster.com\/noticia2025\/wp-json\/wp\/v2\/categories?post=16405"},{"taxonomy":"post_tag","embeddable":true,"href":"https:\/\/csimaster.com\/noticia2025\/wp-json\/wp\/v2\/tags?post=16405"}],"curies":[{"name":"wp","href":"https:\/\/api.w.org\/{rel}","templated":true}]}}