{"id":16323,"date":"2025-05-11T07:32:19","date_gmt":"2025-05-11T10:32:19","guid":{"rendered":"https:\/\/csimaster.com\/noticia2025\/moraes-concede-prisao-domiciliar-a-roberto-jefferson\/"},"modified":"2025-05-11T07:32:24","modified_gmt":"2025-05-11T10:32:24","slug":"moraes-concede-prisao-domiciliar-a-roberto-jefferson","status":"publish","type":"post","link":"https:\/\/csimaster.com\/noticia2025\/moraes-concede-prisao-domiciliar-a-roberto-jefferson\/","title":{"rendered":"Moraes concede pris\u00e3o domiciliar a Roberto Jefferson"},"content":{"rendered":"<div>\n<p>O ministro <strong>Alexandre de Moraes<\/strong>, do <strong>Supremo Tribunal Federal (STF)<\/strong>, concedeu <strong>pris\u00e3o domiciliar<\/strong> ao ex-deputado federal <strong>Roberto Jefferson<\/strong>.<\/p>\n<p>Aos 71 anos, Jefferson est\u00e1 preso em <strong>regime fechado<\/strong> deste <strong>outubro de 2022<\/strong>. Por\u00e9m, desde <strong>junho de 2023<\/strong>, encontrava-se no <strong>Hospital Samaritano Botafogo<\/strong>, no Rio de Janeiro, devido a <strong>problemas de sa\u00fade<\/strong>.<\/p>\n<p>Na sexta-feira (9), a Procuradoria-Geral da Rep\u00fablica (PGR) havia se manifestado favoravelmente \u00e0 pris\u00e3o domiciliar humanit\u00e1ria a Jefferson, pedida pela defesa.<\/p>\n<p>O parecer da PGR baseou-se em\u00a0relat\u00f3rios m\u00e9dicos enviados pelo hospital, que descrevem um quadro cl\u00ednico de crises convulsivas, desnutri\u00e7\u00e3o cal\u00f3rico-proteica, poss\u00edvel foco de infec\u00e7\u00e3o em cavidade oral e s\u00edndrome depressiva grave.<\/p>\n<p>Al\u00e9m disso, os documentos apontam um hist\u00f3rico de uma s\u00e9rie de tipos de c\u00e2ncer: no p\u00e2ncreas, tireoide e c\u00f3lon; al\u00e9m de diabetes.<\/p>\n<p>A pris\u00e3o domiciliar foi concedida por Moraes com a condi\u00e7\u00e3o de que Jefferson cumpra as seguintes medidas restritivas:<\/p>\n<ul>\n<li>Uso de <strong>tornozeleira eletr\u00f4nica<\/strong>, a ser instalada assim que deixar o hospital<\/li>\n<li>Suspens\u00e3o de <strong>passaporte<\/strong> e proibi\u00e7\u00e3o de emiss\u00e3o de novo documento<\/li>\n<li>Proibi\u00e7\u00e3o de se <strong>ausentar do pa\u00eds<\/strong><\/li>\n<li>Proibi\u00e7\u00e3o de utilizar <strong>redes sociais<\/strong>, inclusive por meio de terceiros<\/li>\n<li>Proibi\u00e7\u00e3o de <strong>conceder entrevistas<\/strong> e ve\u00edculos jornal\u00edsticos, salvo se for autorizado pelo STF<\/li>\n<li>Proibi\u00e7\u00e3o de <strong>receber visitas<\/strong>, salvo de advogados e de pessoas autorizadas pelo STF<\/li>\n<\/ul>\n<h2>Em casa<\/h2>\n<p>Jefferson tamb\u00e9m tem que cumprir a pena em regime domiciliar exclusivamente em resid\u00eancia em Comendador Levy Gasparian, munic\u00edpio com menos de 10 mil habitantes no interior do Rio de Janeiro, a 160 km da capital, definiu Moraes.<\/p>\n<p>\u201cO descumprimento da pris\u00e3o domiciliar humanit\u00e1ria ou de qualquer uma das medidas alternativas implicar\u00e1 na reconvers\u00e3o da domiciliar humanit\u00e1ria em pris\u00e3o dentro de estabelecimento prisional\u201d, alertou o ministro relator do caso.<\/p>\n<p>Foi em Levy Gasparian que, em outubro 2022, Jefferson atirou com um fuzil contra viaturas e agentes da Pol\u00edcia Federal (PF) que cumpriam o mandado que o levaria de volta \u00e0 cadeia.<\/p>\n<p>Jefferson havia sido preso preventivamente em agosto de 2021, por ordem de Moraes, por ataques aos Poderes e ao processo eleitoral por meio de entrevistas e publica\u00e7\u00f5es nas redes sociais, inclusive com exibi\u00e7\u00e3o de armas e incita\u00e7\u00e3o a ataques a parlamentares.<\/p>\n<p>O ex-deputado foi, ent\u00e3o, encaminhado ao Complexo Prisional de Gericin\u00f3, em Bangu. Em janeiro de 2022, ap\u00f3s a defesa apresentar um relat\u00f3rio sobre a sa\u00fade de Jefferson, ele acabaria sendo encaminhado ao regime domiciliar.<\/p>\n<p>Roberto Jefferson, por\u00e9m, voltou ao regime fechado ap\u00f3s gravar um v\u00eddeo com ofensas \u00e0 ministra C\u00e1rmen L\u00facia, do STF. O v\u00eddeo foi publicado no perfil da tamb\u00e9m ex-deputada federal Cristiane Brasil, sua filha \u2014 o que descumpriria a medida restritiva de n\u00e3o utilizar redes sociais.<\/p>\n<h2>Processos<\/h2>\n<p>No final do ano passado, o plen\u00e1rio do Supremo terminaria por condenar Roberto Jefferson a nove anos, um m\u00eas e cinco dias de pris\u00e3o\u00a0por atentado ao exerc\u00edcio dos Poderes.<\/p>\n<p>Devido ao ataque a policiais, Jefferson tamb\u00e9m \u00e9 r\u00e9u em um processo na Justi\u00e7a Federal. Em abril, por\u00e9m, o Tribunal Regional Federal da 2\u00aa Regi\u00e3o (TRF-2) j\u00e1 havia lhe concedido o regime domiciliar \u2014 que ainda n\u00e3o podia ser cumprido devido ao processo no STF.<\/p>\n<\/div>\n","protected":false},"excerpt":{"rendered":"<p>O ministro Alexandre de Moraes, do Supremo Tribunal Federal (STF), concedeu pris\u00e3o domiciliar ao ex-deputado federal Roberto Jefferson. Aos 71 anos, Jefferson&hellip;<\/p>\n","protected":false},"author":71,"featured_media":16324,"comment_status":"closed","ping_status":"closed","sticky":false,"template":"","format":"standard","meta":{"_lmt_disableupdate":"","_lmt_disable":"","footnotes":""},"categories":[7],"tags":[],"class_list":["post-16323","post","type-post","status-publish","format-standard","has-post-thumbnail","hentry","category-politica"],"_links":{"self":[{"href":"https:\/\/csimaster.com\/noticia2025\/wp-json\/wp\/v2\/posts\/16323","targetHints":{"allow":["GET"]}}],"collection":[{"href":"https:\/\/csimaster.com\/noticia2025\/wp-json\/wp\/v2\/posts"}],"about":[{"href":"https:\/\/csimaster.com\/noticia2025\/wp-json\/wp\/v2\/types\/post"}],"author":[{"embeddable":true,"href":"https:\/\/csimaster.com\/noticia2025\/wp-json\/wp\/v2\/users\/71"}],"replies":[{"embeddable":true,"href":"https:\/\/csimaster.com\/noticia2025\/wp-json\/wp\/v2\/comments?post=16323"}],"version-history":[{"count":0,"href":"https:\/\/csimaster.com\/noticia2025\/wp-json\/wp\/v2\/posts\/16323\/revisions"}],"wp:featuredmedia":[{"embeddable":true,"href":"https:\/\/csimaster.com\/noticia2025\/wp-json\/wp\/v2\/media\/16324"}],"wp:attachment":[{"href":"https:\/\/csimaster.com\/noticia2025\/wp-json\/wp\/v2\/media?parent=16323"}],"wp:term":[{"taxonomy":"category","embeddable":true,"href":"https:\/\/csimaster.com\/noticia2025\/wp-json\/wp\/v2\/categories?post=16323"},{"taxonomy":"post_tag","embeddable":true,"href":"https:\/\/csimaster.com\/noticia2025\/wp-json\/wp\/v2\/tags?post=16323"}],"curies":[{"name":"wp","href":"https:\/\/api.w.org\/{rel}","templated":true}]}}