{"id":15887,"date":"2025-05-07T06:39:58","date_gmt":"2025-05-07T09:39:58","guid":{"rendered":"https:\/\/csimaster.com\/noticia2025\/paquistao-tem-direito-de-resposta-ao-ato-de-guerra-da-india-diz-premie\/"},"modified":"2025-05-07T06:40:08","modified_gmt":"2025-05-07T09:40:08","slug":"paquistao-tem-direito-de-resposta-ao-ato-de-guerra-da-india-diz-premie","status":"publish","type":"post","link":"https:\/\/csimaster.com\/noticia2025\/paquistao-tem-direito-de-resposta-ao-ato-de-guerra-da-india-diz-premie\/","title":{"rendered":"Paquist\u00e3o tem direito de resposta ao \u201cato de guerra\u201d da \u00cdndia, diz premi\u00ea"},"content":{"rendered":"<div> <main>  <\/p>\n<div>\n<p>O primeiro-ministro paquistan\u00eas,<strong> Muhammad Shehbaz Sharif<\/strong>, disse que o Paquist\u00e3o tem direito de resposta ao <strong>\u201cato de guerra\u201d da \u00cdndia, <\/strong>em uma refer\u00eancia \u00e0 ofensiva indiana desta quarta-feira (7), no hor\u00e1rio local, contra o pa\u00eds.<\/p>\n<p>\u201cTem todo o direito de dar uma resposta adequada a este ato de guerra imposto pela \u00cdndia <strong>e uma resposta adequada est\u00e1 sendo dada<\/strong>\u201d, afirmou.<\/p>\n<p>O gabinete do primeiro-ministro disse, em um comunicado, que a \u201cna\u00e7\u00e3o paquistanesa e as For\u00e7as Armadas do pa\u00eds <strong>sabem muito bem como lidar com o inimigo<\/strong>\u201d.<\/p>\n<p>\u201cO inimigo <strong>jamais<\/strong> ter\u00e1 sucesso em seus objetivos nefastos\u201d, continuou.<\/p>\n<p>Sharif convocou uma reuni\u00e3o com o Comit\u00ea de Seguran\u00e7a Nacional ap\u00f3s a opera\u00e7\u00e3o militar, de acordo com o Ministro Federal da Informa\u00e7\u00e3o.<\/p>\n<p>J\u00e1 o ministro da Defesa paquistan\u00eas, Khawaja Asif, disse \u00e0 Geo News que \u201ccivis foram mortos, incluindo mulheres e crian\u00e7as\u201d na opera\u00e7\u00e3o militar da \u00cdndia.<\/p>\n<p>\u201cA \u00cdndia afirma ter atacado campos terroristas; isso n\u00e3o \u00e9 verdade, a m\u00eddia internacional pode visitar os locais onde civis foram atacados\u201d, afirmou Asif em um comunicado.<\/p>\n<p>Na rede social X (antigo Twitter), Sharif destacou que \u201co inimigo trai\u00e7oeiro <strong>lan\u00e7ou um ataque covarde<\/strong> em cinco locais no Paquist\u00e3o\u201d.<\/p>\n<p>\u201cNossos pensamentos e ora\u00e7\u00f5es est\u00e3o com os bravos oficiais e soldados do Paquist\u00e3o\u201d, acrescentou.<\/p>\n<blockquote>\n<p dir=\"ltr\" lang=\"en\">The treacherous enemy has launched a cowardly attack on five locations within Pakistan. This heinous act of aggression will not go unpunished.<br \/>Pakistan reserves the absolute right to respond decisively to this unprovoked Indian attack \u2014 a resolute response is already underway.\u2026<\/p>\n<p>\u2014 Shehbaz Sharif (@CMShehbaz) May 6, 2025<\/p>\n<\/blockquote>\n<h2>\u00cdndia ataca Paquist\u00e3o<\/h2>\n<p>A \u00cdndia anunciou na manh\u00e3 desta quarta-feira (7), no hor\u00e1rio local, que lan\u00e7ou uma opera\u00e7\u00e3o militar contra o Paquist\u00e3o, atingindo \u201cinfraestruturas terroristas\u201d tanto no Paquist\u00e3o quanto na Caxemira ocupada pelo Paquist\u00e3o, em uma grande escalada de tens\u00f5es entre os dois pa\u00edses vizinhos.<\/p>\n<p>Fontes militares paquistanesas informaram \u00e0\u00a0<strong>CNN<\/strong>\u00a0que cinco locais foram atingidos em Kotli, Ahmadpur Leste, Muzaffarabad, Bagh e Muridke.<\/p>\n<p>De acordo com a avalia\u00e7\u00e3o preliminar dos danos, <strong>apenas paquistaneses civis foram afetados pelos ataques<\/strong>, disseram as fontes.<\/p>\n<p>Entenda melhor a ofensiva nesta mat\u00e9ria.\u00a0<\/p>\n<p><em>*Com informa\u00e7\u00f5es da Sophia Saifi, Hira Humayun e Tori B. Powell, da CNN<\/em><\/p>\n<\/div>\n<p>   <\/main>  <\/div>\n","protected":false},"excerpt":{"rendered":"<p>O primeiro-ministro paquistan\u00eas, Muhammad Shehbaz Sharif, disse que o Paquist\u00e3o tem direito de resposta ao \u201cato de guerra\u201d da \u00cdndia, em uma&hellip;<\/p>\n","protected":false},"author":9,"featured_media":15888,"comment_status":"closed","ping_status":"closed","sticky":false,"template":"","format":"standard","meta":{"_lmt_disableupdate":"","_lmt_disable":"","footnotes":""},"categories":[2],"tags":[],"class_list":["post-15887","post","type-post","status-publish","format-standard","has-post-thumbnail","hentry","category-internacional"],"_links":{"self":[{"href":"https:\/\/csimaster.com\/noticia2025\/wp-json\/wp\/v2\/posts\/15887","targetHints":{"allow":["GET"]}}],"collection":[{"href":"https:\/\/csimaster.com\/noticia2025\/wp-json\/wp\/v2\/posts"}],"about":[{"href":"https:\/\/csimaster.com\/noticia2025\/wp-json\/wp\/v2\/types\/post"}],"author":[{"embeddable":true,"href":"https:\/\/csimaster.com\/noticia2025\/wp-json\/wp\/v2\/users\/9"}],"replies":[{"embeddable":true,"href":"https:\/\/csimaster.com\/noticia2025\/wp-json\/wp\/v2\/comments?post=15887"}],"version-history":[{"count":0,"href":"https:\/\/csimaster.com\/noticia2025\/wp-json\/wp\/v2\/posts\/15887\/revisions"}],"wp:featuredmedia":[{"embeddable":true,"href":"https:\/\/csimaster.com\/noticia2025\/wp-json\/wp\/v2\/media\/15888"}],"wp:attachment":[{"href":"https:\/\/csimaster.com\/noticia2025\/wp-json\/wp\/v2\/media?parent=15887"}],"wp:term":[{"taxonomy":"category","embeddable":true,"href":"https:\/\/csimaster.com\/noticia2025\/wp-json\/wp\/v2\/categories?post=15887"},{"taxonomy":"post_tag","embeddable":true,"href":"https:\/\/csimaster.com\/noticia2025\/wp-json\/wp\/v2\/tags?post=15887"}],"curies":[{"name":"wp","href":"https:\/\/api.w.org\/{rel}","templated":true}]}}