{"id":15680,"date":"2025-05-05T06:30:54","date_gmt":"2025-05-05T09:30:54","guid":{"rendered":"https:\/\/csimaster.com\/noticia2025\/garota-do-momento-clarice-e-amordacada-dopada-e-internada\/"},"modified":"2025-05-05T06:30:56","modified_gmt":"2025-05-05T09:30:56","slug":"garota-do-momento-clarice-e-amordacada-dopada-e-internada","status":"publish","type":"post","link":"https:\/\/csimaster.com\/noticia2025\/garota-do-momento-clarice-e-amordacada-dopada-e-internada\/","title":{"rendered":"\u201cGarota do Momento\u201d: Clarice \u00e9 amorda\u00e7ada, dopada e internada"},"content":{"rendered":"<div> <main>  <\/p>\n<section>\n<figure>    <\/figure>\n<\/section>\n<div>\n<p>A semana em <strong>\u201cGarota do Momento\u201d<\/strong> promete uma s\u00e9rie de viradas dram\u00e1ticas. Faltando pouco para finalmente desmascarar <strong>Juliano<\/strong> (Fabio Assun\u00e7\u00e3o), Clarice ser\u00e1 amorda\u00e7ada em casa pelo empres\u00e1rio e ex-marido, que a impedir\u00e1 de deixar a mans\u00e3o.<\/p>\n<p>N\u00e3o satisfeita com a situa\u00e7\u00e3o da ex-nora, <strong>Maristela<\/strong> (Lilia Cabral) ir\u00e1 dop\u00e1-la, antes de lev\u00e1-la para uma cl\u00ednica psiqui\u00e1trica, acusando-a de instabilidade mental. A ideia \u00e9 que a m\u00e3e de<strong> Beatriz<\/strong> (Duda Santos) n\u00e3o volte a comentar sobre a morte de Val\u00e9ria (J\u00falia Stockler).<\/p>\n<p>Ap\u00f3s descobrir a interna\u00e7\u00e3o da pr\u00f3pria m\u00e3e, Beatriz contar\u00e1 com a ajuda de Greg\u00f3rio (Rocco Pitanga) para se infiltrar no hospital. Quando finalmente se encontrarem, as duas dar\u00e3o in\u00edcio a fuga.<\/p>\n<h2>Leia o resumo da semana de 05 a 10\/05<\/h2>\n<h3>Segunda-feira (05\/05)<\/h3>\n<p>Clarice revela a Beto e Beatriz que foi Juliano quem tirou a vida de Val\u00e9ria. Beatriz convence Clarice a deixar a mans\u00e3o dos Alencar. Beto se casa com Bia no hospital. Ronaldo conhece Camila. Clarice agradece o apoio de Greg\u00f3rio na recupera\u00e7\u00e3o de sua mem\u00f3ria. Jacira convida Alfonso para ir a sua casa. Clarice afirma a Z\u00e9lia que se mudar\u00e1 para a pens\u00e3o de Iolanda. Celeste sofre com o preconceito das amigas ao descobrirem sua gravidez. Alfonso se encanta com Teresa. Juliano descobre que Bia se mudar\u00e1 para a casa de Beto.<\/p>\n<h3>Ter\u00e7a-feira (06\/05)<\/h3>\n<p>Juliano impede Clarice de deixar a mans\u00e3o e a amorda\u00e7a. Beatriz tem um mau pressentimento com sua m\u00e3e. Maristela decide internar Clarice com a ajuda de Pimenta. Beatriz pede ajuda a Beto e Bas\u00edlio para descobrir o que houve com sua m\u00e3e. Raimundo desconfia de Camila. Alfredo sente ci\u00fames de Alfonso. Bia se muda para a casa de Beto. Pimenta dopa Clarice.<\/p>\n<h3>Quarta-feira (07\/05)<\/h3>\n<p>Beatriz e Bas\u00edlio invadem a mans\u00e3o \u00e0 procura de Clarice. Z\u00e9lia garante a Teresa que descobrir\u00e1 o paradeiro de Clarice. Maristela se irrita quando Bia garante que ficar\u00e1 na casa de Beto. Astrid confronta Z\u00e9lia sobre a perman\u00eancia de Celeste na Magnifique. L\u00edgia defende Celeste de Z\u00e9lia. Beatriz e Teresa pedem ajuda a Greg\u00f3rio para resgatar Clarice. L\u00edgia conhece Camila. Bia se entristece com o comportamento de Beto. Greg\u00f3rio manipula Pimenta e entra no quarto de Clarice.<\/p>\n<h3>Quinta-feira (08\/05)<\/h3>\n<p>Greg\u00f3rio pede que Clarice tenha paci\u00eancia para deixar a cl\u00ednica. Celeste teme ir \u00e0 escola e sofrer retalia\u00e7\u00f5es. Maristela tenta disfar\u00e7ar para Miranda a presen\u00e7a e Bas\u00edlio em sua casa. Beatriz, Beto, Greg\u00f3rio e Teresa pensam em como resgatar Clarice. Alfredo tenta descobrir os pontos fracos de Alfonso. Z\u00e9lia tenta vender as joias de Clarice. Bas\u00edlio arma para que a sociedade saiba detalhes de seu casamento com Maristela. Eug\u00eania e Bia defendem Celeste dos ataques das amigas. Juliano e Maristela descobrem que Geraldo est\u00e1 vivo. Greg\u00f3rio consegue infiltrar Beatriz na cl\u00ednica psiqui\u00e1trica onde Clarice est\u00e1 internada.<\/p>\n<h3>Sexta-feira (09\/05)<\/h3>\n<p>Beatriz engana Pimenta e invade o quarto de Clarice. Maristela faz uma alian\u00e7a com Geraldo. Maristela se desespera ao ser recha\u00e7ada por suas amigas. Camila afirma a Ronaldo que deseja apenas se divertir. Raimundo prop\u00f5e que Celeste e Edu se casem em cerim\u00f4nia religiosa. Geraldo desaparece. Jacira pede que Alfonso se afaste de Teresa. Bia sente ci\u00fames de Ronaldo com Camila. Beatriz prepara-se para tirar Clarice da cl\u00ednica psiqui\u00e1trica.<\/p>\n<h3>S\u00e1bado (10\/05)<\/h3>\n<p>Greg\u00f3rio consegue tirar Clarice da cl\u00ednica. Maristela amea\u00e7a Miranda e suas demais amigas da alta sociedade. Bia arma contra Camila, por ci\u00fames de Ronaldo. Alfonso confessa a Alfredo que \u00e9 seu irm\u00e3o. Na casa de Teresa, Clarice se preocupa com a situa\u00e7\u00e3o de Beatriz. Bas\u00edlio e Beto preparam-se para resgatar Beatriz da cl\u00ednica. Vera e L\u00edgia arrumam Celeste para seu casamento com Edu. Nelson observa de longe a cerim\u00f4nia de Edu e Celeste. Juliano procura Clarice.<\/p>\n<h2>E mais \u2013 conhe\u00e7a o elenco de \u201cGarota do Momento\u201d<\/h2>\n<section id=\"glc_11068098\">\n<div>\n<ul>\n<li>\n<div>\n<div>\n<\/p><\/div>\n<p><label for=\"lg_glc_11068098_34\">Trocar imagem<\/label><label for=\"lg_glc_11068098_2\">Trocar imagem<\/label> <\/p>\n<p> 1 de 34 <\/p>\n<\/p><\/div>\n<div>\n<p>Duda Santos \u00e9 a protagonista Beatriz em &#8220;Garota do Momento&#8221; \u2022 <span>Globo\/ Beatriz Damy<\/span><\/p>\n<\/p><\/div>\n<\/li>\n<li>\n<div>\n<div>\n<\/p><\/div>\n<p><label for=\"lg_glc_11068098_1\">Trocar imagem<\/label><label for=\"lg_glc_11068098_3\">Trocar imagem<\/label> <\/p>\n<p> 2 de 34 <\/p>\n<\/p><\/div>\n<div>\n<p>Carol Castro \u00e9 Clarice em &#8220;Garota do Momento&#8221; \u2022 <span>Globo\/ Beatriz Damy<\/span><\/p>\n<\/p><\/div>\n<\/li>\n<li>\n<div>\n<div>\n<\/p><\/div>\n<p><label for=\"lg_glc_11068098_2\">Trocar imagem<\/label><label for=\"lg_glc_11068098_4\">Trocar imagem<\/label><label for=\"ad_lg_glc_11068098_3\">Trocar imagem<\/label> <\/p>\n<p> 3 de 34 <\/p>\n<\/p><\/div>\n<div>\n<p>Solange Couto vive Carmem em &#8220;Garota do Momento&#8221; \u2022 <span>Globo\/ Beatriz Damy<\/span><\/p>\n<\/p><\/div>\n<\/li>\n<li>\n<div>\n<p><label for=\"lg_glc_11068098_3\">Trocar imagem<\/label><label for=\"lg_glc_11068098_4\">Trocar imagem<\/label> <\/p>\n<\/p><\/div>\n<\/li>\n<li>\n<div>\n<div>\n<\/p><\/div>\n<p><label for=\"lg_glc_11068098_3\">Trocar imagem<\/label><label for=\"ad_lg_glc_11068098_3\">Trocar imagem<\/label><label for=\"lg_glc_11068098_5\">Trocar imagem<\/label> <\/p>\n<p> 4 de 34 <\/p>\n<\/p><\/div>\n<div>\n<p>Cau\u00ea Campos interpreta Bas\u00edlio em &#8220;Garota do Momento&#8221; \u2022 <span>Globo\/ Beatriz Damy<\/span><\/p>\n<\/p><\/div>\n<\/li>\n<li>\n<div>\n<div>\n<\/p><\/div>\n<p><label for=\"lg_glc_11068098_4\">Trocar imagem<\/label><label for=\"lg_glc_11068098_6\">Trocar imagem<\/label> <\/p>\n<p> 5 de 34 <\/p>\n<\/p><\/div>\n<div>\n<p>Maisa \u00e9 a vil\u00e3 Bia em &#8220;Garota do Momento&#8221; \u2022 <span>Globo\/Beatriz Damy<\/span><\/p>\n<\/p><\/div>\n<\/li>\n<li>\n<div>\n<div>\n<\/p><\/div>\n<p><label for=\"lg_glc_11068098_5\">Trocar imagem<\/label><label for=\"lg_glc_11068098_7\">Trocar imagem<\/label><label for=\"ad_lg_glc_11068098_6\">Trocar imagem<\/label> <\/p>\n<p> 6 de 34 <\/p>\n<\/p><\/div>\n<div>\n<p>F\u00e1bio Assun\u00e7\u00e3o interpreta Juliano em &#8220;Garota do Momento&#8221; \u2022 <span>Globo\/ F\u00e1bio Rocha<\/span><\/p>\n<\/p><\/div>\n<\/li>\n<li>\n<div>\n<p><label for=\"lg_glc_11068098_6\">Trocar imagem<\/label><label for=\"lg_glc_11068098_7\">Trocar imagem<\/label> <\/p>\n<\/p><\/div>\n<\/li>\n<li>\n<div>\n<div>\n<\/p><\/div>\n<p><label for=\"lg_glc_11068098_6\">Trocar imagem<\/label><label for=\"ad_lg_glc_11068098_6\">Trocar imagem<\/label><label for=\"lg_glc_11068098_8\">Trocar imagem<\/label> <\/p>\n<p> 7 de 34 <\/p>\n<\/p><\/div>\n<div>\n<p>Lilia Cabral \u00e9 Maristela em &#8220;Garota do Momento&#8221; \u2022 <span>Globo\/ Beatriz Damy<\/span><\/p>\n<\/p><\/div>\n<\/li>\n<li>\n<div>\n<div>\n<\/p><\/div>\n<p><label for=\"lg_glc_11068098_7\">Trocar imagem<\/label><label for=\"lg_glc_11068098_9\">Trocar imagem<\/label> <\/p>\n<p> 8 de 34 <\/p>\n<\/p><\/div>\n<div>\n<p>Let\u00edcia Colin \u00e9 Zelia em &#8220;Garota do Momento&#8221; \u2022 <span>Globo\/ Beatriz Damy<\/span><\/p>\n<\/p><\/div>\n<\/li>\n<li>\n<div>\n<div>\n<\/p><\/div>\n<p><label for=\"lg_glc_11068098_8\">Trocar imagem<\/label><label for=\"lg_glc_11068098_10\">Trocar imagem<\/label><label for=\"ad_lg_glc_11068098_9\">Trocar imagem<\/label> <\/p>\n<p> 9 de 34 <\/p>\n<\/p><\/div>\n<div>\n<p>Philipp Lavra \u00e9 Orlando Gabriel Milane vive Topete\/Luiz Cl\u00e1udio em &#8220;Garota do Momento&#8221; \u2022 <span>Globo \/ Helena Barreto<\/span><\/p>\n<\/p><\/div>\n<\/li>\n<li>\n<div>\n<p><label for=\"lg_glc_11068098_9\">Trocar imagem<\/label><label for=\"lg_glc_11068098_10\">Trocar imagem<\/label> <\/p>\n<\/p><\/div>\n<\/li>\n<li>\n<div>\n<div>\n<\/p><\/div>\n<p><label for=\"lg_glc_11068098_9\">Trocar imagem<\/label><label for=\"ad_lg_glc_11068098_9\">Trocar imagem<\/label><label for=\"lg_glc_11068098_11\">Trocar imagem<\/label> <\/p>\n<p> 10 de 34 <\/p>\n<\/p><\/div>\n<div>\n<p>Gabriel Milane vive Topete\/Luiz Cl\u00e1udio em &#8220;Garota do Momento&#8221; \u2022 <span>Globo\/ Beatriz Damy<\/span><\/p>\n<\/p><\/div>\n<\/li>\n<li>\n<div>\n<div>\n<\/p><\/div>\n<p><label for=\"lg_glc_11068098_10\">Trocar imagem<\/label><label for=\"lg_glc_11068098_12\">Trocar imagem<\/label> <\/p>\n<p> 11 de 34 <\/p>\n<\/p><\/div>\n<div>\n<p>Pedro Novaes interpreta Beto Gabriel Milane vive Topete\/Luiz Cl\u00e1udio em &#8220;Garota do Momento&#8221; \u2022 <span>Globo\/ F\u00e1bio Rocha<\/span><\/p>\n<\/p><\/div>\n<\/li>\n<li>\n<div>\n<div>\n<\/p><\/div>\n<p><label for=\"lg_glc_11068098_11\">Trocar imagem<\/label><label for=\"lg_glc_11068098_13\">Trocar imagem<\/label><label for=\"ad_lg_glc_11068098_12\">Trocar imagem<\/label> <\/p>\n<p> 12 de 34 <\/p>\n<\/p><\/div>\n<div>\n<p>Palomma Duarte \u00e9 L\u00edgia em &#8220;Garota do Momento&#8221; \u2022 <span>Globo\/ Beatriz Damy<\/span><\/p>\n<\/p><\/div>\n<\/li>\n<li>\n<div>\n<p><label for=\"lg_glc_11068098_12\">Trocar imagem<\/label><label for=\"lg_glc_11068098_13\">Trocar imagem<\/label> <\/p>\n<\/p><\/div>\n<\/li>\n<li>\n<div>\n<div>\n<\/p><\/div>\n<p><label for=\"lg_glc_11068098_12\">Trocar imagem<\/label><label for=\"ad_lg_glc_11068098_12\">Trocar imagem<\/label><label for=\"lg_glc_11068098_14\">Trocar imagem<\/label> <\/p>\n<p> 13 de 34 <\/p>\n<\/p><\/div>\n<div>\n<p>Danton Mello interpreta Raimundo em &#8220;Garota do Momento&#8221; \u2022 <span>Globo\/ Beatriz Damy<\/span><\/p>\n<\/p><\/div>\n<\/li>\n<li>\n<div>\n<div>\n<\/p><\/div>\n<p><label for=\"lg_glc_11068098_13\">Trocar imagem<\/label><label for=\"lg_glc_11068098_15\">Trocar imagem<\/label> <\/p>\n<p> 14 de 34 <\/p>\n<\/p><\/div>\n<div>\n<p>Debora Oz\u00f3rio vive Celeste Gabriel Milane vive Topete\/Luiz Cl\u00e1udio em &#8220;Garota do Momento&#8221; \u2022 <span>Globo \/ Helena Barreto<\/span><\/p>\n<\/p><\/div>\n<\/li>\n<li>\n<div>\n<div>\n<\/p><\/div>\n<p><label for=\"lg_glc_11068098_14\">Trocar imagem<\/label><label for=\"lg_glc_11068098_16\">Trocar imagem<\/label><label for=\"ad_lg_glc_11068098_15\">Trocar imagem<\/label> <\/p>\n<p> 15 de 34 <\/p>\n<\/p><\/div>\n<div>\n<p>Jo\u00e3o Vitor Silva interpreta Ronaldo em &#8220;Garota do Momento&#8221; \u2022 <span>Globo \/ Helena Barreto<\/span><\/p>\n<\/p><\/div>\n<\/li>\n<li>\n<div>\n<p><label for=\"lg_glc_11068098_15\">Trocar imagem<\/label><label for=\"lg_glc_11068098_16\">Trocar imagem<\/label> <\/p>\n<\/p><\/div>\n<\/li>\n<li>\n<div>\n<div>\n<\/p><\/div>\n<p><label for=\"lg_glc_11068098_15\">Trocar imagem<\/label><label for=\"ad_lg_glc_11068098_15\">Trocar imagem<\/label><label for=\"lg_glc_11068098_17\">Trocar imagem<\/label> <\/p>\n<p> 16 de 34 <\/p>\n<\/p><\/div>\n<div>\n<p>Jo\u00e3o Vithor Oliveira vive Mauro em &#8220;Garota do Momento&#8221; \u2022 <span>Globo \/ Helena Barreto<\/span><\/p>\n<\/p><\/div>\n<\/li>\n<li>\n<div>\n<div>\n<\/p><\/div>\n<p><label for=\"lg_glc_11068098_16\">Trocar imagem<\/label><label for=\"lg_glc_11068098_18\">Trocar imagem<\/label> <\/p>\n<p> 17 de 34 <\/p>\n<\/p><\/div>\n<div>\n<p>Tatiana Tiburcio \u00e9 Vera em &#8220;Garota do Momento&#8221; \u2022 <span>Globo\/ F\u00e1bio Rocha<\/span><\/p>\n<\/p><\/div>\n<\/li>\n<li>\n<div>\n<div>\n<\/p><\/div>\n<p><label for=\"lg_glc_11068098_17\">Trocar imagem<\/label><label for=\"lg_glc_11068098_19\">Trocar imagem<\/label><label for=\"ad_lg_glc_11068098_18\">Trocar imagem<\/label> <\/p>\n<p> 18 de 34 <\/p>\n<\/p><\/div>\n<div>\n<p>Cridemar Aquino \u00e9 Sebasti\u00e3o em &#8220;Garota do Momento&#8221; \u2022 <span>Globo\/ F\u00e1bio Rocha<\/span><\/p>\n<\/p><\/div>\n<\/li>\n<li>\n<div>\n<p><label for=\"lg_glc_11068098_18\">Trocar imagem<\/label><label for=\"lg_glc_11068098_19\">Trocar imagem<\/label> <\/p>\n<\/p><\/div>\n<\/li>\n<li>\n<div>\n<div>\n<\/p><\/div>\n<p><label for=\"lg_glc_11068098_18\">Trocar imagem<\/label><label for=\"ad_lg_glc_11068098_18\">Trocar imagem<\/label><label for=\"lg_glc_11068098_20\">Trocar imagem<\/label> <\/p>\n<p> 19 de 34 <\/p>\n<\/p><\/div>\n<div>\n<p>\u00cdcaro Silva \u00e9 Ulisses Gabriel Milane vive Topete\/Luiz Cl\u00e1udio em &#8220;Garota do Momento&#8221; \u2022 <span>Globo \/ Helena Barreto<\/span><\/p>\n<\/p><\/div>\n<\/li>\n<li>\n<div>\n<div>\n<\/p><\/div>\n<p><label for=\"lg_glc_11068098_19\">Trocar imagem<\/label><label for=\"lg_glc_11068098_21\">Trocar imagem<\/label> <\/p>\n<p> 20 de 34 <\/p>\n<\/p><\/div>\n<div>\n<p>Maria Flor vive Anita em &#8220;Garota do Momento&#8221; \u2022 <span>Globo\/ F\u00e1bio Rocha<\/span><\/p>\n<\/p><\/div>\n<\/li>\n<li>\n<div>\n<div>\n<\/p><\/div>\n<p><label for=\"lg_glc_11068098_20\">Trocar imagem<\/label><label for=\"lg_glc_11068098_22\">Trocar imagem<\/label><label for=\"ad_lg_glc_11068098_21\">Trocar imagem<\/label> <\/p>\n<p> 21 de 34 <\/p>\n<\/p><\/div>\n<div>\n<p>Felipe Abib vive Nelson em &#8220;Garota do Momento&#8221; \u2022 <span>Globo\/ Manoella Mello<\/span><\/p>\n<\/p><\/div>\n<\/li>\n<li>\n<div>\n<p><label for=\"lg_glc_11068098_21\">Trocar imagem<\/label><label for=\"lg_glc_11068098_22\">Trocar imagem<\/label> <\/p>\n<\/p><\/div>\n<\/li>\n<li>\n<div>\n<div>\n<\/p><\/div>\n<p><label for=\"lg_glc_11068098_21\">Trocar imagem<\/label><label for=\"ad_lg_glc_11068098_21\">Trocar imagem<\/label><label for=\"lg_glc_11068098_23\">Trocar imagem<\/label> <\/p>\n<p> 22 de 34 <\/p>\n<\/p><\/div>\n<div>\n<p>Pedro Goifman \u00e9 Guto em &#8220;Garota do Momento&#8221; \u2022 <span>Globo\/ Beatriz Damy<\/span><\/p>\n<\/p><\/div>\n<\/li>\n<li>\n<div>\n<div>\n<\/p><\/div>\n<p><label for=\"lg_glc_11068098_22\">Trocar imagem<\/label><label for=\"lg_glc_11068098_24\">Trocar imagem<\/label> <\/p>\n<p> 23 de 34 <\/p>\n<\/p><\/div>\n<div>\n<p>Eduardo Sterblitch \u00e9 Alfredo Hon\u00f3rio em &#8220;Garota do Momento&#8221; \u2022 <span>Globo\/ F\u00e1bio Rocha<\/span><\/p>\n<\/p><\/div>\n<\/li>\n<li>\n<div>\n<div>\n<\/p><\/div>\n<p><label for=\"lg_glc_11068098_23\">Trocar imagem<\/label><label for=\"lg_glc_11068098_25\">Trocar imagem<\/label><label for=\"ad_lg_glc_11068098_24\">Trocar imagem<\/label> <\/p>\n<p> 24 de 34 <\/p>\n<\/p><\/div>\n<div>\n<p>Maria Eduarda de Carvalho interpreta Teresa em &#8220;Garota do Momento&#8221; \u2022 <span>Globo\/ F\u00e1bio Rocha<\/span><\/p>\n<\/p><\/div>\n<\/li>\n<li>\n<div>\n<p><label for=\"lg_glc_11068098_24\">Trocar imagem<\/label><label for=\"lg_glc_11068098_25\">Trocar imagem<\/label> <\/p>\n<\/p><\/div>\n<\/li>\n<li>\n<div>\n<div>\n<\/p><\/div>\n<p><label for=\"lg_glc_11068098_24\">Trocar imagem<\/label><label for=\"ad_lg_glc_11068098_24\">Trocar imagem<\/label><label for=\"lg_glc_11068098_26\">Trocar imagem<\/label> <\/p>\n<p> 25 de 34 <\/p>\n<\/p><\/div>\n<div>\n<p>Klara Castanho vive Eug\u00eania em &#8220;Garota do Momento&#8221; \u2022 <span>Globo\/ Beatriz Damy<\/span><\/p>\n<\/p><\/div>\n<\/li>\n<li>\n<div>\n<div>\n<\/p><\/div>\n<p><label for=\"lg_glc_11068098_25\">Trocar imagem<\/label><label for=\"lg_glc_11068098_27\">Trocar imagem<\/label> <\/p>\n<p> 26 de 34 <\/p>\n<\/p><\/div>\n<div>\n<p>Fl\u00e1via Reis \u00e9 Jacira em &#8220;Garota do Momento&#8221; \u2022 <span>Globo\/ F\u00e1bio Rocha<\/span><\/p>\n<\/p><\/div>\n<\/li>\n<li>\n<div>\n<div>\n<\/p><\/div>\n<p><label for=\"lg_glc_11068098_26\">Trocar imagem<\/label><label for=\"lg_glc_11068098_28\">Trocar imagem<\/label><label for=\"ad_lg_glc_11068098_27\">Trocar imagem<\/label> <\/p>\n<p> 27 de 34 <\/p>\n<\/p><\/div>\n<div>\n<p>Sergio Kauffmann vive Sergio em &#8220;Garota do Momento&#8221; \u2022 <span>Globo\/ F\u00e1bio Rocha<\/span><\/p>\n<\/p><\/div>\n<\/li>\n<li>\n<div>\n<p><label for=\"lg_glc_11068098_27\">Trocar imagem<\/label><label for=\"lg_glc_11068098_28\">Trocar imagem<\/label> <\/p>\n<\/p><\/div>\n<\/li>\n<li>\n<div>\n<div>\n<\/p><\/div>\n<p><label for=\"lg_glc_11068098_27\">Trocar imagem<\/label><label for=\"ad_lg_glc_11068098_27\">Trocar imagem<\/label><label for=\"lg_glc_11068098_29\">Trocar imagem<\/label> <\/p>\n<p> 28 de 34 <\/p>\n<\/p><\/div>\n<div>\n<p>Carla Cristina Cardoso \u00e9 Iolanda Gabriel Milane vive Topete\/Luiz Cl\u00e1udio em &#8220;Garota do Momento&#8221; \u2022 <span>Globo \/ Helena Barreto<\/span><\/p>\n<\/p><\/div>\n<\/li>\n<li>\n<div>\n<div>\n<\/p><\/div>\n<p><label for=\"lg_glc_11068098_28\">Trocar imagem<\/label><label for=\"lg_glc_11068098_30\">Trocar imagem<\/label> <\/p>\n<p> 29 de 34 <\/p>\n<\/p><\/div>\n<div>\n<p>Rebeca Carvalho vive Ana Maria em &#8220;Garota do Momento&#8221; \u2022 <span>Globo\/ F\u00e1bio Rocha<\/span><\/p>\n<\/p><\/div>\n<\/li>\n<li>\n<div>\n<div>\n<\/p><\/div>\n<p><label for=\"lg_glc_11068098_29\">Trocar imagem<\/label><label for=\"lg_glc_11068098_31\">Trocar imagem<\/label><label for=\"ad_lg_glc_11068098_30\">Trocar imagem<\/label> <\/p>\n<p> 30 de 34 <\/p>\n<\/p><\/div>\n<div>\n<p>Mariana Sena vive Glorinha em &#8220;Garota do Momento&#8221; \u2022 <span>Globo\/ F\u00e1bio Rocha<\/span><\/p>\n<\/p><\/div>\n<\/li>\n<li>\n<div>\n<p><label for=\"lg_glc_11068098_30\">Trocar imagem<\/label><label for=\"lg_glc_11068098_31\">Trocar imagem<\/label> <\/p>\n<\/p><\/div>\n<\/li>\n<li>\n<div>\n<div>\n<\/p><\/div>\n<p><label for=\"lg_glc_11068098_30\">Trocar imagem<\/label><label for=\"ad_lg_glc_11068098_30\">Trocar imagem<\/label><label for=\"lg_glc_11068098_32\">Trocar imagem<\/label> <\/p>\n<p> 31 de 34 <\/p>\n<\/p><\/div>\n<div>\n<p>Bete Mendes \u00e9 Arlete em &#8220;Garota do Momento&#8221; \u2022 <span>Globo\/ F\u00e1bio Rocha<\/span><\/p>\n<\/p><\/div>\n<\/li>\n<li>\n<div>\n<div>\n<\/p><\/div>\n<p><label for=\"lg_glc_11068098_31\">Trocar imagem<\/label><label for=\"lg_glc_11068098_33\">Trocar imagem<\/label> <\/p>\n<p> 32 de 34 <\/p>\n<\/p><\/div>\n<div>\n<p>Ana Flavia Cavalcante vive Marlene em &#8220;Garota do Momento&#8221; \u2022 <span>Globo\/ Beatriz Damy<\/span><\/p>\n<\/p><\/div>\n<\/li>\n<li>\n<div>\n<div>\n<\/p><\/div>\n<p><label for=\"lg_glc_11068098_32\">Trocar imagem<\/label><label for=\"lg_glc_11068098_34\">Trocar imagem<\/label><label for=\"ad_lg_glc_11068098_33\">Trocar imagem<\/label> <\/p>\n<p> 33 de 34 <\/p>\n<\/p><\/div>\n<div>\n<p>Mariah da Penha \u00e9 Aparecida em &#8220;Garota do Momento&#8221; \u2022 <span>Globo\/ Beatriz Damy<\/span><\/p>\n<\/p><\/div>\n<\/li>\n<li>\n<div>\n<p><label for=\"lg_glc_11068098_33\">Trocar imagem<\/label><label for=\"lg_glc_11068098_34\">Trocar imagem<\/label> <\/p>\n<\/p><\/div>\n<\/li>\n<li>\n<div>\n<div>\n<\/p><\/div>\n<p><label for=\"lg_glc_11068098_33\">Trocar imagem<\/label><label for=\"ad_lg_glc_11068098_33\">Trocar imagem<\/label><label for=\"lg_glc_11068098_1\">Trocar imagem<\/label> <\/p>\n<p> 34 de 34 <\/p>\n<\/p><\/div>\n<div>\n<p>Arlinda Di Baio \u00e9 Concei\u00e7\u00e3o em &#8220;Garota do Momento&#8221; \u2022 <span>Globo\/ Beatriz Damy<\/span><\/p>\n<\/p><\/div>\n<\/li>\n<\/ul>\n<\/div>\n<p><label for=\"gallery__default_glc_11068098\">visualiza\u00e7\u00e3o default<\/label> <label for=\"gallery__full_glc_11068098\">visualiza\u00e7\u00e3o full<\/label> <label for=\"gallery__grid_glc_11068098\">visualiza\u00e7\u00e3o grid<\/label><\/p>\n<\/section>\n<blockquote data-secret=\"PtLed7qUBo\">\n<p>Nepo baby, gal\u00e3 de \u201cGarota do Momento\u201d e mais: conhe\u00e7a Pedro Novaes<\/p>\n<\/blockquote>\n<\/div>\n<section>\n<h2>Acompanhe Entretenimento nas Redes Sociais<\/h2>\n<\/section>\n<p>   <\/main>  <\/div>\n","protected":false},"excerpt":{"rendered":"<p>A semana em \u201cGarota do Momento\u201d promete uma s\u00e9rie de viradas dram\u00e1ticas. Faltando pouco para finalmente desmascarar Juliano (Fabio Assun\u00e7\u00e3o), Clarice ser\u00e1&hellip;<\/p>\n","protected":false},"author":99,"featured_media":15681,"comment_status":"closed","ping_status":"closed","sticky":false,"template":"","format":"standard","meta":{"_lmt_disableupdate":"","_lmt_disable":"","footnotes":""},"categories":[18],"tags":[],"class_list":["post-15680","post","type-post","status-publish","format-standard","has-post-thumbnail","hentry","category-regiao"],"_links":{"self":[{"href":"https:\/\/csimaster.com\/noticia2025\/wp-json\/wp\/v2\/posts\/15680","targetHints":{"allow":["GET"]}}],"collection":[{"href":"https:\/\/csimaster.com\/noticia2025\/wp-json\/wp\/v2\/posts"}],"about":[{"href":"https:\/\/csimaster.com\/noticia2025\/wp-json\/wp\/v2\/types\/post"}],"author":[{"embeddable":true,"href":"https:\/\/csimaster.com\/noticia2025\/wp-json\/wp\/v2\/users\/99"}],"replies":[{"embeddable":true,"href":"https:\/\/csimaster.com\/noticia2025\/wp-json\/wp\/v2\/comments?post=15680"}],"version-history":[{"count":0,"href":"https:\/\/csimaster.com\/noticia2025\/wp-json\/wp\/v2\/posts\/15680\/revisions"}],"wp:featuredmedia":[{"embeddable":true,"href":"https:\/\/csimaster.com\/noticia2025\/wp-json\/wp\/v2\/media\/15681"}],"wp:attachment":[{"href":"https:\/\/csimaster.com\/noticia2025\/wp-json\/wp\/v2\/media?parent=15680"}],"wp:term":[{"taxonomy":"category","embeddable":true,"href":"https:\/\/csimaster.com\/noticia2025\/wp-json\/wp\/v2\/categories?post=15680"},{"taxonomy":"post_tag","embeddable":true,"href":"https:\/\/csimaster.com\/noticia2025\/wp-json\/wp\/v2\/tags?post=15680"}],"curies":[{"name":"wp","href":"https:\/\/api.w.org\/{rel}","templated":true}]}}