{"id":15662,"date":"2025-05-04T06:33:03","date_gmt":"2025-05-04T09:33:03","guid":{"rendered":"https:\/\/csimaster.com\/noticia2025\/srag-conheca-doenca-que-causou-emergencia-em-mg-e-em-florianopolis\/"},"modified":"2025-05-04T06:33:10","modified_gmt":"2025-05-04T09:33:10","slug":"srag-conheca-doenca-que-causou-emergencia-em-mg-e-em-florianopolis","status":"publish","type":"post","link":"https:\/\/csimaster.com\/noticia2025\/srag-conheca-doenca-que-causou-emergencia-em-mg-e-em-florianopolis\/","title":{"rendered":"SRAG: conhe\u00e7a doen\u00e7a que causou emerg\u00eancia em MG e em Florian\u00f3polis"},"content":{"rendered":"<div>\n<p>O estado de <strong>Minas Gerais<\/strong> e a cidade de <strong>Florian\u00f3polis<\/strong>, em Santa Catarina, decretaram situa\u00e7\u00e3o de emerg\u00eancia p\u00fablica devido ao aumento de casos de S\u00edndrome Respirat\u00f3ria Aguda Grave (<strong>SRAG<\/strong>). <strong>Mas o que \u00e9 a doen\u00e7a?\u00a0<\/strong><\/p>\n<p>A Diretoria de Vigil\u00e2ncia Epidemiol\u00f3gica (DIVE) do governo de Santa Catarina diz que a condi\u00e7\u00e3o \u201cabrange casos de S\u00edndrome Gripal que evoluem com comprometimento da fun\u00e7\u00e3o respirat\u00f3ria\u201d.<\/p>\n<p>O quadro pode ser causado por v\u00edrus, como influenza e coronav\u00edrus, bact\u00e9rias e at\u00e9 fungos que atingem os pulm\u00f5es.<\/p>\n<p>Entre os sintomas, os pacientes com SRAG podem apresentar <strong>febre<\/strong> (temperatura corporal maior ou igual a 37,8\u00baC), <strong>dificuldade ou desconforto para respirar<\/strong>, <strong>diminui\u00e7\u00e3o<\/strong> da oxigena\u00e7\u00e3o sangu\u00ednea, sensa\u00e7\u00e3o de <strong>peso no peito<\/strong> e rosto ou l\u00e1bios arroxeados, conforme informa\u00e7\u00f5es da Secretaria de Estado de Sa\u00fade de Minas Gerais. Crian\u00e7as tamb\u00e9m podem ter falta de ar, desidrata\u00e7\u00e3o e diminui\u00e7\u00e3o do apetite.<\/p>\n<p>Al\u00e9m de geralmente aparecer junto a uma pneumonia, a doen\u00e7a pode lesionar os alv\u00e9olos \u2014 onde h\u00e1 troca gasosa nos pulm\u00f5es.<\/p>\n<p>O<strong> tratamento<\/strong> pode envolver a suplementa\u00e7\u00e3o de oxig\u00eanio e fisioterapia respirat\u00f3ria, segundo o Hospital Albert Einstein. Apesar de ser um procedimento muitas vezes suficiente para a melhora da maioria dos pacientes, alguns precisam passar por intuba\u00e7\u00e3o.<\/p>\n<p><strong>E quais s\u00e3o as medidas preventivas da SRAG?<\/strong> Ainda conforme o hospital, o ideal para evitar a doen\u00e7a \u00e9 ter a vacina\u00e7\u00e3o em dia contra agentes respirat\u00f3rios que podem agravar quadros respirat\u00f3rios.<\/p>\n<p>A campanha de vacina\u00e7\u00e3o contra a gripe, inclusive, come\u00e7ou em abril. A imuniza\u00e7\u00e3o \u00e9 a principal forma de prevenir a infec\u00e7\u00e3o pelo v\u00edrus influenza e as\u00a0suas complica\u00e7\u00f5es, reduzindo o risco de interna\u00e7\u00f5es e de morte.<\/p>\n<h2>Minas Gerais e Florian\u00f3polis<\/h2>\n<p>O Governo de Minas Gerais e o prefeito de Florian\u00f3polis, Top\u00e1zio Silveira Neto, decretaram emerg\u00eancia em sa\u00fade p\u00fablica devido ao aumento dos casos de SRAG nas regi\u00f5es.<\/p>\n<p>Segundo a prefeitura da capital catarinense, indicadores epidemiol\u00f3gicos revelam aumento expressivo nos \u00edndices de interna\u00e7\u00f5es em leitos de unidades de terapia intensiva (UTIs) neonatal, pedi\u00e1trica e de adultos.<\/p>\n<p>At\u00e9 o \u00faltimo dia 24 de abril, em Minas Gerais, o n\u00famero de interna\u00e7\u00f5es por SRAG chegou a 26.817, enquanto 397 mortes foram registradas, apenas em 2025.<\/p>\n<blockquote data-secret=\"CD46yHYZvj\">\n<p>Influenza A: o que \u00e9, sintomas e riscos<\/p>\n<\/blockquote>\n<p><em>*Com informa\u00e7\u00f5es de Fernanda PalharesHelena Barra, da CNN, e de Vitor Abdala, rep\u00f3rter da Ag\u00eancia Brasil<\/em><\/p>\n<\/div>\n","protected":false},"excerpt":{"rendered":"<p>O estado de Minas Gerais e a cidade de Florian\u00f3polis, em Santa Catarina, decretaram situa\u00e7\u00e3o de emerg\u00eancia p\u00fablica devido ao aumento de&hellip;<\/p>\n","protected":false},"author":67,"featured_media":15663,"comment_status":"closed","ping_status":"closed","sticky":false,"template":"","format":"standard","meta":{"_lmt_disableupdate":"","_lmt_disable":"","footnotes":""},"categories":[3],"tags":[],"class_list":["post-15662","post","type-post","status-publish","format-standard","has-post-thumbnail","hentry","category-saude"],"_links":{"self":[{"href":"https:\/\/csimaster.com\/noticia2025\/wp-json\/wp\/v2\/posts\/15662","targetHints":{"allow":["GET"]}}],"collection":[{"href":"https:\/\/csimaster.com\/noticia2025\/wp-json\/wp\/v2\/posts"}],"about":[{"href":"https:\/\/csimaster.com\/noticia2025\/wp-json\/wp\/v2\/types\/post"}],"author":[{"embeddable":true,"href":"https:\/\/csimaster.com\/noticia2025\/wp-json\/wp\/v2\/users\/67"}],"replies":[{"embeddable":true,"href":"https:\/\/csimaster.com\/noticia2025\/wp-json\/wp\/v2\/comments?post=15662"}],"version-history":[{"count":0,"href":"https:\/\/csimaster.com\/noticia2025\/wp-json\/wp\/v2\/posts\/15662\/revisions"}],"wp:featuredmedia":[{"embeddable":true,"href":"https:\/\/csimaster.com\/noticia2025\/wp-json\/wp\/v2\/media\/15663"}],"wp:attachment":[{"href":"https:\/\/csimaster.com\/noticia2025\/wp-json\/wp\/v2\/media?parent=15662"}],"wp:term":[{"taxonomy":"category","embeddable":true,"href":"https:\/\/csimaster.com\/noticia2025\/wp-json\/wp\/v2\/categories?post=15662"},{"taxonomy":"post_tag","embeddable":true,"href":"https:\/\/csimaster.com\/noticia2025\/wp-json\/wp\/v2\/tags?post=15662"}],"curies":[{"name":"wp","href":"https:\/\/api.w.org\/{rel}","templated":true}]}}