{"id":14345,"date":"2025-04-21T00:32:09","date_gmt":"2025-04-21T03:32:09","guid":{"rendered":"https:\/\/csimaster.com\/noticia2025\/papa-francisco-cumprimenta-multidao-em-papamovel-na-pascoa\/"},"modified":"2025-04-21T00:32:13","modified_gmt":"2025-04-21T03:32:13","slug":"papa-francisco-cumprimenta-multidao-em-papamovel-na-pascoa","status":"publish","type":"post","link":"https:\/\/csimaster.com\/noticia2025\/papa-francisco-cumprimenta-multidao-em-papamovel-na-pascoa\/","title":{"rendered":"Papa Francisco cumprimenta multid\u00e3o em papam\u00f3vel na P\u00e1scoa"},"content":{"rendered":"<div>\n<p>O Papa Francisco entrou na Pra\u00e7a de S\u00e3o Pedro neste domingo (20) em um papam\u00f3vel aberto pela primeira vez desde que sobreviveu a uma pneumonia bilateral, saudando milhares de cat\u00f3licos ap\u00f3s a celebra\u00e7\u00e3o da Missa de P\u00e1scoa no Vaticano.<\/p>\n<p>O papa de 88 anos sentou-se em uma cadeira elevada na parte de tr\u00e1s do ve\u00edculo branco, enquanto as pessoas se alinhavam nos corredores da pra\u00e7a.<\/p>\n<p>Muitos fi\u00e9is seguravam bandeiras nacionais e gritando \u201cViva o Papa!\u201d (Vida longa ao Papa!).<\/p>\n<p>O papam\u00f3vel parou brevemente em v\u00e1rios pontos da pra\u00e7a, decorada com flores coloridas para a P\u00e1scoa, enquanto assessores papais traziam crian\u00e7as da multid\u00e3o para que Francisco as aben\u00e7oasse.<\/p>\n<p>O pont\u00edfice gesticulou com as m\u00e3os, mas apenas as levantou levemente.<\/p>\n<p>Francisco, que tem limitado sua carga de trabalho por ordem m\u00e9dica, n\u00e3o presidiu a Missa de P\u00e1scoa no Vaticano, mas compareceu ao final do evento para uma b\u00ean\u00e7\u00e3o e mensagem semestrais conhecidas como \u201cUrbi et Orbi\u201d (\u00e0 cidade e ao mundo).<\/p>\n<\/div>\n","protected":false},"excerpt":{"rendered":"<p>O Papa Francisco entrou na Pra\u00e7a de S\u00e3o Pedro neste domingo (20) em um papam\u00f3vel aberto pela primeira vez desde que sobreviveu&hellip;<\/p>\n","protected":false},"author":110,"featured_media":14346,"comment_status":"closed","ping_status":"closed","sticky":false,"template":"","format":"standard","meta":{"_lmt_disableupdate":"","_lmt_disable":"","footnotes":""},"categories":[2],"tags":[],"class_list":["post-14345","post","type-post","status-publish","format-standard","has-post-thumbnail","hentry","category-internacional"],"_links":{"self":[{"href":"https:\/\/csimaster.com\/noticia2025\/wp-json\/wp\/v2\/posts\/14345","targetHints":{"allow":["GET"]}}],"collection":[{"href":"https:\/\/csimaster.com\/noticia2025\/wp-json\/wp\/v2\/posts"}],"about":[{"href":"https:\/\/csimaster.com\/noticia2025\/wp-json\/wp\/v2\/types\/post"}],"author":[{"embeddable":true,"href":"https:\/\/csimaster.com\/noticia2025\/wp-json\/wp\/v2\/users\/110"}],"replies":[{"embeddable":true,"href":"https:\/\/csimaster.com\/noticia2025\/wp-json\/wp\/v2\/comments?post=14345"}],"version-history":[{"count":0,"href":"https:\/\/csimaster.com\/noticia2025\/wp-json\/wp\/v2\/posts\/14345\/revisions"}],"wp:featuredmedia":[{"embeddable":true,"href":"https:\/\/csimaster.com\/noticia2025\/wp-json\/wp\/v2\/media\/14346"}],"wp:attachment":[{"href":"https:\/\/csimaster.com\/noticia2025\/wp-json\/wp\/v2\/media?parent=14345"}],"wp:term":[{"taxonomy":"category","embeddable":true,"href":"https:\/\/csimaster.com\/noticia2025\/wp-json\/wp\/v2\/categories?post=14345"},{"taxonomy":"post_tag","embeddable":true,"href":"https:\/\/csimaster.com\/noticia2025\/wp-json\/wp\/v2\/tags?post=14345"}],"curies":[{"name":"wp","href":"https:\/\/api.w.org\/{rel}","templated":true}]}}